{"d":{"__metadata":{"id":"https://ws.parlament.ch/OData.svc/Subject(ID=20543L,Language='DE')","uri":"https://ws.parlament.ch/OData.svc/Subject(ID=20543L,Language='DE')","type":"itsystems.Pd.DataServices.DataModel.Subject"},"Meetings":{"__metadata":{"id":"https://ws.parlament.ch/OData.svc/Meeting(ID=1404L,Language='DE')","uri":"https://ws.parlament.ch/OData.svc/Meeting(ID=1404L,Language='DE')","type":"itsystems.Pd.DataServices.DataModel.Meeting"},"Sessions":{"__deferred":{"uri":"https://ws.parlament.ch/OData.svc/Meeting(ID=1404L,Language='DE')/Sessions"}},"Subjects":{"__deferred":{"uri":"https://ws.parlament.ch/OData.svc/Meeting(ID=1404L,Language='DE')/Subjects"}},"ID":"1404","Language":"DE","MeetingNumber":11,"IdSession":4905,"SessionNumber":5,"SessionName":"Herbstsession 2012","Council":1,"CouncilName":"Nationalrat","CouncilAbbreviation":"NR","Date":"\/Date(1348444800000)\/","Begin":"1430","Modified":"\/Date(1447070218330)\/","LegislativePeriodNumber":49,"PublicationStatus":"final","MeetingOrderText":"Elfte Sitzung","SortOrder":11,"Location":"N"},"SubjectsBusiness":{"results":[{"__metadata":{"id":"https://ws.parlament.ch/OData.svc/SubjectBusiness(BusinessNumber=20120038,IdSubject=20543L,Language='DE')","uri":"https://ws.parlament.ch/OData.svc/SubjectBusiness(BusinessNumber=20120038,IdSubject=20543L,Language='DE')","type":"itsystems.Pd.DataServices.DataModel.SubjectBusiness"},"Subjects":{"__deferred":{"uri":"https://ws.parlament.ch/OData.svc/SubjectBusiness(BusinessNumber=20120038,IdSubject=20543L,Language='DE')/Subjects"}},"Businesses":{"__deferred":{"uri":"https://ws.parlament.ch/OData.svc/SubjectBusiness(BusinessNumber=20120038,IdSubject=20543L,Language='DE')/Businesses"}},"IdSubject":"20543","BusinessNumber":20120038,"Language":"DE","BusinessShortNumber":"12.038","Title":"Finanzierung der schweizerischen Eisenbahninfrastruktur (SBB und Privatbahnen) f\u00fcr die Jahre 2013-2016","SortOrder":1,"PublishedNotes":"Fortsetzung - Suite\n","Modified":"\/Date(1447069533700)\/","TitleDE":"Finanzierung der schweizerischen\nEisenbahninfrastruktur\n(SBB und Privatbahnen)\nf\u00fcr die Jahre 2013-2016","TitleFR":"Financement de l'infrastructure\nferroviaire suisse\n(CFF et chemins de fer priv\u00e9s)\npour les ann\u00e9es 2013-2016","TitleIT":null}]},"Transcripts":{"results":[{"__metadata":{"id":"https://ws.parlament.ch/OData.svc/Transcript(ID=126570L,Language='DE')","uri":"https://ws.parlament.ch/OData.svc/Transcript(ID=126570L,Language='DE')","type":"itsystems.Pd.DataServices.DataModel.Transcript"},"Subjects":{"__deferred":{"uri":"https://ws.parlament.ch/OData.svc/Transcript(ID=126570L,Language='DE')/Subjects"}},"MembersCouncil":{"__deferred":{"uri":"https://ws.parlament.ch/OData.svc/Transcript(ID=126570L,Language='DE')/MembersCouncil"}},"Businesses":{"__deferred":{"uri":"https://ws.parlament.ch/OData.svc/Transcript(ID=126570L,Language='DE')/Businesses"}},"ID":"126570","Language":"DE","IdSubject":"20543","VoteId":"8098","PersonNumber":null,"Type":2,"Text":"<pd_text><p><i>Gesamtabstimmung - Vote sur l'ensemble</i></p>\n<p>[NAM]</p>\n<p>F\u00fcr Annahme des Entwurfes ... 172 Stimmen</p>\n<p>(Einstimmigkeit)</p>\n</pd_text>","MeetingCouncilAbbreviation":"N","MeetingDate":"20120924","MeetingVerbalixOid":2228,"IdSession":"4905","SpeakerFirstName":null,"SpeakerLastName":null,"SpeakerFullName":"","SpeakerFunction":null,"CouncilId":null,"CouncilName":null,"CantonId":null,"CantonName":null,"CantonAbbreviation":null,"ParlGroupName":null,"ParlGroupAbbreviation":null,"SortOrder":9,"Start":null,"End":null,"Function":null,"DisplaySpeaker":null,"LanguageOfText":"DE","Modified":"\/Date(1774877619580)\/","StartTimeWithTimezone":null,"EndTimeWithTimezone":null,"VoteBusinessNumber":20120038,"VoteBusinessShortNumber":"12.038","VoteBusinessTitle":"Finanzierung der schweizerischen\nEisenbahninfrastruktur\n(SBB und Privatbahnen)\nf\u00fcr die Jahre 2013-2016"},{"__metadata":{"id":"https://ws.parlament.ch/OData.svc/Transcript(ID=126571L,Language='DE')","uri":"https://ws.parlament.ch/OData.svc/Transcript(ID=126571L,Language='DE')","type":"itsystems.Pd.DataServices.DataModel.Transcript"},"Subjects":{"__deferred":{"uri":"https://ws.parlament.ch/OData.svc/Transcript(ID=126571L,Language='DE')/Subjects"}},"MembersCouncil":{"__deferred":{"uri":"https://ws.parlament.ch/OData.svc/Transcript(ID=126571L,Language='DE')/MembersCouncil"}},"Businesses":{"__deferred":{"uri":"https://ws.parlament.ch/OData.svc/Transcript(ID=126571L,Language='DE')/Businesses"}},"ID":"126571","Language":"DE","IdSubject":"20543","VoteId":"8097","PersonNumber":null,"Type":2,"Text":"<pd_text><p><i>Art. 1</i></p>\n<p>[VS]</p>\n<p><i>Ausgabenbremse - Frein aux d\u00e9penses</i></p>\n<p>[VS]</p>\n<p><i>Abstimmung - Vote</i></p>\n<p>[NAM]</p>\n<p>F\u00fcr Annahme der Ausgabe ... 174 Stimmen</p>\n<p>(Einstimmigkeit)</p>\n<p>[VS]</p>\n<p><i>Das qualifizierte Mehr ist erreicht</i></p>\n<p><i>La majorit\u00e9 qualifi\u00e9e est acquise</i></p>\n</pd_text>","MeetingCouncilAbbreviation":"N","MeetingDate":"20120924","MeetingVerbalixOid":2228,"IdSession":"4905","SpeakerFirstName":null,"SpeakerLastName":null,"SpeakerFullName":"","SpeakerFunction":null,"CouncilId":null,"CouncilName":null,"CantonId":null,"CantonName":null,"CantonAbbreviation":null,"ParlGroupName":null,"ParlGroupAbbreviation":null,"SortOrder":8,"Start":null,"End":null,"Function":null,"DisplaySpeaker":null,"LanguageOfText":"DE","Modified":"\/Date(1774877619577)\/","StartTimeWithTimezone":null,"EndTimeWithTimezone":null,"VoteBusinessNumber":20120038,"VoteBusinessShortNumber":"12.038","VoteBusinessTitle":"Finanzierung der schweizerischen\nEisenbahninfrastruktur\n(SBB und Privatbahnen)\nf\u00fcr die Jahre 2013-2016"},{"__metadata":{"id":"https://ws.parlament.ch/OData.svc/Transcript(ID=126572L,Language='DE')","uri":"https://ws.parlament.ch/OData.svc/Transcript(ID=126572L,Language='DE')","type":"itsystems.Pd.DataServices.DataModel.Transcript"},"Subjects":{"__deferred":{"uri":"https://ws.parlament.ch/OData.svc/Transcript(ID=126572L,Language='DE')/Subjects"}},"MembersCouncil":{"__deferred":{"uri":"https://ws.parlament.ch/OData.svc/Transcript(ID=126572L,Language='DE')/MembersCouncil"}},"Businesses":{"__deferred":{"uri":"https://ws.parlament.ch/OData.svc/Transcript(ID=126572L,Language='DE')/Businesses"}},"ID":"126572","Language":"DE","IdSubject":"20543","VoteId":null,"PersonNumber":null,"Type":3,"Text":"<pd_text><p><b>3. Bundesbeschluss \u00fcber den Verpflichtungskredit f\u00fcr die Finanzierung der Eisenbahninfrastruktur der schweizerischen Privatbahnen f\u00fcr die Jahre 2013-2016 </b></p>\n<p><b>3. Arr\u00eat\u00e9 f\u00e9d\u00e9ral portant allocation d'un cr\u00e9dit d'engagement destin\u00e9 au financement de l'infrastructure des chemins de fer priv\u00e9s suisses pour les ann\u00e9es 2013-2016 </b></p>\n<p>[VS]</p>\n<p><i>Detailberatung - Discussion par article</i></p>\n<p>[VS]</p>\n<p><b>Titel und Ingress, Art. 1, 2</b></p>\n<p><i>Antrag der Kommission</i></p>\n<p>Zustimmung zum Beschluss des St\u00e4nderates</p>\n<p>[VS]</p>\n<p><b>Titre et pr\u00e9ambule, art. 1, 2</b></p>\n<p><i>Proposition de la commission</i></p>\n<p>Adh\u00e9rer \u00e0 la d\u00e9cision du Conseil des Etats</p>\n<p>[VS]</p>\n<p><i>Angenommen - Adopt\u00e9</i></p>\n</pd_text>","MeetingCouncilAbbreviation":"N","MeetingDate":"20120924","MeetingVerbalixOid":2228,"IdSession":"4905","SpeakerFirstName":null,"SpeakerLastName":null,"SpeakerFullName":"","SpeakerFunction":null,"CouncilId":null,"CouncilName":null,"CantonId":null,"CantonName":null,"CantonAbbreviation":null,"ParlGroupName":null,"ParlGroupAbbreviation":null,"SortOrder":7,"Start":null,"End":null,"Function":null,"DisplaySpeaker":null,"LanguageOfText":"DE","Modified":"\/Date(1774877619575)\/","StartTimeWithTimezone":null,"EndTimeWithTimezone":null,"VoteBusinessNumber":null,"VoteBusinessShortNumber":null,"VoteBusinessTitle":null},{"__metadata":{"id":"https://ws.parlament.ch/OData.svc/Transcript(ID=126573L,Language='DE')","uri":"https://ws.parlament.ch/OData.svc/Transcript(ID=126573L,Language='DE')","type":"itsystems.Pd.DataServices.DataModel.Transcript"},"Subjects":{"__deferred":{"uri":"https://ws.parlament.ch/OData.svc/Transcript(ID=126573L,Language='DE')/Subjects"}},"MembersCouncil":{"__deferred":{"uri":"https://ws.parlament.ch/OData.svc/Transcript(ID=126573L,Language='DE')/MembersCouncil"}},"Businesses":{"__deferred":{"uri":"https://ws.parlament.ch/OData.svc/Transcript(ID=126573L,Language='DE')/Businesses"}},"ID":"126573","Language":"DE","IdSubject":"20543","VoteId":"8096","PersonNumber":null,"Type":2,"Text":"<pd_text><p><i>Gesamtabstimmung - Vote sur l'ensemble</i></p>\n<p>[NAM]</p>\n<p>F\u00fcr Annahme des Entwurfes ... 174 Stimmen</p>\n<p>(Einstimmigkeit)</p>\n<p>[VS]</p>\n</pd_text>","MeetingCouncilAbbreviation":"N","MeetingDate":"20120924","MeetingVerbalixOid":2228,"IdSession":"4905","SpeakerFirstName":null,"SpeakerLastName":null,"SpeakerFullName":"","SpeakerFunction":null,"CouncilId":null,"CouncilName":null,"CantonId":null,"CantonName":null,"CantonAbbreviation":null,"ParlGroupName":null,"ParlGroupAbbreviation":null,"SortOrder":6,"Start":null,"End":null,"Function":null,"DisplaySpeaker":null,"LanguageOfText":"DE","Modified":"\/Date(1774877619573)\/","StartTimeWithTimezone":null,"EndTimeWithTimezone":null,"VoteBusinessNumber":20120038,"VoteBusinessShortNumber":"12.038","VoteBusinessTitle":"Finanzierung der schweizerischen\nEisenbahninfrastruktur\n(SBB und Privatbahnen)\nf\u00fcr die Jahre 2013-2016"},{"__metadata":{"id":"https://ws.parlament.ch/OData.svc/Transcript(ID=126574L,Language='DE')","uri":"https://ws.parlament.ch/OData.svc/Transcript(ID=126574L,Language='DE')","type":"itsystems.Pd.DataServices.DataModel.Transcript"},"Subjects":{"__deferred":{"uri":"https://ws.parlament.ch/OData.svc/Transcript(ID=126574L,Language='DE')/Subjects"}},"MembersCouncil":{"__deferred":{"uri":"https://ws.parlament.ch/OData.svc/Transcript(ID=126574L,Language='DE')/MembersCouncil"}},"Businesses":{"__deferred":{"uri":"https://ws.parlament.ch/OData.svc/Transcript(ID=126574L,Language='DE')/Businesses"}},"ID":"126574","Language":"DE","IdSubject":"20543","VoteId":"8095","PersonNumber":null,"Type":2,"Text":"<pd_text><p><i>Art. 1</i></p>\n<p>[VS]</p>\n<p><i>Ausgabenbremse - Frein aux d\u00e9penses</i></p>\n<p>[VS]</p>\n<p><i>Abstimmung - Vote</i></p>\n<p>[NAM]</p>\n<p>F\u00fcr Annahme der Ausgabe ... 175 Stimmen</p>\n<p>(Einstimmigkeit)</p>\n<p>[VS]</p>\n<p><i>Das qualifizierte Mehr ist erreicht</i></p>\n<p><i>La majorit\u00e9 qualifi\u00e9e est acquise</i></p>\n</pd_text>","MeetingCouncilAbbreviation":"N","MeetingDate":"20120924","MeetingVerbalixOid":2228,"IdSession":"4905","SpeakerFirstName":null,"SpeakerLastName":null,"SpeakerFullName":"","SpeakerFunction":null,"CouncilId":null,"CouncilName":null,"CantonId":null,"CantonName":null,"CantonAbbreviation":null,"ParlGroupName":null,"ParlGroupAbbreviation":null,"SortOrder":5,"Start":null,"End":null,"Function":null,"DisplaySpeaker":null,"LanguageOfText":"DE","Modified":"\/Date(1774877619571)\/","StartTimeWithTimezone":null,"EndTimeWithTimezone":null,"VoteBusinessNumber":20120038,"VoteBusinessShortNumber":"12.038","VoteBusinessTitle":"Finanzierung der schweizerischen\nEisenbahninfrastruktur\n(SBB und Privatbahnen)\nf\u00fcr die Jahre 2013-2016"},{"__metadata":{"id":"https://ws.parlament.ch/OData.svc/Transcript(ID=126575L,Language='DE')","uri":"https://ws.parlament.ch/OData.svc/Transcript(ID=126575L,Language='DE')","type":"itsystems.Pd.DataServices.DataModel.Transcript"},"Subjects":{"__deferred":{"uri":"https://ws.parlament.ch/OData.svc/Transcript(ID=126575L,Language='DE')/Subjects"}},"MembersCouncil":{"__deferred":{"uri":"https://ws.parlament.ch/OData.svc/Transcript(ID=126575L,Language='DE')/MembersCouncil"}},"Businesses":{"__deferred":{"uri":"https://ws.parlament.ch/OData.svc/Transcript(ID=126575L,Language='DE')/Businesses"}},"ID":"126575","Language":"DE","IdSubject":"20543","VoteId":null,"PersonNumber":null,"Type":3,"Text":"<pd_text><p><b>2. Bundesbeschluss \u00fcber den Zahlungsrahmen f\u00fcr die Finanzierung der Eisenbahninfrastruktur der SBB f\u00fcr die Jahre 2013-2016 [PAGE 1607] </b></p>\n<p><b>2. Arr\u00eat\u00e9 f\u00e9d\u00e9ral portant allocation d'un plafond de d\u00e9penses destin\u00e9 au financement de l'infrastructure des CFF pour les ann\u00e9es 2013-2016 </b></p>\n<p>[VS]</p>\n<p><i>Detailberatung - Discussion par article</i></p>\n<p>[VS]</p>\n<p><b>Titel und Ingress, Art. 1, 2</b></p>\n<p><i>Antrag der Kommission</i></p>\n<p>Zustimmung zum Beschluss des St\u00e4nderates</p>\n<p>[VS]</p>\n<p><b>Titre et pr\u00e9ambule, art. 1, 2</b></p>\n<p><i>Proposition de la commission</i></p>\n<p>Adh\u00e9rer \u00e0 la d\u00e9cision du Conseil des Etats</p>\n<p>[VS]</p>\n<p><i>Angenommen - Adopt\u00e9</i></p>\n</pd_text>","MeetingCouncilAbbreviation":"N","MeetingDate":"20120924","MeetingVerbalixOid":2228,"IdSession":"4905","SpeakerFirstName":null,"SpeakerLastName":null,"SpeakerFullName":"","SpeakerFunction":null,"CouncilId":null,"CouncilName":null,"CantonId":null,"CantonName":null,"CantonAbbreviation":null,"ParlGroupName":null,"ParlGroupAbbreviation":null,"SortOrder":4,"Start":null,"End":null,"Function":null,"DisplaySpeaker":null,"LanguageOfText":"DE","Modified":"\/Date(1774877619569)\/","StartTimeWithTimezone":null,"EndTimeWithTimezone":null,"VoteBusinessNumber":null,"VoteBusinessShortNumber":null,"VoteBusinessTitle":null},{"__metadata":{"id":"https://ws.parlament.ch/OData.svc/Transcript(ID=126576L,Language='DE')","uri":"https://ws.parlament.ch/OData.svc/Transcript(ID=126576L,Language='DE')","type":"itsystems.Pd.DataServices.DataModel.Transcript"},"Subjects":{"__deferred":{"uri":"https://ws.parlament.ch/OData.svc/Transcript(ID=126576L,Language='DE')/Subjects"}},"MembersCouncil":{"__deferred":{"uri":"https://ws.parlament.ch/OData.svc/Transcript(ID=126576L,Language='DE')/MembersCouncil"}},"Businesses":{"__deferred":{"uri":"https://ws.parlament.ch/OData.svc/Transcript(ID=126576L,Language='DE')/Businesses"}},"ID":"126576","Language":"DE","IdSubject":"20543","VoteId":"8093","PersonNumber":null,"Type":2,"Text":"<pd_text><p><i>Gesamtabstimmung - Vote sur l'ensemble</i></p>\n<p>[NAM]</p>\n<p>F\u00fcr Annahme des Entwurfes ... 170 Stimmen</p>\n<p>(Einstimmigkeit)</p>\n<p>[VS]</p>\n</pd_text>","MeetingCouncilAbbreviation":"N","MeetingDate":"20120924","MeetingVerbalixOid":2228,"IdSession":"4905","SpeakerFirstName":null,"SpeakerLastName":null,"SpeakerFullName":"","SpeakerFunction":null,"CouncilId":null,"CouncilName":null,"CantonId":null,"CantonName":null,"CantonAbbreviation":null,"ParlGroupName":null,"ParlGroupAbbreviation":null,"SortOrder":3,"Start":"\/Date(1348504028331)\/","End":"\/Date(1348504028331)\/","Function":null,"DisplaySpeaker":null,"LanguageOfText":"DE","Modified":"\/Date(1774877619568)\/","StartTimeWithTimezone":"\/Date(1348504028330+0120)\/","EndTimeWithTimezone":"\/Date(1348504028330+0120)\/","VoteBusinessNumber":20120038,"VoteBusinessShortNumber":"12.038","VoteBusinessTitle":"Finanzierung der schweizerischen\nEisenbahninfrastruktur\n(SBB und Privatbahnen)\nf\u00fcr die Jahre 2013-2016"},{"__metadata":{"id":"https://ws.parlament.ch/OData.svc/Transcript(ID=126577L,Language='DE')","uri":"https://ws.parlament.ch/OData.svc/Transcript(ID=126577L,Language='DE')","type":"itsystems.Pd.DataServices.DataModel.Transcript"},"Subjects":{"__deferred":{"uri":"https://ws.parlament.ch/OData.svc/Transcript(ID=126577L,Language='DE')/Subjects"}},"MembersCouncil":{"__deferred":{"uri":"https://ws.parlament.ch/OData.svc/Transcript(ID=126577L,Language='DE')/MembersCouncil"}},"Businesses":{"__deferred":{"uri":"https://ws.parlament.ch/OData.svc/Transcript(ID=126577L,Language='DE')/Businesses"}},"ID":"126577","Language":"DE","IdSubject":"20543","VoteId":null,"PersonNumber":519,"Type":1,"Text":"<pd_text><p><i>Eintreten wird ohne Gegenantrag beschlossen</i></p>\n<p><i>L'entr\u00e9e en mati\u00e8re est d\u00e9cid\u00e9e sans opposition</i></p>\n<p>[VS]</p>\n<p>[VS]</p>\n<p><b>1. Bundesbeschluss \u00fcber die Leistungsvereinbarung zwischen der Schweizerischen Eidgenossenschaft und der Aktiengesellschaft Schweizerische Bundesbahnen (SBB) f\u00fcr die Jahre 2013-2016 </b></p>\n<p><b>1. Arr\u00eat\u00e9 f\u00e9d\u00e9ral portant approbation de la convention sur les prestations entre la Conf\u00e9d\u00e9ration suisse et la soci\u00e9t\u00e9 anonyme des Chemins de fer f\u00e9d\u00e9raux (CFF) pour les ann\u00e9es 2013-2016 </b></p>\n<p>[VS]</p>\n<p><i>Detailberatung - Discussion par article</i></p>\n<p>[VS]</p>\n<p><b>Titel und Ingress, Art. 1-3</b></p>\n<p><i>Antrag der Kommission</i></p>\n<p>Zustimmung zum Beschluss des St\u00e4nderates</p>\n<p>[VS]</p>\n<p><b>Titre et pr\u00e9ambule, art. 1-3</b></p>\n<p><i>Proposition de la commission</i></p>\n<p>Adh\u00e9rer \u00e0 la d\u00e9cision du Conseil des Etats</p>\n<p>[VS]</p>\n<p><i>Angenommen - Adopt\u00e9</i></p>\n</pd_text>","MeetingCouncilAbbreviation":"N","MeetingDate":"20120924","MeetingVerbalixOid":2228,"IdSession":"4905","SpeakerFirstName":"Hansj\u00f6rg","SpeakerLastName":"Walter","SpeakerFullName":"Walter Hansj\u00f6rg","SpeakerFunction":"P-M","CouncilId":1,"CouncilName":"Nationalrat","CantonId":20,"CantonName":"Thurgau","CantonAbbreviation":"TG","ParlGroupName":"Fraktion der Schweizerischen Volkspartei","ParlGroupAbbreviation":"V","SortOrder":2,"Start":"\/Date(1348503732888)\/","End":"\/Date(1348504028331)\/","Function":"P-M","DisplaySpeaker":false,"LanguageOfText":null,"Modified":"\/Date(1774877619566)\/","StartTimeWithTimezone":"\/Date(1348503732887+0120)\/","EndTimeWithTimezone":"\/Date(1348504028330+0120)\/","VoteBusinessNumber":null,"VoteBusinessShortNumber":null,"VoteBusinessTitle":null},{"__metadata":{"id":"https://ws.parlament.ch/OData.svc/Transcript(ID=126578L,Language='DE')","uri":"https://ws.parlament.ch/OData.svc/Transcript(ID=126578L,Language='DE')","type":"itsystems.Pd.DataServices.DataModel.Transcript"},"Subjects":{"__deferred":{"uri":"https://ws.parlament.ch/OData.svc/Transcript(ID=126578L,Language='DE')/Subjects"}},"MembersCouncil":{"__deferred":{"uri":"https://ws.parlament.ch/OData.svc/Transcript(ID=126578L,Language='DE')/MembersCouncil"}},"Businesses":{"__deferred":{"uri":"https://ws.parlament.ch/OData.svc/Transcript(ID=126578L,Language='DE')/Businesses"}},"ID":"126578","Language":"DE","IdSubject":"20543","VoteId":null,"PersonNumber":488,"Type":1,"Text":"<pd_text><p>Wir stehen in der Eintretensdebatte bei der Beratung des Gesch\u00e4ftes \"Finanzierung der schweizerischen Eisenbahninfrastruktur (SBB und Privatbahnen) f\u00fcr die Jahre 2013-2016\". Inhalt dieser Vorlage sind die Ziele f\u00fcr die Entwicklung der vom Bund finanzierten bzw. mitfinanzierten Eisenbahninfrastruktur der SBB und der Privatbahnen und die zu diesem Zwecke n\u00f6tigen Gelder f\u00fcr die Periode 2013-2016.</p>\n<p>Es wurde richtig gesagt: Wir sind in der Phase vor Fabi; wir hoffen, dass das Parlament und auch das Volk diese k\u00fcnftige neue Struktur dann annehmen werden. Ab 2017 sieht Fabi vor, die Finanzierung der Eisenbahninfrastruktur \u00fcber den Bahninfrastrukturfonds abzuwickeln und nicht mehr wie bei der vorliegenden Leistungsvereinbarung \u00fcber das ordentliche Budget. An den Instrumenten Leistungsvereinbarung und Verpflichtungskredit wird sich jedoch auch insk\u00fcnftig nichts \u00e4ndern.</p>\n<p>Mit der vorliegenden Leistungsvereinbarung einigen sich Bund und SBB zum f\u00fcnften Mal \u00fcber Ziele und Finanzmittel f\u00fcr die SBB-Infrastruktur. Mit den Privatbahnen wird erstmals eine vierj\u00e4hrige Leistungsvereinbarung unter Einbezug der betroffenen Kantone abgeschlossen. Ich m\u00f6chte mich bei der Kommission und auch allen Fraktionen f\u00fcr die gute Beratung und die Empfehlung, diese Vorlage anzunehmen, bedanken. Es ist tats\u00e4chlich so, dass diese Vorlage unbestritten ist. In der Vergangenheit hat man bei den Leistungsvereinbarungen meistens \u00fcber die H\u00f6he der finanziellen Mittel gestritten, diesmal ist das nicht der Fall. Meiner Meinung nach hat sich dieses Mittel der Leistungsvereinbarung bew\u00e4hrt, man ist damit vertraut, und man unterst\u00fctzt mit diesem Beschluss auch die Bed\u00fcrfnisse von SBB und Privatbahnen. </p>\n<p>Sie kennen die Ausgangslage, auch bez\u00fcglich der Erh\u00f6hung der Mittel in dieser Vorlage. Im Netzaudit von 2009 wurde ersichtlich, dass der Finanzierungsbedarf f\u00fcr den Substanzerhalt gem\u00e4ss der Second Opinion und dem Netzzustandsbericht 2011 nicht gedeckt ist. Infolgedessen haben wir diesen Mittelzuwachs f\u00fcr den Substanzerhalt auch ins Zentrum der Erh\u00f6hung der Mittel gestellt.</p>\n<p>Es ist wichtig, dass man dabei weiss, dass der Mittelzuwachs nicht nur auf den Bundesbeitr\u00e4gen basiert, sondern ganz wesentlich auch auf den Trassenertr\u00e4gen. Die Infrastruktur erh\u00e4lt von ihren Kunden, den Eisenbahnverkehrsunternehmen, eine Benutzungsgeb\u00fchr f\u00fcr die Trassenbenutzung. Diese Geb\u00fchr wird nach zehnj\u00e4hriger Stabilit\u00e4t in drei Schritten an die Kostenentwicklung angepasst; der n\u00e4chste erfolgt ab 2013. Dadurch fliessen der SBB-Infrastruktur seit 2010 rund 80 Millionen Franken pro Jahr mehr in die Kasse. Ab dem n\u00e4chsten Jahr werden es mit den erh\u00f6hten Trassenpreisen weitere 200 Millionen Franken sein. Dadurch reduzieren sich die ungedeckten Kosten und der damit einhergehende Abgeltungsbedarf durch den Bund um diese Beitr\u00e4ge.</p>\n<p>Die freiwerdenden Mittel werden in den Substanzerhalt investiert, um einen kontinuierlichen, umsetzbaren und nachhaltigen Einsatz der Mittel gew\u00e4hrleisten zu k\u00f6nnen. Die SBB unternehmen alle Anstrengungen, um diesen Hochlauf zu verkraften. Es ist aber eine grosse Herausforderung. Die Erweiterungen sind dabei nicht g\u00e4nzlich unm\u00f6glich, aber sie sind von den Mitteln her begrenzt. Die durchschnittlich pro Jahr zur Verf\u00fcgung stehenden 157 Millionen Franken sind bereits deutlich mehr als die etwa 100 Millionen Franken, die bisher in den Leistungsvereinbarungen f\u00fcr Erweiterungen vorgesehen waren. Die Finanzierung weiterer Erweiterungsinvestitionen zulasten des Fin\u00f6V-Fonds w\u00fcrde aber zu einer Verz\u00f6gerung von Eisenbahn-Grossprojekten f\u00fchren. Sie wurde daher vom Bundesrat und jetzt auch von der Kommission abgelehnt. Wir meinen auch, dass \u00fcber die Investitionsmittel 2011 und 2012, die das Parlament ja erh\u00f6ht hat, eine Reihe von Erweiterungsinvestitionen trotzdem und zus\u00e4tzlich finanziert werden kann.</p>\n<p>Die Aufstockungen des Zahlungsrahmens f\u00fcr die SBB-Infrastruktur und des Verpflichtungskredits f\u00fcr die Privatbahnen werden durch die entsprechende Reduktion der Speisung des Fin\u00f6V-Fonds kompensiert. In den Jahren 2013 bis 2016 betr\u00e4gt diese Kompensation insgesamt 650 Millionen Franken. Das entspricht in etwa der voraussichtlichen Liquidit\u00e4tsreserve des Fin\u00f6V-Fonds. Es d\u00fcrften sich daraus keine Verz\u00f6gerungen bei Eisenbahn-Grossprojekten ergeben.</p>\n<p>Die Vorlage muss auf den 1. Januar 2013 in Kraft gesetzt werden. Ein Beschluss des Parlamentes ist also sp\u00e4testens in der Wintersession zu fassen.</p>\n<p>Ich danke Ihnen f\u00fcr die wohlwollende Aufnahme und bitte Sie, der Vorlage und den Antr\u00e4gen Ihrer Kommission zuzustimmen.</p>\n</pd_text>","MeetingCouncilAbbreviation":"N","MeetingDate":"20120924","MeetingVerbalixOid":2228,"IdSession":"4905","SpeakerFirstName":"Doris","SpeakerLastName":"Leuthard","SpeakerFullName":"Leuthard Doris","SpeakerFunction":"BR-F","CouncilId":99,"CouncilName":"Bundesrat","CantonId":19,"CantonName":"Aargau","CantonAbbreviation":"AG","ParlGroupName":null,"ParlGroupAbbreviation":null,"SortOrder":1,"Start":"\/Date(1348503347674)\/","End":"\/Date(1348503732888)\/","Function":"BR-F","DisplaySpeaker":true,"LanguageOfText":"DE","Modified":"\/Date(1774877619564)\/","StartTimeWithTimezone":"\/Date(1348503347673+0120)\/","EndTimeWithTimezone":"\/Date(1348503732887+0120)\/","VoteBusinessNumber":null,"VoteBusinessShortNumber":null,"VoteBusinessTitle":null}]},"ID":"20543","Language":"DE","IdMeeting":"1404","VerbalixOid":390196,"SortOrder":46,"Modified":"\/Date(1774877619557)\/"}}