{"d":{"__metadata":{"id":"https://ws.parlament.ch/OData.svc/Subject(ID=20617L,Language='DE')","uri":"https://ws.parlament.ch/OData.svc/Subject(ID=20617L,Language='DE')","type":"itsystems.Pd.DataServices.DataModel.Subject"},"Meetings":{"__metadata":{"id":"https://ws.parlament.ch/OData.svc/Meeting(ID=1413L,Language='DE')","uri":"https://ws.parlament.ch/OData.svc/Meeting(ID=1413L,Language='DE')","type":"itsystems.Pd.DataServices.DataModel.Meeting"},"Sessions":{"__deferred":{"uri":"https://ws.parlament.ch/OData.svc/Meeting(ID=1413L,Language='DE')/Sessions"}},"Subjects":{"__deferred":{"uri":"https://ws.parlament.ch/OData.svc/Meeting(ID=1413L,Language='DE')/Subjects"}},"ID":"1413","Language":"DE","MeetingNumber":13,"IdSession":4906,"SessionNumber":6,"SessionName":"Wintersession 2012","Council":1,"CouncilName":"Nationalrat","CouncilAbbreviation":"NR","Date":"\/Date(1355356800000)\/","Begin":"0800","Modified":"\/Date(1447070221407)\/","LegislativePeriodNumber":49,"PublicationStatus":"final","MeetingOrderText":"Dreizehnte Sitzung","SortOrder":13,"Location":"N"},"SubjectsBusiness":{"results":[{"__metadata":{"id":"https://ws.parlament.ch/OData.svc/SubjectBusiness(BusinessNumber=20120041,IdSubject=20617L,Language='DE')","uri":"https://ws.parlament.ch/OData.svc/SubjectBusiness(BusinessNumber=20120041,IdSubject=20617L,Language='DE')","type":"itsystems.Pd.DataServices.DataModel.SubjectBusiness"},"Subjects":{"__deferred":{"uri":"https://ws.parlament.ch/OData.svc/SubjectBusiness(BusinessNumber=20120041,IdSubject=20617L,Language='DE')/Subjects"}},"Businesses":{"__deferred":{"uri":"https://ws.parlament.ch/OData.svc/SubjectBusiness(BusinessNumber=20120041,IdSubject=20617L,Language='DE')/Businesses"}},"IdSubject":"20617","BusinessNumber":20120041,"Language":"DE","BusinessShortNumber":"12.041","Title":"Voranschlag 2013","SortOrder":1,"PublishedNotes":"Differenzen - Divergences\n","Modified":"\/Date(1447069533786)\/","TitleDE":"Voranschlag der Eidgenossenschaft 2013","TitleFR":"Budget de la Conf\u00e9d\u00e9ration 2013","TitleIT":null}]},"Transcripts":{"results":[{"__metadata":{"id":"https://ws.parlament.ch/OData.svc/Transcript(ID=127218L,Language='DE')","uri":"https://ws.parlament.ch/OData.svc/Transcript(ID=127218L,Language='DE')","type":"itsystems.Pd.DataServices.DataModel.Transcript"},"Subjects":{"__deferred":{"uri":"https://ws.parlament.ch/OData.svc/Transcript(ID=127218L,Language='DE')/Subjects"}},"MembersCouncil":{"__deferred":{"uri":"https://ws.parlament.ch/OData.svc/Transcript(ID=127218L,Language='DE')/MembersCouncil"}},"Businesses":{"__deferred":{"uri":"https://ws.parlament.ch/OData.svc/Transcript(ID=127218L,Language='DE')/Businesses"}},"ID":"127218","Language":"DE","IdSubject":"20617","VoteId":"8378","PersonNumber":null,"Type":2,"Text":"<pd_text><p><b>Pr\u00e4sidentin </b>(Graf Maya, Pr\u00e4sidentin): Die FDP-Fraktion, die SP-Fraktion und die gr\u00fcnliberale Fraktion unterst\u00fctzen den Antrag der Minderheit.</p>\n<p>[VS]</p>\n<p><i>Abstimmung - Vote</i></p>\n<p>[NAM]</p>\n<p>F\u00fcr den Antrag der Mehrheit ... 96 Stimmen</p>\n<p>F\u00fcr den Antrag der Minderheit ... 87 Stimmen</p>\n</pd_text>","MeetingCouncilAbbreviation":"N","MeetingDate":"20121213","MeetingVerbalixOid":2261,"IdSession":"4906","SpeakerFirstName":null,"SpeakerLastName":null,"SpeakerFullName":"","SpeakerFunction":null,"CouncilId":null,"CouncilName":null,"CantonId":null,"CantonName":null,"CantonAbbreviation":null,"ParlGroupName":null,"ParlGroupAbbreviation":null,"SortOrder":11,"Start":"\/Date(1355392589160)\/","End":"\/Date(1355392706219)\/","Function":null,"DisplaySpeaker":null,"LanguageOfText":"DE","Modified":"\/Date(1774877606680)\/","StartTimeWithTimezone":"\/Date(1355392589160+0060)\/","EndTimeWithTimezone":"\/Date(1355392706220+0060)\/","VoteBusinessNumber":20120041,"VoteBusinessShortNumber":"12.041","VoteBusinessTitle":"Voranschlag der Eidgenossenschaft 2013"},{"__metadata":{"id":"https://ws.parlament.ch/OData.svc/Transcript(ID=127219L,Language='DE')","uri":"https://ws.parlament.ch/OData.svc/Transcript(ID=127219L,Language='DE')","type":"itsystems.Pd.DataServices.DataModel.Transcript"},"Subjects":{"__deferred":{"uri":"https://ws.parlament.ch/OData.svc/Transcript(ID=127219L,Language='DE')/Subjects"}},"MembersCouncil":{"__deferred":{"uri":"https://ws.parlament.ch/OData.svc/Transcript(ID=127219L,Language='DE')/MembersCouncil"}},"Businesses":{"__deferred":{"uri":"https://ws.parlament.ch/OData.svc/Transcript(ID=127219L,Language='DE')/Businesses"}},"ID":"127219","Language":"DE","IdSubject":"20617","VoteId":null,"PersonNumber":4076,"Type":1,"Text":"<pd_text><p>Das vorliegende Gesch\u00e4ft erm\u00f6glichte mir, das ganze Prozedere innerhalb des Parlamentes zu erleben. Dreimal ging es zwischen den Kammern hin und her, und heute Morgen hatten wir die Einigungskonferenz. Worum geht es im vorliegenden Gesch\u00e4ft? Es geht um die Aufstockung des Kredites 708.A2310.0149, \"Allgemeine Direktzahlungen Landwirtschaft\". Wof\u00fcr das Geld ist, haben wir bereits geh\u00f6rt. Es geht inzwischen noch um die Aufstockung um 15 Millionen Franken. Es gilt festzuhalten, dass in diesem Rat Aufstockungen dreimal zugestimmt wurde, im St\u00e4nderat wurden sie dreimal abgelehnt. Die Einigungskonferenz hat heute Morgen zuerst mit 13 zu 13 Stimmen und dann mit Stichentscheid des Pr\u00e4sidenten mit 14 zu 13 Stimmen beschlossen, dass die Aufstockung um 15 Millionen Franken gew\u00e4hrt werden soll.</p>\n</pd_text>","MeetingCouncilAbbreviation":"N","MeetingDate":"20121213","MeetingVerbalixOid":2261,"IdSession":"4906","SpeakerFirstName":"Philipp","SpeakerLastName":"Hadorn","SpeakerFullName":"Hadorn Philipp","SpeakerFunction":"Mit-M","CouncilId":1,"CouncilName":"Nationalrat","CantonId":11,"CantonName":"Solothurn","CantonAbbreviation":"SO","ParlGroupName":"Sozialdemokratische Fraktion","ParlGroupAbbreviation":"S","SortOrder":10,"Start":"\/Date(1355392512268)\/","End":"\/Date(1355392589160)\/","Function":"*","DisplaySpeaker":true,"LanguageOfText":"DE","Modified":"\/Date(1774877606677)\/","StartTimeWithTimezone":"\/Date(1355392512267+0060)\/","EndTimeWithTimezone":"\/Date(1355392589160+0060)\/","VoteBusinessNumber":null,"VoteBusinessShortNumber":null,"VoteBusinessTitle":null},{"__metadata":{"id":"https://ws.parlament.ch/OData.svc/Transcript(ID=127220L,Language='DE')","uri":"https://ws.parlament.ch/OData.svc/Transcript(ID=127220L,Language='DE')","type":"itsystems.Pd.DataServices.DataModel.Transcript"},"Subjects":{"__deferred":{"uri":"https://ws.parlament.ch/OData.svc/Transcript(ID=127220L,Language='DE')/Subjects"}},"MembersCouncil":{"__deferred":{"uri":"https://ws.parlament.ch/OData.svc/Transcript(ID=127220L,Language='DE')/MembersCouncil"}},"Businesses":{"__deferred":{"uri":"https://ws.parlament.ch/OData.svc/Transcript(ID=127220L,Language='DE')/Businesses"}},"ID":"127220","Language":"DE","IdSubject":"20617","VoteId":null,"PersonNumber":4087,"Type":1,"Text":"<pd_text><p>Ce matin, la Conf\u00e9rence de conciliation des deux Commissions des finances s'est r\u00e9unie afin de statuer sur la derni\u00e8re divergence concernant le budget 2013 et de pr\u00e9parer une proposition de conciliation.</p>\n<p>La derni\u00e8re divergence porte sur la position 708.A2310.0149, \"Paiements directs g\u00e9n\u00e9raux, agriculture\", \u00e0 laquelle le Conseil f\u00e9d\u00e9ral a inscrit un cr\u00e9dit de 2 134 350 100 francs. Pour m\u00e9moire, notre conseil, conseil prioritaire d'ailleurs, a par trois fois accept\u00e9 une augmentation du montant des paiements directs: deux fois de 30 millions de francs; enfin, dans un esprit de conciliation, de 15 millions de francs. Par contre, le Conseil des Etats a repouss\u00e9 \u00e0 trois reprises la d\u00e9cision de notre conseil, en restant notamment insensible \u00e0 la solution de compromis d'une augmentation de 15 millions de francs du cr\u00e9dit pr\u00e9vu.</p>\n<p>Notons encore que, sur les 60 millions de francs suppl\u00e9mentaires accord\u00e9s \u00e0 l'agriculture en premi\u00e8re lecture par notre conseil, seuls 10 millions de francs ont \u00e9t\u00e9 accept\u00e9s par le Conseil des Etats, soit 10 millions d'augmentation \u00e0 la position 708.A2310.0148, \"Aide \u00e0 la production v\u00e9g\u00e9tale\". Ce montant est destin\u00e9 \u00e0 d\u00e9sengorger les caves de certains producteurs en d\u00e9classant certains vins.</p>\n<p>Pour en revenir \u00e0 la divergence qui nous occupe, une minorit\u00e9 Freitag demande de refuser l'augmentation de 15 millions de francs. Sans vouloir reprendre les arguments des uns et des autres, mais en relevant toutefois la situation difficile que connaissent les producteurs de lait d'industrie, et compte tenu de la baisse annonc\u00e9e du revenu agricole pour 2012 - on parle de 8 \u00e0 9 pour cent -, la majorit\u00e9 de la Conf\u00e9rence de conciliation a accept\u00e9 une solution de conciliation qui accorde une augmentation de 15 millions de francs pour les paiements directs dans l'agriculture en 2013. Cette d\u00e9cision a \u00e9t\u00e9 prise, par 13 voix contre 13 et aucune abstention, avec la voix pr\u00e9pond\u00e9rante du pr\u00e9sident de la Conf\u00e9rence de conciliation.</p>\n</pd_text>","MeetingCouncilAbbreviation":"N","MeetingDate":"20121213","MeetingVerbalixOid":2261,"IdSession":"4906","SpeakerFirstName":"Jean-Paul","SpeakerLastName":"Gschwind","SpeakerFullName":"Gschwind Jean-Paul","SpeakerFunction":"Mit-M","CouncilId":1,"CouncilName":"Nationalrat","CantonId":26,"CantonName":"Jura","CantonAbbreviation":"JU","ParlGroupName":"Fraktion CVP-EVP","ParlGroupAbbreviation":"M-E","SortOrder":9,"Start":"\/Date(1355392387218)\/","End":"\/Date(1355392512268)\/","Function":"*","DisplaySpeaker":true,"LanguageOfText":"FR","Modified":"\/Date(1774877606676)\/","StartTimeWithTimezone":"\/Date(1355392387217+0060)\/","EndTimeWithTimezone":"\/Date(1355392512267+0060)\/","VoteBusinessNumber":null,"VoteBusinessShortNumber":null,"VoteBusinessTitle":null},{"__metadata":{"id":"https://ws.parlament.ch/OData.svc/Transcript(ID=127221L,Language='DE')","uri":"https://ws.parlament.ch/OData.svc/Transcript(ID=127221L,Language='DE')","type":"itsystems.Pd.DataServices.DataModel.Transcript"},"Subjects":{"__deferred":{"uri":"https://ws.parlament.ch/OData.svc/Transcript(ID=127221L,Language='DE')/Subjects"}},"MembersCouncil":{"__deferred":{"uri":"https://ws.parlament.ch/OData.svc/Transcript(ID=127221L,Language='DE')/MembersCouncil"}},"Businesses":{"__deferred":{"uri":"https://ws.parlament.ch/OData.svc/Transcript(ID=127221L,Language='DE')/Businesses"}},"ID":"127221","Language":"DE","IdSubject":"20617","VoteId":null,"PersonNumber":3934,"Type":1,"Text":"<pd_text><p>Herr Nationalrat Hausammann, ich werde Ihnen diese Zahlen gerne nachliefern, und zwar auf den Punkt genau. Ich kann Ihnen so viel sagen: Wir haben letztes Jahr die Milchzulagen um 60 Millionen Franken aufgestockt; das ist im Budget zu sehen. Wir haben die Verk\u00e4sungszulage diskutiert, und wir haben damals gesagt, dass wir das ausgleichen werden. Genau das haben wir jetzt vorgeschlagen.</p>\n</pd_text>","MeetingCouncilAbbreviation":"N","MeetingDate":"20121213","MeetingVerbalixOid":2261,"IdSession":"4906","SpeakerFirstName":"Eveline","SpeakerLastName":"Widmer-Schlumpf","SpeakerFullName":"Widmer-Schlumpf Eveline","SpeakerFunction":"BPR-F","CouncilId":99,"CouncilName":"Bundesrat","CantonId":18,"CantonName":"Graub\u00fcnden","CantonAbbreviation":"GR","ParlGroupName":null,"ParlGroupAbbreviation":null,"SortOrder":8,"Start":"\/Date(1355392360767)\/","End":"\/Date(1355392387218)\/","Function":"BPR-F","DisplaySpeaker":true,"LanguageOfText":"DE","Modified":"\/Date(1774877606674)\/","StartTimeWithTimezone":"\/Date(1355392360767+0060)\/","EndTimeWithTimezone":"\/Date(1355392387217+0060)\/","VoteBusinessNumber":null,"VoteBusinessShortNumber":null,"VoteBusinessTitle":null},{"__metadata":{"id":"https://ws.parlament.ch/OData.svc/Transcript(ID=127222L,Language='DE')","uri":"https://ws.parlament.ch/OData.svc/Transcript(ID=127222L,Language='DE')","type":"itsystems.Pd.DataServices.DataModel.Transcript"},"Subjects":{"__deferred":{"uri":"https://ws.parlament.ch/OData.svc/Transcript(ID=127222L,Language='DE')/Subjects"}},"MembersCouncil":{"__deferred":{"uri":"https://ws.parlament.ch/OData.svc/Transcript(ID=127222L,Language='DE')/MembersCouncil"}},"Businesses":{"__deferred":{"uri":"https://ws.parlament.ch/OData.svc/Transcript(ID=127222L,Language='DE')/Businesses"}},"ID":"127222","Language":"DE","IdSubject":"20617","VoteId":null,"PersonNumber":4103,"Type":1,"Text":"<pd_text><p>Frau Bundespr\u00e4sidentin, k\u00f6nnen Sie mir in absoluten Zahlen sagen, wie sich die Position 708.A2310.0149, \"Allgemeine Direktzahlungen Landwirtschaft\", anhand des Budgets des Bundesrates gegen\u00fcber 2012 entwickelt, wenn wir jetzt der Mehrheit folgen?</p>\n</pd_text>","MeetingCouncilAbbreviation":"N","MeetingDate":"20121213","MeetingVerbalixOid":2261,"IdSession":"4906","SpeakerFirstName":"Markus","SpeakerLastName":"Hausammann","SpeakerFullName":"Hausammann Markus","SpeakerFunction":"Mit-M","CouncilId":1,"CouncilName":"Nationalrat","CantonId":20,"CantonName":"Thurgau","CantonAbbreviation":"TG","ParlGroupName":"Fraktion der Schweizerischen Volkspartei","ParlGroupAbbreviation":"V","SortOrder":7,"Start":"\/Date(1355392340911)\/","End":"\/Date(1355392360767)\/","Function":"Mit-M","DisplaySpeaker":true,"LanguageOfText":"DE","Modified":"\/Date(1774877606673)\/","StartTimeWithTimezone":"\/Date(1355392340910+0060)\/","EndTimeWithTimezone":"\/Date(1355392360767+0060)\/","VoteBusinessNumber":null,"VoteBusinessShortNumber":null,"VoteBusinessTitle":null},{"__metadata":{"id":"https://ws.parlament.ch/OData.svc/Transcript(ID=127223L,Language='DE')","uri":"https://ws.parlament.ch/OData.svc/Transcript(ID=127223L,Language='DE')","type":"itsystems.Pd.DataServices.DataModel.Transcript"},"Subjects":{"__deferred":{"uri":"https://ws.parlament.ch/OData.svc/Transcript(ID=127223L,Language='DE')/Subjects"}},"MembersCouncil":{"__deferred":{"uri":"https://ws.parlament.ch/OData.svc/Transcript(ID=127223L,Language='DE')/MembersCouncil"}},"Businesses":{"__deferred":{"uri":"https://ws.parlament.ch/OData.svc/Transcript(ID=127223L,Language='DE')/Businesses"}},"ID":"127223","Language":"DE","IdSubject":"20617","VoteId":null,"PersonNumber":3934,"Type":1,"Text":"<pd_text><p>Ich m\u00f6chte Sie bitten, diese Budgetaufstockung nicht vorzunehmen. Es ist richtig, wie gesagt wurde: Der Zahlungsrahmen w\u00fcrde damit nicht \u00fcberschritten. Man hat heute geh\u00f6rt, es gehe um Verl\u00e4sslichkeit. Ja, es geht um Verl\u00e4sslichkeit in der Politik. Letztes Jahr haben wir 60 Millionen Franken mehr Milchzulage gegeben mit dem Hinweis, dass es einen Ausgleich bei den Direktzahlungen geben w\u00fcrde. Verl\u00e4sslichkeit in der Politik ist, dass man dann im Jahr darauf das macht, was man im Jahr vorher beschlossen hat. Es geht hier nicht um die Frage der H\u00f6he. Das wurde auch immer wieder festgestellt. Bei diesen grossen Betr\u00e4gen - hier sind es 15 Millionen Franken - ist es nicht eine Frage der H\u00f6he. Es ist eine Frage des Prinzips, eine Frage der Konsequenz, auch in der Landwirtschaft, in der Agrarpolitik.</p>\n<p>Ich m\u00f6chte Sie bitten, dem Antrag der Minderheit zuzustimmen und damit beim Entwurf des Bundesrates zu bleiben.</p>\n</pd_text>","MeetingCouncilAbbreviation":"N","MeetingDate":"20121213","MeetingVerbalixOid":2261,"IdSession":"4906","SpeakerFirstName":"Eveline","SpeakerLastName":"Widmer-Schlumpf","SpeakerFullName":"Widmer-Schlumpf Eveline","SpeakerFunction":"BPR-F","CouncilId":99,"CouncilName":"Bundesrat","CantonId":18,"CantonName":"Graub\u00fcnden","CantonAbbreviation":"GR","ParlGroupName":null,"ParlGroupAbbreviation":null,"SortOrder":6,"Start":"\/Date(1355392245491)\/","End":"\/Date(1355392320082)\/","Function":"BPR-F","DisplaySpeaker":true,"LanguageOfText":"DE","Modified":"\/Date(1774877606671)\/","StartTimeWithTimezone":"\/Date(1355392245490+0060)\/","EndTimeWithTimezone":"\/Date(1355392320083+0060)\/","VoteBusinessNumber":null,"VoteBusinessShortNumber":null,"VoteBusinessTitle":null},{"__metadata":{"id":"https://ws.parlament.ch/OData.svc/Transcript(ID=127224L,Language='DE')","uri":"https://ws.parlament.ch/OData.svc/Transcript(ID=127224L,Language='DE')","type":"itsystems.Pd.DataServices.DataModel.Transcript"},"Subjects":{"__deferred":{"uri":"https://ws.parlament.ch/OData.svc/Transcript(ID=127224L,Language='DE')/Subjects"}},"MembersCouncil":{"__deferred":{"uri":"https://ws.parlament.ch/OData.svc/Transcript(ID=127224L,Language='DE')/MembersCouncil"}},"Businesses":{"__deferred":{"uri":"https://ws.parlament.ch/OData.svc/Transcript(ID=127224L,Language='DE')/Businesses"}},"ID":"127224","Language":"DE","IdSubject":"20617","VoteId":null,"PersonNumber":1110,"Type":1,"Text":"<pd_text><p>Ich ersuche Sie, dem Antrag der Minderheit Freitag zuzustimmen. Ausschlaggebend war wie gesagt der Stichentscheid des Pr\u00e4sidenten. Der St\u00e4nderat ist dem Bundesrat gefolgt. Wir k\u00f6nnen hoffen, dass er es heute alsbald erneut tun wird. Die Frau Bundespr\u00e4sidentin hat hinl\u00e4nglich dargelegt, auf welcher Basis diese Milchabgeltung im letzten Jahr erfolgt ist, warum der heutige Betrag gem\u00e4ss Bundesrat so im Budget steht. Im Grunde genommen haben wir jetzt eine absurde Situation: Wir hatten nur [PAGE 2215] noch eine Differenz. Diese Differenz betrifft aber eigentlich den zentralsten Punkt, an dem die Erh\u00f6hung eigentlich am ungerechtfertigtsten ist. </p>\n<p>Ich ersuche Sie hier, von diesem Sonderzug, der im Grunde genommen auch eine falsche Ausrichtung der Landwirtschaftspolitik beg\u00fcnstigt, abzukommen, dem Spuk ein Ende zu setzen und dem Bundesrat zu folgen.</p>\n</pd_text>","MeetingCouncilAbbreviation":"N","MeetingDate":"20121213","MeetingVerbalixOid":2261,"IdSession":"4906","SpeakerFirstName":"Daniel","SpeakerLastName":"Vischer","SpeakerFullName":"Vischer Daniel","SpeakerFunction":"Mit-M","CouncilId":1,"CouncilName":"Nationalrat","CantonId":1,"CantonName":"Z\u00fcrich","CantonAbbreviation":"ZH","ParlGroupName":"Gr\u00fcne Fraktion","ParlGroupAbbreviation":"G","SortOrder":5,"Start":"\/Date(1355392174425)\/","End":"\/Date(1355392245491)\/","Function":"Mit-M","DisplaySpeaker":true,"LanguageOfText":"DE","Modified":"\/Date(1774877606670)\/","StartTimeWithTimezone":"\/Date(1355392174427+0060)\/","EndTimeWithTimezone":"\/Date(1355392245490+0060)\/","VoteBusinessNumber":null,"VoteBusinessShortNumber":null,"VoteBusinessTitle":null},{"__metadata":{"id":"https://ws.parlament.ch/OData.svc/Transcript(ID=127225L,Language='DE')","uri":"https://ws.parlament.ch/OData.svc/Transcript(ID=127225L,Language='DE')","type":"itsystems.Pd.DataServices.DataModel.Transcript"},"Subjects":{"__deferred":{"uri":"https://ws.parlament.ch/OData.svc/Transcript(ID=127225L,Language='DE')/Subjects"}},"MembersCouncil":{"__deferred":{"uri":"https://ws.parlament.ch/OData.svc/Transcript(ID=127225L,Language='DE')/MembersCouncil"}},"Businesses":{"__deferred":{"uri":"https://ws.parlament.ch/OData.svc/Transcript(ID=127225L,Language='DE')/Businesses"}},"ID":"127225","Language":"DE","IdSubject":"20617","VoteId":null,"PersonNumber":4097,"Type":1,"Text":"<pd_text><p>Im Namen der CVP/EVP-Fraktion bitte ich Sie, dem Antrag der Einigungskonferenz zuzustimmen. Es hat ja verschiedene Differenzen gegeben, die jetzt bereinigt wurden. Das ist noch die einzige Differenz, und es geht hier um die Aufstockung der allgemeinen Direktzahlungen an die Landwirtschaft, Position 708.A2310.0149, um 15 Millionen Franken gegen\u00fcber dem Entwurf des Bundesrates respektive um eine kleinere K\u00fcrzung gegen\u00fcber dem Vorjahr. Ich wiederhole nochmals: Der Bundesrat schlug vor, die Direktzahlungen um 30 Millionen zu k\u00fcrzen; sofern Sie dem Antrag der Einigungskonferenz zustimmen, betr\u00e4gt die K\u00fcrzung noch 15 Millionen Franken.</p>\n<p>Es wird immer argumentiert, man habe letztes Jahr bei den Zulagen f\u00fcr verk\u00e4ste Milch aufgestockt. Ich halte hier fest: Die 15 Rappen sind immer gleich geblieben, man wollte sie einmal k\u00fcrzen, aber sie sind gleich geblieben. Es hat eine etwas gr\u00f6ssere Milchmenge gegeben, deshalb ist der Gesamtbetrag gestiegen. Aber insgesamt ist es vertretbar, dass hier diese 15 Millionen Franken gesprochen werden.</p>\n<p>Ich halte nochmals fest: Der Zahlungsrahmen wird nicht \u00fcberschritten. Die 15 Millionen Franken haben Platz innerhalb des Zahlungsrahmens f\u00fcr die Landwirtschaft. Wir m\u00fcssen hier auch eine gewisse Verl\u00e4sslichkeit im Parlament demonstrieren: Man hat das Geld f\u00fcr die Landwirtschaft gesprochen, man hat den Zahlungsrahmen zur Verf\u00fcgung gestellt. Jetzt wird mit dieser Aufstockung der Zahlungsrahmen nicht \u00fcberschritten.</p>\n<p>Auch aus diesem Grund bitte ich Sie, dem Antrag der Einigungskonferenz zuzustimmen.</p>\n</pd_text>","MeetingCouncilAbbreviation":"N","MeetingDate":"20121213","MeetingVerbalixOid":2261,"IdSession":"4906","SpeakerFirstName":"Leo","SpeakerLastName":"M\u00fcller","SpeakerFullName":"M\u00fcller Leo","SpeakerFunction":"Mit-M","CouncilId":1,"CouncilName":"Nationalrat","CantonId":3,"CantonName":"Luzern","CantonAbbreviation":"LU","ParlGroupName":"Fraktion CVP-EVP","ParlGroupAbbreviation":"M-E","SortOrder":4,"Start":"\/Date(1355392037670)\/","End":"\/Date(1355392174425)\/","Function":"Mit-M","DisplaySpeaker":true,"LanguageOfText":"DE","Modified":"\/Date(1774877606668)\/","StartTimeWithTimezone":"\/Date(1355392037670+0060)\/","EndTimeWithTimezone":"\/Date(1355392174427+0060)\/","VoteBusinessNumber":null,"VoteBusinessShortNumber":null,"VoteBusinessTitle":null},{"__metadata":{"id":"https://ws.parlament.ch/OData.svc/Transcript(ID=127226L,Language='DE')","uri":"https://ws.parlament.ch/OData.svc/Transcript(ID=127226L,Language='DE')","type":"itsystems.Pd.DataServices.DataModel.Transcript"},"Subjects":{"__deferred":{"uri":"https://ws.parlament.ch/OData.svc/Transcript(ID=127226L,Language='DE')/Subjects"}},"MembersCouncil":{"__deferred":{"uri":"https://ws.parlament.ch/OData.svc/Transcript(ID=127226L,Language='DE')/MembersCouncil"}},"Businesses":{"__deferred":{"uri":"https://ws.parlament.ch/OData.svc/Transcript(ID=127226L,Language='DE')/Businesses"}},"ID":"127226","Language":"DE","IdSubject":"20617","VoteId":null,"PersonNumber":3885,"Type":1,"Text":"<pd_text><p>La majorit\u00e9 de la Conf\u00e9rence de conciliation vous propose d'accepter le compromis qui a \u00e9t\u00e9 trouv\u00e9, soit une augmentation de 15 millions de francs \u00e0 la position 708.A2310.0149, \"Paiements directs g\u00e9n\u00e9raux, agriculture\" - que notre conseil a d\u00e9j\u00e0 accept\u00e9e mardi dernier.</p>\n<p>Je vous rappelle que pour l'\u00e9levage du b\u00e9tail laitier, l'\u00e9quilibre entre le prix re\u00e7u pour la production de la mati\u00e8re premi\u00e8re et les co\u00fbts de cette production est rompu. Le prix du litre de lait est pass\u00e9, ces derni\u00e8res ann\u00e9es, de 1,07 franc \u00e0 54 centimes. Cette baisse a \u00e9t\u00e9 partiellement - mais pas totalement - compens\u00e9e par les paiements directs. Si parall\u00e8lement \u00e0 la baisse du prix du march\u00e9, les paiements directs baissent aussi, le secteur agricole, en particulier le secteur laitier, va se d\u00e9courager et renoncer \u00e0 la production laiti\u00e8re et \u00e0 la garde du b\u00e9tail. L'exploitation des prairies et des p\u00e2turages en plaine comme en montagne conditionne aussi l'attractivit\u00e9 touristique de notre pays: sans verts p\u00e2turages nos montagnes seraient bien tristes.</p>\n<p>15 millions de francs, ce n'est pas trop demander. Ce serait un modeste encouragement pour le monde agricole en 2013, dans l'attente de la future Politique agricole 2014-2017.</p>\n<p>Au nom du groupe UDC, je vous demande d'accepter la proposition de la Conf\u00e9rence de conciliation.</p>\n</pd_text>","MeetingCouncilAbbreviation":"N","MeetingDate":"20121213","MeetingVerbalixOid":2261,"IdSession":"4906","SpeakerFirstName":"Jean-Pierre","SpeakerLastName":"Grin","SpeakerFullName":"Grin Jean-Pierre","SpeakerFunction":"Mit-M","CouncilId":1,"CouncilName":"Nationalrat","CantonId":22,"CantonName":"Waadt","CantonAbbreviation":"VD","ParlGroupName":"Fraktion der Schweizerischen Volkspartei","ParlGroupAbbreviation":"V","SortOrder":3,"Start":"\/Date(1355391942217)\/","End":"\/Date(1355392037670)\/","Function":"Mit-M","DisplaySpeaker":true,"LanguageOfText":"FR","Modified":"\/Date(1774877606667)\/","StartTimeWithTimezone":"\/Date(1355391942217+0060)\/","EndTimeWithTimezone":"\/Date(1355392037670+0060)\/","VoteBusinessNumber":null,"VoteBusinessShortNumber":null,"VoteBusinessTitle":null},{"__metadata":{"id":"https://ws.parlament.ch/OData.svc/Transcript(ID=127227L,Language='DE')","uri":"https://ws.parlament.ch/OData.svc/Transcript(ID=127227L,Language='DE')","type":"itsystems.Pd.DataServices.DataModel.Transcript"},"Subjects":{"__deferred":{"uri":"https://ws.parlament.ch/OData.svc/Transcript(ID=127227L,Language='DE')/Subjects"}},"MembersCouncil":{"__deferred":{"uri":"https://ws.parlament.ch/OData.svc/Transcript(ID=127227L,Language='DE')/MembersCouncil"}},"Businesses":{"__deferred":{"uri":"https://ws.parlament.ch/OData.svc/Transcript(ID=127227L,Language='DE')/Businesses"}},"ID":"127227","Language":"DE","IdSubject":"20617","VoteId":null,"PersonNumber":4121,"Type":1,"Text":"<pd_text><p>Sie k\u00f6nnen es der Fahne entnehmen: Die Minderheit beantragt Ihnen, den Antrag der Einigungskonferenz abzulehnen, also keine Aufstockung bei der Position 708.A2310.0149, \"Allgemeine Direktzahlungen Landwirtschaft\", vorzunehmen. Die Aufstockung - es waren einmal zus\u00e4tzliche 30 Millionen Franken beantragt; nun, nach der Einigungskonferenz, sind es noch 15 Millionen - ist umstritten. Die Entscheidung ist mit 13 zu 13 Stimmen mit Stichentscheid des Pr\u00e4sidenten zustande gekommen.</p>\n<p>Wenn Sie der Minderheit zustimmen, bleiben Sie beim urspr\u00fcnglichen Budgetentwurf. Es macht keinen Sinn, die Mittel f\u00fcr die Landwirtschaft aufzustocken; wir sollten bei dem bleiben, was der Bundesrat urspr\u00fcnglich vorgesehen hatte. Wir sollten finanzpolitisch masshalten und dem Druck der Bauernlobby nicht nachgeben. Die Agrarpolitik definiert die Leitplanken und steckt den Finanzrahmen klar ab. Dass bei den Milchbauern die Milchmenge nicht stimmt und man sie nicht im Griff hat, kann kein Grund sein, das Budget aufzustocken.</p>\n<p>Ich bitte Sie darum, die Minderheit zu unterst\u00fctzen und die Mittel im Agrarbereich nicht aufzustocken. Wir haben \u00fcber die Agrarpolitik klare Vorgaben.</p>\n</pd_text>","MeetingCouncilAbbreviation":"N","MeetingDate":"20121213","MeetingVerbalixOid":2261,"IdSession":"4906","SpeakerFirstName":"Barbara","SpeakerLastName":"Gysi","SpeakerFullName":"Gysi Barbara","SpeakerFunction":"Mit-F","CouncilId":1,"CouncilName":"Nationalrat","CantonId":17,"CantonName":"St. Gallen","CantonAbbreviation":"SG","ParlGroupName":"Sozialdemokratische Fraktion","ParlGroupAbbreviation":"S","SortOrder":2,"Start":"\/Date(1355391818655)\/","End":"\/Date(1355391921918)\/","Function":"Mit-F","DisplaySpeaker":true,"LanguageOfText":"DE","Modified":"\/Date(1774877606665)\/","StartTimeWithTimezone":"\/Date(1355391818657+0060)\/","EndTimeWithTimezone":"\/Date(1355391921917+0060)\/","VoteBusinessNumber":null,"VoteBusinessShortNumber":null,"VoteBusinessTitle":null},{"__metadata":{"id":"https://ws.parlament.ch/OData.svc/Transcript(ID=127228L,Language='DE')","uri":"https://ws.parlament.ch/OData.svc/Transcript(ID=127228L,Language='DE')","type":"itsystems.Pd.DataServices.DataModel.Transcript"},"Subjects":{"__deferred":{"uri":"https://ws.parlament.ch/OData.svc/Transcript(ID=127228L,Language='DE')/Subjects"}},"MembersCouncil":{"__deferred":{"uri":"https://ws.parlament.ch/OData.svc/Transcript(ID=127228L,Language='DE')/MembersCouncil"}},"Businesses":{"__deferred":{"uri":"https://ws.parlament.ch/OData.svc/Transcript(ID=127228L,Language='DE')/Businesses"}},"ID":"127228","Language":"DE","IdSubject":"20617","VoteId":null,"PersonNumber":806,"Type":1,"Text":"<pd_text><p><b>1. Voranschlag der Verwaltungseinheiten </b></p>\n<p><b>1. Budget des unit\u00e9s administratives </b></p>\n<p>[VS]</p>\n<p><b>Volkswirtschaftsdepartement </b></p>\n<p><b>D\u00e9partement de l'\u00e9conomie</b></p>\n<p>[VS]</p>\n<p><i>708 Bundesamt f\u00fcr Landwirtschaft </i></p>\n<p><i>708 Office f\u00e9d\u00e9ral de l'agriculture</i></p>\n<p>[VS]</p>\n<p><i>Antrag der Einigungskonferenz</i></p>\n<p><i>Mehrheit</i></p>\n<p>A2310.0149 Allgemeine Direktzahlungen Landwirtschaft </p>\n<p>Zustimmung zum Beschluss des Nationalrates</p>\n<p>[VS]</p>\n<p><i>Minderheit</i></p>\n<p>(Freitag, Gysi, Abate, Altherr, Aubert, Fetz, Fischer Roland, Hadorn, Levrat, Schneeberger, St\u00f6ckli, Theiler, Vischer Daniel)</p>\n<p>A2310.0149 Allgemeine Direktzahlungen Landwirtschaft </p>\n<p>Ablehnung des Antrages der Einigungskonferenz</p>\n<p>[VS]</p>\n<p><i>Proposition de la Conf\u00e9rence de conciliation</i></p>\n<p><i>Majorit\u00e9</i></p>\n<p>A2310.0149 Paiements directs g\u00e9n\u00e9raux, agriculture</p>\n<p>Adh\u00e9rer \u00e0 la d\u00e9cision du Conseil national</p>\n<p>[VS]</p>\n<p><i>Minorit\u00e9</i></p>\n<p>(Freitag, Gysi, Abate, Altherr, Aubert, Fetz, Fischer Roland, Hadorn, Levrat, Schneeberger, St\u00f6ckli, Theiler, Vischer Daniel)</p>\n<p>A2310.0149 Paiements directs g\u00e9n\u00e9raux, agriculture</p>\n<p>Rejeter la proposition de la Conf\u00e9rence de conciliation</p>\n</pd_text>","MeetingCouncilAbbreviation":"N","MeetingDate":"20121213","MeetingVerbalixOid":2261,"IdSession":"4906","SpeakerFirstName":"Maya","SpeakerLastName":"Graf","SpeakerFullName":"Graf Maya","SpeakerFunction":"P-F","CouncilId":1,"CouncilName":"Nationalrat","CantonId":13,"CantonName":"Basel-Landschaft","CantonAbbreviation":"BL","ParlGroupName":"Gr\u00fcne Fraktion","ParlGroupAbbreviation":"G","SortOrder":1,"Start":"\/Date(1355391761074)\/","End":"\/Date(1355391818655)\/","Function":"P-F","DisplaySpeaker":false,"LanguageOfText":null,"Modified":"\/Date(1774877606664)\/","StartTimeWithTimezone":"\/Date(1355391761073+0060)\/","EndTimeWithTimezone":"\/Date(1355391818657+0060)\/","VoteBusinessNumber":null,"VoteBusinessShortNumber":null,"VoteBusinessTitle":null}]},"ID":"20617","Language":"DE","IdMeeting":"1413","VerbalixOid":397281,"SortOrder":2,"Modified":"\/Date(1774877606662)\/"}}