{"d":{"__metadata":{"id":"https://ws.parlament.ch/OData.svc/Subject(ID=21051L,Language='DE')","uri":"https://ws.parlament.ch/OData.svc/Subject(ID=21051L,Language='DE')","type":"itsystems.Pd.DataServices.DataModel.Subject"},"Meetings":{"__metadata":{"id":"https://ws.parlament.ch/OData.svc/Meeting(ID=1434L,Language='DE')","uri":"https://ws.parlament.ch/OData.svc/Meeting(ID=1434L,Language='DE')","type":"itsystems.Pd.DataServices.DataModel.Meeting"},"Sessions":{"__deferred":{"uri":"https://ws.parlament.ch/OData.svc/Meeting(ID=1434L,Language='DE')/Sessions"}},"Subjects":{"__deferred":{"uri":"https://ws.parlament.ch/OData.svc/Meeting(ID=1434L,Language='DE')/Subjects"}},"ID":"1434","Language":"DE","MeetingNumber":17,"IdSession":4809,"SessionNumber":9,"SessionName":"Sommersession 2009","Council":2,"CouncilName":"St\u00e4nderat","CouncilAbbreviation":"SR","Date":"\/Date(1244764800000)\/","Begin":"0935","Modified":"\/Date(1447070228867)\/","LegislativePeriodNumber":48,"PublicationStatus":"final","MeetingOrderText":"Siebzehnte Sitzung","SortOrder":17,"Location":"S"},"SubjectsBusiness":{"results":[{"__metadata":{"id":"https://ws.parlament.ch/OData.svc/SubjectBusiness(BusinessNumber=20090018,IdSubject=21051L,Language='DE')","uri":"https://ws.parlament.ch/OData.svc/SubjectBusiness(BusinessNumber=20090018,IdSubject=21051L,Language='DE')","type":"itsystems.Pd.DataServices.DataModel.SubjectBusiness"},"Subjects":{"__deferred":{"uri":"https://ws.parlament.ch/OData.svc/SubjectBusiness(BusinessNumber=20090018,IdSubject=21051L,Language='DE')/Subjects"}},"Businesses":{"__deferred":{"uri":"https://ws.parlament.ch/OData.svc/SubjectBusiness(BusinessNumber=20090018,IdSubject=21051L,Language='DE')/Businesses"}},"IdSubject":"21051","BusinessNumber":20090018,"Language":"DE","BusinessShortNumber":"09.018","Title":"Schweiz und F\u00fcrstentum Liechtenstein. Polizeiliche Zusammenarbeit im Grenzraum","SortOrder":1,"PublishedNotes":"Schlussabstimmung - Vote final\n","Modified":"\/Date(1447069397710)\/","TitleDE":"Schweiz\nund F\u00fcrstentum Liechtenstein.\nPolizeiliche Zusammenarbeit\nim Grenzraum","TitleFR":"La Suisse\net la Principaut\u00e9 de Liechtenstein.\nCoop\u00e9ration polici\u00e8re\ndans la zone frontali\u00e8re","TitleIT":null}]},"Transcripts":{"results":[{"__metadata":{"id":"https://ws.parlament.ch/OData.svc/Transcript(ID=128914L,Language='DE')","uri":"https://ws.parlament.ch/OData.svc/Transcript(ID=128914L,Language='DE')","type":"itsystems.Pd.DataServices.DataModel.Transcript"},"Subjects":{"__deferred":{"uri":"https://ws.parlament.ch/OData.svc/Transcript(ID=128914L,Language='DE')/Subjects"}},"MembersCouncil":{"__deferred":{"uri":"https://ws.parlament.ch/OData.svc/Transcript(ID=128914L,Language='DE')/MembersCouncil"}},"Businesses":{"__deferred":{"uri":"https://ws.parlament.ch/OData.svc/Transcript(ID=128914L,Language='DE')/Businesses"}},"ID":"128914","Language":"DE","IdSubject":"21051","VoteId":null,"PersonNumber":1161,"Type":1,"Text":"<pd_text><p><b>Bundesbeschluss \u00fcber die Genehmigung des Rahmenvertrages zwischen der Schweiz und Liechtenstein \u00fcber die Zusammenarbeit im Bereich des Visumverfahrens, der Einreise und des Aufenthalts sowie \u00fcber die polizeiliche Zusammenarbeit im Grenzraum </b></p>\n<p><b>Arr\u00eat\u00e9 f\u00e9d\u00e9ral portant approbation de l'Accord-cadre entre la Suisse et le Liechtenstein sur la collaboration concernant la proc\u00e9dure de visa, l'entr\u00e9e et le s\u00e9jour ainsi que sur la coop\u00e9ration polici\u00e8re dans la zone frontali\u00e8re </b></p>\n<p>[VS]</p>\n<p><i>Abstimmung - Vote</i></p>\n<p>F\u00fcr Annahme des Entwurfes ... 43 Stimmen</p>\n<p>(Einstimmigkeit)</p>\n<p>(0 Enthaltungen)</p>\n</pd_text>","MeetingCouncilAbbreviation":"S","MeetingDate":"20090612","MeetingVerbalixOid":1832,"IdSession":"4809","SpeakerFirstName":"Alain","SpeakerLastName":"Berset","SpeakerFullName":"Berset Alain","SpeakerFunction":"P-M","CouncilId":2,"CouncilName":"St\u00e4nderat","CantonId":10,"CantonName":"Freiburg","CantonAbbreviation":"FR","ParlGroupName":"Sozialdemokratische Fraktion","ParlGroupAbbreviation":"S","SortOrder":1,"Start":"\/Date(1244800175570)\/","End":"\/Date(1244800206157)\/","Function":"P-M","DisplaySpeaker":false,"LanguageOfText":null,"Modified":"\/Date(1510850485800)\/","StartTimeWithTimezone":"\/Date(1244800175570+0120)\/","EndTimeWithTimezone":"\/Date(1244800206157+0120)\/","VoteBusinessNumber":null,"VoteBusinessShortNumber":null,"VoteBusinessTitle":null}]},"ID":"21051","Language":"DE","IdMeeting":"1434","VerbalixOid":304817,"SortOrder":16,"Modified":"\/Date(1510850485800)\/"}}