{"d":{"__metadata":{"id":"https://ws.parlament.ch/OData.svc/Subject(ID=21056L,Language='DE')","uri":"https://ws.parlament.ch/OData.svc/Subject(ID=21056L,Language='DE')","type":"itsystems.Pd.DataServices.DataModel.Subject"},"Meetings":{"__metadata":{"id":"https://ws.parlament.ch/OData.svc/Meeting(ID=1434L,Language='DE')","uri":"https://ws.parlament.ch/OData.svc/Meeting(ID=1434L,Language='DE')","type":"itsystems.Pd.DataServices.DataModel.Meeting"},"Sessions":{"__deferred":{"uri":"https://ws.parlament.ch/OData.svc/Meeting(ID=1434L,Language='DE')/Sessions"}},"Subjects":{"__deferred":{"uri":"https://ws.parlament.ch/OData.svc/Meeting(ID=1434L,Language='DE')/Subjects"}},"ID":"1434","Language":"DE","MeetingNumber":17,"IdSession":4809,"SessionNumber":9,"SessionName":"Sommersession 2009","Council":2,"CouncilName":"St\u00e4nderat","CouncilAbbreviation":"SR","Date":"\/Date(1244764800000)\/","Begin":"0935","Modified":"\/Date(1447070228867)\/","LegislativePeriodNumber":48,"PublicationStatus":"final","MeetingOrderText":"Siebzehnte Sitzung","SortOrder":17,"Location":"S"},"SubjectsBusiness":{"results":[{"__metadata":{"id":"https://ws.parlament.ch/OData.svc/SubjectBusiness(BusinessNumber=20090454,IdSubject=21056L,Language='DE')","uri":"https://ws.parlament.ch/OData.svc/SubjectBusiness(BusinessNumber=20090454,IdSubject=21056L,Language='DE')","type":"itsystems.Pd.DataServices.DataModel.SubjectBusiness"},"Subjects":{"__deferred":{"uri":"https://ws.parlament.ch/OData.svc/SubjectBusiness(BusinessNumber=20090454,IdSubject=21056L,Language='DE')/Subjects"}},"Businesses":{"__deferred":{"uri":"https://ws.parlament.ch/OData.svc/SubjectBusiness(BusinessNumber=20090454,IdSubject=21056L,Language='DE')/Businesses"}},"IdSubject":"21056","BusinessNumber":20090454,"Language":"DE","BusinessShortNumber":"09.454","Title":"\u00c4nderung des Bundesbeschlusses \u00fcber die Zusatzfinanzierung der IV durch Anhebung der Mehrwertsteuers\u00e4tze","SortOrder":1,"PublishedNotes":"Schlussabstimmung - Vote final\n","Modified":"\/Date(1447069402820)\/","TitleDE":"Parlamentarische Initiative\nWAK-SR.\n\u00c4nderung des Bundesbeschlusses\n\u00fcber die Zusatzfinanzierung der IV\ndurch Anhebung\nder Mehrwertsteuers\u00e4tze","TitleFR":"Initiative parlementaire\nCER-CE.\nModification de l'arr\u00eat\u00e9 f\u00e9d\u00e9ral\nrelatif au financement additionnel\nde l'AI par un rel\u00e8vement temporaire \ndes taux de la TVA","TitleIT":null}]},"Transcripts":{"results":[{"__metadata":{"id":"https://ws.parlament.ch/OData.svc/Transcript(ID=128920L,Language='DE')","uri":"https://ws.parlament.ch/OData.svc/Transcript(ID=128920L,Language='DE')","type":"itsystems.Pd.DataServices.DataModel.Transcript"},"Subjects":{"__deferred":{"uri":"https://ws.parlament.ch/OData.svc/Transcript(ID=128920L,Language='DE')/Subjects"}},"MembersCouncil":{"__deferred":{"uri":"https://ws.parlament.ch/OData.svc/Transcript(ID=128920L,Language='DE')/MembersCouncil"}},"Businesses":{"__deferred":{"uri":"https://ws.parlament.ch/OData.svc/Transcript(ID=128920L,Language='DE')/Businesses"}},"ID":"128920","Language":"DE","IdSubject":"21056","VoteId":null,"PersonNumber":1161,"Type":1,"Text":"<pd_text><p><b>Bundesbeschluss \u00fcber die \u00c4nderung des Bundesbeschlusses \u00fcber eine befristete Zusatzfinanzierung der IV durch Anhebung der Mehrwertsteuers\u00e4tze </b></p>\n<p><b>Arr\u00eat\u00e9 f\u00e9d\u00e9ral portant modification de l'arr\u00eat\u00e9 f\u00e9d\u00e9ral relatif au financement additionnel de l'AI par un rel\u00e8vement temporaire des taux de la TVA </b></p>\n<p>[VS]</p>\n<p><i>Abstimmung - Vote</i></p>\n<p>F\u00fcr Annahme des Entwurfes ... 34 Stimmen</p>\n<p>Dagegen ... 4 Stimmen</p>\n<p>(4 Enthaltungen)</p>\n</pd_text>","MeetingCouncilAbbreviation":"S","MeetingDate":"20090612","MeetingVerbalixOid":1832,"IdSession":"4809","SpeakerFirstName":"Alain","SpeakerLastName":"Berset","SpeakerFullName":"Berset Alain","SpeakerFunction":"P-M","CouncilId":2,"CouncilName":"St\u00e4nderat","CantonId":10,"CantonName":"Freiburg","CantonAbbreviation":"FR","ParlGroupName":"Sozialdemokratische Fraktion","ParlGroupAbbreviation":"S","SortOrder":1,"Start":"\/Date(1244800241400)\/","End":"\/Date(1244800283893)\/","Function":"P-M","DisplaySpeaker":false,"LanguageOfText":null,"Modified":"\/Date(1510850485800)\/","StartTimeWithTimezone":"\/Date(1244800241400+0120)\/","EndTimeWithTimezone":"\/Date(1244800283893+0120)\/","VoteBusinessNumber":null,"VoteBusinessShortNumber":null,"VoteBusinessTitle":null}]},"ID":"21056","Language":"DE","IdMeeting":"1434","VerbalixOid":304823,"SortOrder":18,"Modified":"\/Date(1510850485800)\/"}}