{"d":{"__metadata":{"id":"https://ws.parlament.ch/OData.svc/Subject(ID=21132L,Language='DE')","uri":"https://ws.parlament.ch/OData.svc/Subject(ID=21132L,Language='DE')","type":"itsystems.Pd.DataServices.DataModel.Subject"},"Meetings":{"__metadata":{"id":"https://ws.parlament.ch/OData.svc/Meeting(ID=1442L,Language='DE')","uri":"https://ws.parlament.ch/OData.svc/Meeting(ID=1442L,Language='DE')","type":"itsystems.Pd.DataServices.DataModel.Meeting"},"Sessions":{"__deferred":{"uri":"https://ws.parlament.ch/OData.svc/Meeting(ID=1442L,Language='DE')/Sessions"}},"Subjects":{"__deferred":{"uri":"https://ws.parlament.ch/OData.svc/Meeting(ID=1442L,Language='DE')/Subjects"}},"ID":"1442","Language":"DE","MeetingNumber":6,"IdSession":4901,"SessionNumber":1,"SessionName":"Wintersession 2011","Council":1,"CouncilName":"Nationalrat","CouncilAbbreviation":"NR","Date":"\/Date(1323734400000)\/","Begin":"0800","Modified":"\/Date(1447070231907)\/","LegislativePeriodNumber":49,"PublicationStatus":"final","MeetingOrderText":"Sechste Sitzung","SortOrder":6,"Location":"N"},"SubjectsBusiness":{"results":[{"__metadata":{"id":"https://ws.parlament.ch/OData.svc/SubjectBusiness(BusinessNumber=20090510,IdSubject=21132L,Language='DE')","uri":"https://ws.parlament.ch/OData.svc/SubjectBusiness(BusinessNumber=20090510,IdSubject=21132L,Language='DE')","type":"itsystems.Pd.DataServices.DataModel.SubjectBusiness"},"Subjects":{"__deferred":{"uri":"https://ws.parlament.ch/OData.svc/SubjectBusiness(BusinessNumber=20090510,IdSubject=21132L,Language='DE')/Subjects"}},"Businesses":{"__deferred":{"uri":"https://ws.parlament.ch/OData.svc/SubjectBusiness(BusinessNumber=20090510,IdSubject=21132L,Language='DE')/Businesses"}},"IdSubject":"21132","BusinessNumber":20090510,"Language":"DE","BusinessShortNumber":"09.510","Title":"Erhalt des Viehexportes aus der Schweiz","SortOrder":1,"PublishedNotes":"Fortsetzung - Suite\n","Modified":"\/Date(1447069404370)\/","TitleDE":"Parlamentarische Initiative\nBigger Elmar.\nErhalt des Viehexportes\naus der Schweiz","TitleFR":"Initiative parlementaire\nBigger Elmar.\nMaintien des exportations suisses\nde b\u00e9tail","TitleIT":null}]},"Transcripts":{"results":[{"__metadata":{"id":"https://ws.parlament.ch/OData.svc/Transcript(ID=129818L,Language='DE')","uri":"https://ws.parlament.ch/OData.svc/Transcript(ID=129818L,Language='DE')","type":"itsystems.Pd.DataServices.DataModel.Transcript"},"Subjects":{"__deferred":{"uri":"https://ws.parlament.ch/OData.svc/Transcript(ID=129818L,Language='DE')/Subjects"}},"MembersCouncil":{"__deferred":{"uri":"https://ws.parlament.ch/OData.svc/Transcript(ID=129818L,Language='DE')/MembersCouncil"}},"Businesses":{"__deferred":{"uri":"https://ws.parlament.ch/OData.svc/Transcript(ID=129818L,Language='DE')/Businesses"}},"ID":"129818","Language":"DE","IdSubject":"21132","VoteId":"6625","PersonNumber":null,"Type":2,"Text":"<pd_text><p><i>Gesamtabstimmung - Vote sur l'ensemble</i></p>\n<p>[NAM]</p>\n<p>F\u00fcr Annahme des Entwurfes ... 84 Stimmen</p>\n<p>Dagegen ... 72 Stimmen</p>\n</pd_text>","MeetingCouncilAbbreviation":"N","MeetingDate":"20111213","MeetingVerbalixOid":2129,"IdSession":"4901","SpeakerFirstName":null,"SpeakerLastName":null,"SpeakerFullName":"","SpeakerFunction":null,"CouncilId":null,"CouncilName":null,"CantonId":null,"CantonName":null,"CantonAbbreviation":null,"ParlGroupName":null,"ParlGroupAbbreviation":null,"SortOrder":9,"Start":null,"End":null,"Function":null,"DisplaySpeaker":null,"LanguageOfText":"DE","Modified":"\/Date(1774877662081)\/","StartTimeWithTimezone":null,"EndTimeWithTimezone":null,"VoteBusinessNumber":20090510,"VoteBusinessShortNumber":"09.510","VoteBusinessTitle":"Parlamentarische Initiative\nBigger Elmar.\nErhalt des Viehexportes\naus der Schweiz"},{"__metadata":{"id":"https://ws.parlament.ch/OData.svc/Transcript(ID=129819L,Language='DE')","uri":"https://ws.parlament.ch/OData.svc/Transcript(ID=129819L,Language='DE')","type":"itsystems.Pd.DataServices.DataModel.Transcript"},"Subjects":{"__deferred":{"uri":"https://ws.parlament.ch/OData.svc/Transcript(ID=129819L,Language='DE')/Subjects"}},"MembersCouncil":{"__deferred":{"uri":"https://ws.parlament.ch/OData.svc/Transcript(ID=129819L,Language='DE')/MembersCouncil"}},"Businesses":{"__deferred":{"uri":"https://ws.parlament.ch/OData.svc/Transcript(ID=129819L,Language='DE')/Businesses"}},"ID":"129819","Language":"DE","IdSubject":"21132","VoteId":null,"PersonNumber":null,"Type":3,"Text":"<pd_text><p><i>Detailberatung - Discussion par article</i></p>\n<p>[VS]</p>\n<p><b>Titel und Ingress, Ziff. I, II</b></p>\n<p><i>Antrag der Kommission</i></p>\n<p>Zustimmung zum Entwurf der Kommission</p>\n<p>[VS]</p>\n<p><b>Titre et pr\u00e9ambule, ch. I, II</b></p>\n<p><i>Proposition de la commission</i></p>\n<p>Adh\u00e9rer au projet de la commission</p>\n<p>[VS]</p>\n<p><i>Angenommen - Adopt\u00e9</i></p>\n</pd_text>","MeetingCouncilAbbreviation":"N","MeetingDate":"20111213","MeetingVerbalixOid":2129,"IdSession":"4901","SpeakerFirstName":null,"SpeakerLastName":null,"SpeakerFullName":"","SpeakerFunction":null,"CouncilId":null,"CouncilName":null,"CantonId":null,"CantonName":null,"CantonAbbreviation":null,"ParlGroupName":null,"ParlGroupAbbreviation":null,"SortOrder":8,"Start":null,"End":null,"Function":null,"DisplaySpeaker":null,"LanguageOfText":"DE","Modified":"\/Date(1774877662078)\/","StartTimeWithTimezone":null,"EndTimeWithTimezone":null,"VoteBusinessNumber":null,"VoteBusinessShortNumber":null,"VoteBusinessTitle":null},{"__metadata":{"id":"https://ws.parlament.ch/OData.svc/Transcript(ID=129820L,Language='DE')","uri":"https://ws.parlament.ch/OData.svc/Transcript(ID=129820L,Language='DE')","type":"itsystems.Pd.DataServices.DataModel.Transcript"},"Subjects":{"__deferred":{"uri":"https://ws.parlament.ch/OData.svc/Transcript(ID=129820L,Language='DE')/Subjects"}},"MembersCouncil":{"__deferred":{"uri":"https://ws.parlament.ch/OData.svc/Transcript(ID=129820L,Language='DE')/MembersCouncil"}},"Businesses":{"__deferred":{"uri":"https://ws.parlament.ch/OData.svc/Transcript(ID=129820L,Language='DE')/Businesses"}},"ID":"129820","Language":"DE","IdSubject":"21132","VoteId":"6624","PersonNumber":null,"Type":2,"Text":"<pd_text><p><i>Abstimmung - Vote</i></p>\n<p>[NAM]</p>\n<p>F\u00fcr Eintreten ... 89 Stimmen</p>\n<p>Dagegen ... 65 Stimmen</p>\n</pd_text>","MeetingCouncilAbbreviation":"N","MeetingDate":"20111213","MeetingVerbalixOid":2129,"IdSession":"4901","SpeakerFirstName":null,"SpeakerLastName":null,"SpeakerFullName":"","SpeakerFunction":null,"CouncilId":null,"CouncilName":null,"CantonId":null,"CantonName":null,"CantonAbbreviation":null,"ParlGroupName":null,"ParlGroupAbbreviation":null,"SortOrder":7,"Start":"\/Date(1323764084591)\/","End":"\/Date(1323764129705)\/","Function":null,"DisplaySpeaker":null,"LanguageOfText":"DE","Modified":"\/Date(1774877662077)\/","StartTimeWithTimezone":"\/Date(1323764084590+0060)\/","EndTimeWithTimezone":"\/Date(1323764129707+0060)\/","VoteBusinessNumber":20090510,"VoteBusinessShortNumber":"09.510","VoteBusinessTitle":"Parlamentarische Initiative\nBigger Elmar.\nErhalt des Viehexportes\naus der Schweiz"},{"__metadata":{"id":"https://ws.parlament.ch/OData.svc/Transcript(ID=129821L,Language='DE')","uri":"https://ws.parlament.ch/OData.svc/Transcript(ID=129821L,Language='DE')","type":"itsystems.Pd.DataServices.DataModel.Transcript"},"Subjects":{"__deferred":{"uri":"https://ws.parlament.ch/OData.svc/Transcript(ID=129821L,Language='DE')/Subjects"}},"MembersCouncil":{"__deferred":{"uri":"https://ws.parlament.ch/OData.svc/Transcript(ID=129821L,Language='DE')/MembersCouncil"}},"Businesses":{"__deferred":{"uri":"https://ws.parlament.ch/OData.svc/Transcript(ID=129821L,Language='DE')/Businesses"}},"ID":"129821","Language":"DE","IdSubject":"21132","VoteId":null,"PersonNumber":519,"Type":1,"Text":"<pd_text><p><b>2. Bundesbeschluss \u00fcber die \u00c4nderung des Bundesbeschlusses \u00fcber die finanziellen Mittel f\u00fcr die Landwirtschaft in den Jahren 2012/13 </b></p>\n<p><b>2. Arr\u00eat\u00e9 f\u00e9d\u00e9ral sur la modification de l'arr\u00eat\u00e9 f\u00e9d\u00e9ral sur les moyens financiers destin\u00e9s \u00e0 l'agriculture pour les ann\u00e9es 2012/13 </b></p>\n<p>[VS]</p>\n<p><i>Antrag der Mehrheit</i></p>\n<p>Eintreten</p>\n<p>[VS]</p>\n<p><i>Antrag der Minderheit</i></p>\n<p>(F\u00e4ssler Hildegard, Favre Charles, Fehr Hans-J\u00fcrg, Gysin, Leutenegger Oberholzer, M\u00fcller Philipp, Rechsteiner Paul, Rennwald, Schelbert, Theiler, Thorens Goumaz, Zisyadis)</p>\n<p>Nichteintreten</p>\n<p>[VS]</p>\n<p><i>Proposition de la majorit\u00e9</i></p>\n<p>Entrer en mati\u00e8re</p>\n<p>[VS]</p>\n<p><i>Proposition de la minorit\u00e9</i></p>\n<p>(F\u00e4ssler Hildegard, Favre Charles, Fehr Hans-J\u00fcrg, Gysin, Leutenegger Oberholzer, M\u00fcller Philipp, Rechsteiner Paul, Rennwald, Schelbert, Theiler, Thorens Goumaz, Zisyadis)</p>\n<p>Ne pas entrer en mati\u00e8re</p>\n</pd_text>","MeetingCouncilAbbreviation":"N","MeetingDate":"20111213","MeetingVerbalixOid":2129,"IdSession":"4901","SpeakerFirstName":"Hansj\u00f6rg","SpeakerLastName":"Walter","SpeakerFullName":"Walter Hansj\u00f6rg","SpeakerFunction":"Mit-M","CouncilId":1,"CouncilName":"Nationalrat","CantonId":20,"CantonName":"Thurgau","CantonAbbreviation":"TG","ParlGroupName":"Fraktion der Schweizerischen Volkspartei","ParlGroupAbbreviation":"V","SortOrder":6,"Start":"\/Date(1323763772907)\/","End":"\/Date(1323764084591)\/","Function":"P-M","DisplaySpeaker":false,"LanguageOfText":null,"Modified":"\/Date(1774877662076)\/","StartTimeWithTimezone":"\/Date(1323763772907+0060)\/","EndTimeWithTimezone":"\/Date(1323764084590+0060)\/","VoteBusinessNumber":null,"VoteBusinessShortNumber":null,"VoteBusinessTitle":null},{"__metadata":{"id":"https://ws.parlament.ch/OData.svc/Transcript(ID=129822L,Language='DE')","uri":"https://ws.parlament.ch/OData.svc/Transcript(ID=129822L,Language='DE')","type":"itsystems.Pd.DataServices.DataModel.Transcript"},"Subjects":{"__deferred":{"uri":"https://ws.parlament.ch/OData.svc/Transcript(ID=129822L,Language='DE')/Subjects"}},"MembersCouncil":{"__deferred":{"uri":"https://ws.parlament.ch/OData.svc/Transcript(ID=129822L,Language='DE')/MembersCouncil"}},"Businesses":{"__deferred":{"uri":"https://ws.parlament.ch/OData.svc/Transcript(ID=129822L,Language='DE')/Businesses"}},"ID":"129822","Language":"DE","IdSubject":"21132","VoteId":"6622","PersonNumber":null,"Type":2,"Text":"<pd_text><p><i>Gesamtabstimmung - Vote sur l'ensemble</i></p>\n<p>[NAM]</p>\n<p>F\u00fcr Annahme des Entwurfes ... 84 Stimmen</p>\n<p>Dagegen ... 71 Stimmen</p>\n<p>[VS]</p>\n</pd_text>","MeetingCouncilAbbreviation":"N","MeetingDate":"20111213","MeetingVerbalixOid":2129,"IdSession":"4901","SpeakerFirstName":null,"SpeakerLastName":null,"SpeakerFullName":"","SpeakerFunction":null,"CouncilId":null,"CouncilName":null,"CantonId":null,"CantonName":null,"CantonAbbreviation":null,"ParlGroupName":null,"ParlGroupAbbreviation":null,"SortOrder":5,"Start":null,"End":null,"Function":null,"DisplaySpeaker":null,"LanguageOfText":"DE","Modified":"\/Date(1774877662074)\/","StartTimeWithTimezone":null,"EndTimeWithTimezone":null,"VoteBusinessNumber":20090510,"VoteBusinessShortNumber":"09.510","VoteBusinessTitle":"Parlamentarische Initiative\nBigger Elmar.\nErhalt des Viehexportes\naus der Schweiz"},{"__metadata":{"id":"https://ws.parlament.ch/OData.svc/Transcript(ID=129823L,Language='DE')","uri":"https://ws.parlament.ch/OData.svc/Transcript(ID=129823L,Language='DE')","type":"itsystems.Pd.DataServices.DataModel.Transcript"},"Subjects":{"__deferred":{"uri":"https://ws.parlament.ch/OData.svc/Transcript(ID=129823L,Language='DE')/Subjects"}},"MembersCouncil":{"__deferred":{"uri":"https://ws.parlament.ch/OData.svc/Transcript(ID=129823L,Language='DE')/MembersCouncil"}},"Businesses":{"__deferred":{"uri":"https://ws.parlament.ch/OData.svc/Transcript(ID=129823L,Language='DE')/Businesses"}},"ID":"129823","Language":"DE","IdSubject":"21132","VoteId":"6621","PersonNumber":null,"Type":2,"Text":"<pd_text><p><b>1. Bundesgesetz \u00fcber die Landwirtschaft </b></p>\n<p><b>1. Loi f\u00e9d\u00e9rale sur l'agriculture </b></p>\n<p>[VS]</p>\n<p><b>Titel und Ingress, Ziff. I, II </b></p>\n<p><i>Antrag der Kommission </i></p>\n<p>Festhalten</p>\n<p>[VS]</p>\n<p><b>Titre et pr\u00e9ambule, ch. I, II </b></p>\n<p><i>Proposition de la commission </i></p>\n<p>Maintenir</p>\n<p>[VS]</p>\n<p><i>Angenommen - Adopt\u00e9 </i></p>\n<p>[VS]</p>\n<p><i>Ziff. I Art. 53 - Ch. I art. 53 </i></p>\n<p>[VS]</p>\n<p><i>Ausgabenbremse - Frein aux d\u00e9penses </i></p>\n<p>[VS]</p>\n<p><i>Abstimmung - Vote</i></p>\n<p>[NAM]</p>\n<p>F\u00fcr Annahme der Ausgabe ... 83 Stimmen</p>\n<p>Dagegen ... 71 Stimmen</p>\n<p>[VS]</p>\n<p><i>Das qualifizierte Mehr ist nicht erreicht</i></p>\n<p><i>La majorit\u00e9 qualifi\u00e9e n'est pas acquise</i></p>\n</pd_text>","MeetingCouncilAbbreviation":"N","MeetingDate":"20111213","MeetingVerbalixOid":2129,"IdSession":"4901","SpeakerFirstName":null,"SpeakerLastName":null,"SpeakerFullName":"","SpeakerFunction":null,"CouncilId":null,"CouncilName":null,"CantonId":null,"CantonName":null,"CantonAbbreviation":null,"ParlGroupName":null,"ParlGroupAbbreviation":null,"SortOrder":4,"Start":"\/Date(1323763772907)\/","End":"\/Date(1323763772907)\/","Function":null,"DisplaySpeaker":null,"LanguageOfText":"DE","Modified":"\/Date(1774877662073)\/","StartTimeWithTimezone":"\/Date(1323763772907+0060)\/","EndTimeWithTimezone":"\/Date(1323763772907+0060)\/","VoteBusinessNumber":20090510,"VoteBusinessShortNumber":"09.510","VoteBusinessTitle":"Parlamentarische Initiative\nBigger Elmar.\nErhalt des Viehexportes\naus der Schweiz"},{"__metadata":{"id":"https://ws.parlament.ch/OData.svc/Transcript(ID=129824L,Language='DE')","uri":"https://ws.parlament.ch/OData.svc/Transcript(ID=129824L,Language='DE')","type":"itsystems.Pd.DataServices.DataModel.Transcript"},"Subjects":{"__deferred":{"uri":"https://ws.parlament.ch/OData.svc/Transcript(ID=129824L,Language='DE')/Subjects"}},"MembersCouncil":{"__deferred":{"uri":"https://ws.parlament.ch/OData.svc/Transcript(ID=129824L,Language='DE')/MembersCouncil"}},"Businesses":{"__deferred":{"uri":"https://ws.parlament.ch/OData.svc/Transcript(ID=129824L,Language='DE')/Businesses"}},"ID":"129824","Language":"DE","IdSubject":"21132","VoteId":null,"PersonNumber":508,"Type":1,"Text":"<pd_text><p>Der Sachverhalt ist klar, das Gesch\u00e4ft ist zum wiederholten Mal hier in diesem Rat, der Kommissionssprecher hat die Geschichte soeben sehr ausf\u00fchrlich dargestellt. </p>\n<p>Die bundesr\u00e4tlichen Argumente sind in den Kommissionen und auch in den Plenen diskutiert worden. Der Bundesrat erachtet die Wiedereinf\u00fchrung der Ausfuhrbeihilfen als nicht zielf\u00fchrend, als nicht zeitgem\u00e4ss und als marktverzerrend. Die bundesr\u00e4tliche Politik geht \u00fcber die Direktzahlungen - auch f\u00fcr die H\u00fcgel- und Berglandwirtschaft. Die [PAGE 2041] bundesr\u00e4tliche Politik unterst\u00fctzt die Viehhalter und die Viehzucht mit j\u00e4hrlich vielen Mitteln und grossen Beitr\u00e4gen. </p>\n<p>Der Bundesrat empfiehlt diese Ausfuhrbeihilfe zur Ablehnung.</p>\n<p>[VS]</p>\n</pd_text>","MeetingCouncilAbbreviation":"N","MeetingDate":"20111213","MeetingVerbalixOid":2129,"IdSession":"4901","SpeakerFirstName":"Johann N.","SpeakerLastName":"Schneider-Ammann","SpeakerFullName":"Schneider-Ammann Johann N.","SpeakerFunction":"BR-M","CouncilId":99,"CouncilName":"Bundesrat","CantonId":2,"CantonName":"Bern","CantonAbbreviation":"BE","ParlGroupName":null,"ParlGroupAbbreviation":null,"SortOrder":3,"Start":"\/Date(1323763705760)\/","End":"\/Date(1323763772907)\/","Function":"BR-M","DisplaySpeaker":true,"LanguageOfText":"DE","Modified":"\/Date(1774877662072)\/","StartTimeWithTimezone":"\/Date(1323763705760+0060)\/","EndTimeWithTimezone":"\/Date(1323763772907+0060)\/","VoteBusinessNumber":null,"VoteBusinessShortNumber":null,"VoteBusinessTitle":null},{"__metadata":{"id":"https://ws.parlament.ch/OData.svc/Transcript(ID=129825L,Language='DE')","uri":"https://ws.parlament.ch/OData.svc/Transcript(ID=129825L,Language='DE')","type":"itsystems.Pd.DataServices.DataModel.Transcript"},"Subjects":{"__deferred":{"uri":"https://ws.parlament.ch/OData.svc/Transcript(ID=129825L,Language='DE')/Subjects"}},"MembersCouncil":{"__deferred":{"uri":"https://ws.parlament.ch/OData.svc/Transcript(ID=129825L,Language='DE')/MembersCouncil"}},"Businesses":{"__deferred":{"uri":"https://ws.parlament.ch/OData.svc/Transcript(ID=129825L,Language='DE')/Businesses"}},"ID":"129825","Language":"DE","IdSubject":"21132","VoteId":null,"PersonNumber":473,"Type":1,"Text":"<pd_text><p>Wir sind bei diesem Gesch\u00e4ft in der Differenzbereinigung mit dem St\u00e4nderat. Wir haben jetzt eine recht komplizierte Situation, weil es verschiedene Differenzen zum St\u00e4nderat gibt und wir das Gesch\u00e4ft bereits wiederholt in unserem Rat hatten. So hat in der Herbstsession unsere WAK Nichteintreten auf dieses Gesch\u00e4ft beantragt. Unser Rat hat dann mit 88 zu 72 Stimmen dennoch Eintreten beschlossen und die Vorlage f\u00fcr die Detailberatung in die Kommission zur\u00fcckgeschickt. Die WAK-NR beantragt nun unserem Rat, keine \u00c4nderungen an der Vorlage vorzunehmen. Da der St\u00e4nderat die Vorlage in der Gesamtabstimmung abgelehnt hat, bestehen Differenzen \u00fcber die gesamte Vorlage. Weil die Vorlage aber nur aus einem einzigen Artikel besteht, zu dem die Kommission keinen Antrag stellt, gibt es in der Detailberatung lediglich eine Abstimmung zur Ausgabenbremse. Zus\u00e4tzlich wird erneut eine Gesamtabstimmung durchgef\u00fchrt, da eine Differenz \u00fcber die gesamte Vorlage besteht und die Detailberatung analog zu einer Erstberatung vollst\u00e4ndig durchgef\u00fchrt wird. Wird nun die Vorlage 1 in der Gesamtabstimmung abgelehnt, ist sie erledigt, weil wir dann je eine Ablehnung in beiden R\u00e4ten haben. Wird die Vorlage 1 in der Gesamtabstimmung angenommen, geht sie zur\u00fcck an den St\u00e4nderat. </p>\n<p>Wir beraten ja bei diesem Gesch\u00e4ft zwei Vorlagen. Zur Vorlage 2 ist zu sagen, dass unser Rat sie sistiert hat, weil die Ausgabenbremse in der Vorlage 1 anl\u00e4sslich der ersten Beratung in unserem Rat nicht gel\u00f6st wurde. Die Finanzierung durch die Vorlage 2 macht ohne die Gesetzes\u00e4nderung in der Vorlage 1 keinen Sinn. Wird bei der Vorlage 1 die Ausgabenbremse gel\u00f6st und wird die Vorlage in der Gesamtabstimmung angenommen, dann wird die Vorlage 2 normal beraten. Das heisst, es gibt eine Abstimmung \u00fcber Eintreten, eine Detailberatung, eine Gesamtabstimmung. Die Eintretensdebatte zur Vorlage 2 wurde aber bereits anl\u00e4sslich der Sondersession im April 2011 zusammen mit der Eintretensdebatte zur Vorlage 1 durchgef\u00fchrt. Es gibt daher zur Vorlage 2 keine Eintretensdebatte mehr, sondern der Rat schreitet dann zur Abstimmung \u00fcber Eintreten auf die Vorlage 2. So weit zum Prozedere. </p>\n<p>Noch ein paar kurze inhaltliche Angaben zur Vorlage: Der Viehexport ist ein wichtiges Instrument zur Erhaltung des einheimischen Nutz- und Schlachtviehmarktes. Besonders im Herbst, wenn zahlreiche Tiere von den Alpen zur\u00fcckkehren, sind die Viehhalter auf den Viehexport angewiesen. Der Viehexport tr\u00e4gt dazu bei, dass die Viehpreise bei einer saisonalen Zunahme des Angebotes nicht zusammenbrechen. Die M\u00f6glichkeit des Viehexportes hilft mit, die Nutz- und Schlachtviehpreise stabiler zu halten. Davon kann jeder Landwirt profitieren.</p>\n<p>Die Viehexportbeitr\u00e4ge des Bundes wurden mit der AP 2011 gestrichen. Damals wurde vor allem argumentiert, dass die Exportbeitr\u00e4ge nicht WTO-tauglich seien. Nun konnte die WTO-Doha-Runde nicht abgeschlossen werden. Dadurch ist eine Ungleichbehandlung gegen\u00fcber der EU entstanden. Wie es mit der Doha-Runde weitergeht, ist aus heutiger Sicht schwierig zu beurteilen. Jedenfalls ist es so, dass die EU weiterhin Ausfuhrbeihilfen f\u00fcr Vieh, welches in Drittstaaten exportiert wird, kennt. Die Schweiz ist gegen\u00fcber der EU ebenfalls ein Drittland. Wenn also Tiere aus einem EU-Staat in die Schweiz exportiert werden, gibt es daf\u00fcr Ausfuhrbeihilfen. Wenn aber Tiere aus der Schweiz in die EU exportiert werden, gibt es daf\u00fcr keine Exportbeitr\u00e4ge mehr. Das hat dazu gef\u00fchrt, dass 2009 mit den Viehexportbeitr\u00e4gen rund 5800 Tiere exportiert werden konnten, dass aber 2010 ohne Viehexportbeitr\u00e4ge nur noch gut 500 Tiere exportiert wurden. Im Jahr 2011 hat sich dieser Trend fortgesetzt. Man sieht also ganz deutlich, dass wir auf diese Viehexportbeitr\u00e4ge angewiesen sind und dass der Viehexport ohne diese Beitr\u00e4ge regelrecht eingebrochen ist. </p>\n<p>Der vorliegende Vorschlag f\u00fcr die Wiedereinf\u00fchrung der Exportbeitr\u00e4ge ist auch sehr moderat und massvoll ausgefallen. Es sind darin keine zus\u00e4tzlichen Mittel vorgesehen. Sie sollen innerhalb des Landwirtschaftsbudgets von den Direktzahlungen zu den Marktst\u00fctzungen umgelagert werden. Bei der Umlagerung handelt es sich um 4 Millionen Franken pro Jahr. Es ist also ein sehr bescheidener Betrag. Es ist aber ein Betrag, der am Markt bedeutende positive Auswirkungen haben kann. Die Beitr\u00e4ge m\u00fcssen auch nicht in der gleichen H\u00f6he ausgerichtet werden wie bisher; die Marktlage und die Konkurrenzsituation lassen es in Zukunft zu, dass die Beitr\u00e4ge pro Tier etwas tiefer angesetzt werden k\u00f6nnen. Sie w\u00fcrden etwa bei 60 Prozent der fr\u00fcheren Beitr\u00e4ge liegen. </p>\n<p>Die Vernehmlassung zur Wiedereinf\u00fchrung der Viehexportbeitr\u00e4ge fiel grossmehrheitlich positiv aus. Sechzehn Kantone stimmen der Wiedereinf\u00fchrung der Viehexportbeitr\u00e4ge zu, nur acht sind dagegen. Bei den betroffenen Organisationen ist die Zustimmung noch bedeutend deutlicher ausgefallen. </p>\n<p>Aus all diesen Gr\u00fcnden beantragt eine knappe Kommissionsmehrheit dem Rat, der unver\u00e4nderten Vorlage zuzustimmen.</p>\n</pd_text>","MeetingCouncilAbbreviation":"N","MeetingDate":"20111213","MeetingVerbalixOid":2129,"IdSession":"4901","SpeakerFirstName":"Hansj\u00f6rg","SpeakerLastName":"Hassler","SpeakerFullName":"Hassler Hansj\u00f6rg","SpeakerFunction":"Mit-M","CouncilId":1,"CouncilName":"Nationalrat","CantonId":18,"CantonName":"Graub\u00fcnden","CantonAbbreviation":"GR","ParlGroupName":"Fraktion BD","ParlGroupAbbreviation":"BD","SortOrder":2,"Start":"\/Date(1323763326746)\/","End":"\/Date(1323763705760)\/","Function":"*","DisplaySpeaker":true,"LanguageOfText":"DE","Modified":"\/Date(1774877662070)\/","StartTimeWithTimezone":"\/Date(1323763326747+0060)\/","EndTimeWithTimezone":"\/Date(1323763705760+0060)\/","VoteBusinessNumber":null,"VoteBusinessShortNumber":null,"VoteBusinessTitle":null},{"__metadata":{"id":"https://ws.parlament.ch/OData.svc/Transcript(ID=129826L,Language='DE')","uri":"https://ws.parlament.ch/OData.svc/Transcript(ID=129826L,Language='DE')","type":"itsystems.Pd.DataServices.DataModel.Transcript"},"Subjects":{"__deferred":{"uri":"https://ws.parlament.ch/OData.svc/Transcript(ID=129826L,Language='DE')/Subjects"}},"MembersCouncil":{"__deferred":{"uri":"https://ws.parlament.ch/OData.svc/Transcript(ID=129826L,Language='DE')/MembersCouncil"}},"Businesses":{"__deferred":{"uri":"https://ws.parlament.ch/OData.svc/Transcript(ID=129826L,Language='DE')/Businesses"}},"ID":"129826","Language":"DE","IdSubject":"21132","VoteId":null,"PersonNumber":519,"Type":1,"Text":"<pd_text><p><b>Pr\u00e4sident </b>(Walter Hansj\u00f6rg, Pr\u00e4sident): Die Eintretensdebatte zu diesem Gesch\u00e4ft haben wir bereits am 14. April 2011 gef\u00fchrt. Die beiden Berichterstatter f\u00fchren uns nun wieder in das Gesch\u00e4ft ein. Anschliessend beraten wir die Vorlage 1 im Detail und stimmen \u00fcber Eintreten auf die Vorlage 2 ab.</p>\n</pd_text>","MeetingCouncilAbbreviation":"N","MeetingDate":"20111213","MeetingVerbalixOid":2129,"IdSession":"4901","SpeakerFirstName":"Hansj\u00f6rg","SpeakerLastName":"Walter","SpeakerFullName":"Walter Hansj\u00f6rg","SpeakerFunction":"Mit-M","CouncilId":1,"CouncilName":"Nationalrat","CantonId":20,"CantonName":"Thurgau","CantonAbbreviation":"TG","ParlGroupName":"Fraktion der Schweizerischen Volkspartei","ParlGroupAbbreviation":"V","SortOrder":1,"Start":"\/Date(1323763252311)\/","End":"\/Date(1323763326746)\/","Function":"P-M","DisplaySpeaker":false,"LanguageOfText":null,"Modified":"\/Date(1774877662064)\/","StartTimeWithTimezone":"\/Date(1323763252310+0060)\/","EndTimeWithTimezone":"\/Date(1323763326747+0060)\/","VoteBusinessNumber":null,"VoteBusinessShortNumber":null,"VoteBusinessTitle":null}]},"ID":"21132","Language":"DE","IdMeeting":"1442","VerbalixOid":369688,"SortOrder":1,"Modified":"\/Date(1447070232010)\/"}}