{"d":{"__metadata":{"id":"https://ws.parlament.ch/OData.svc/Subject(ID=21157L,Language='DE')","uri":"https://ws.parlament.ch/OData.svc/Subject(ID=21157L,Language='DE')","type":"itsystems.Pd.DataServices.DataModel.Subject"},"Meetings":{"__metadata":{"id":"https://ws.parlament.ch/OData.svc/Meeting(ID=1446L,Language='DE')","uri":"https://ws.parlament.ch/OData.svc/Meeting(ID=1446L,Language='DE')","type":"itsystems.Pd.DataServices.DataModel.Meeting"},"Sessions":{"__deferred":{"uri":"https://ws.parlament.ch/OData.svc/Meeting(ID=1446L,Language='DE')/Sessions"}},"Subjects":{"__deferred":{"uri":"https://ws.parlament.ch/OData.svc/Meeting(ID=1446L,Language='DE')/Subjects"}},"ID":"1446","Language":"DE","MeetingNumber":1,"IdSession":4820,"SessionNumber":20,"SessionName":"Herbstsession 2011","Council":1,"CouncilName":"Nationalrat","CouncilAbbreviation":"NR","Date":"\/Date(1315785600000)\/","Begin":"1430","Modified":"\/Date(1447070233480)\/","LegislativePeriodNumber":48,"PublicationStatus":"final","MeetingOrderText":"Erste Sitzung","SortOrder":1,"Location":"N"},"SubjectsBusiness":{"results":[{"__metadata":{"id":"https://ws.parlament.ch/OData.svc/SubjectBusiness(BusinessNumber=20110009,IdSubject=21157L,Language='DE')","uri":"https://ws.parlament.ch/OData.svc/SubjectBusiness(BusinessNumber=20110009,IdSubject=21157L,Language='DE')","type":"itsystems.Pd.DataServices.DataModel.SubjectBusiness"},"Subjects":{"__deferred":{"uri":"https://ws.parlament.ch/OData.svc/SubjectBusiness(BusinessNumber=20110009,IdSubject=21157L,Language='DE')/Subjects"}},"Businesses":{"__deferred":{"uri":"https://ws.parlament.ch/OData.svc/SubjectBusiness(BusinessNumber=20110009,IdSubject=21157L,Language='DE')/Businesses"}},"IdSubject":"21157","BusinessNumber":20110009,"Language":"DE","BusinessShortNumber":"11.009","Title":"Delegation bei der Parlamentarischen Versammlung der Frankophonie. Bericht","SortOrder":1,"PublishedNotes":"Erstrat - Premier Conseil\n","Modified":"\/Date(1447069490913)\/","TitleDE":"Delegation bei der APF.\nBericht 2010","TitleFR":"D\u00e9l\u00e9gation aupr\u00e8s de l'APF.\nRapport 2010","TitleIT":null}]},"Transcripts":{"results":[{"__metadata":{"id":"https://ws.parlament.ch/OData.svc/Transcript(ID=130289L,Language='DE')","uri":"https://ws.parlament.ch/OData.svc/Transcript(ID=130289L,Language='DE')","type":"itsystems.Pd.DataServices.DataModel.Transcript"},"Subjects":{"__deferred":{"uri":"https://ws.parlament.ch/OData.svc/Transcript(ID=130289L,Language='DE')/Subjects"}},"MembersCouncil":{"__deferred":{"uri":"https://ws.parlament.ch/OData.svc/Transcript(ID=130289L,Language='DE')/MembersCouncil"}},"Businesses":{"__deferred":{"uri":"https://ws.parlament.ch/OData.svc/Transcript(ID=130289L,Language='DE')/Businesses"}},"ID":"130289","Language":"DE","IdSubject":"21157","VoteId":null,"PersonNumber":1117,"Type":1,"Text":"<pd_text><p><i>Vom Bericht wird Kenntnis genommen</i></p>\n<p><i>Il est pris acte du rapport</i></p>\n<p>[PAGE 1308] </p>\n</pd_text>","MeetingCouncilAbbreviation":"N","MeetingDate":"20110912","MeetingVerbalixOid":2092,"IdSession":"4820","SpeakerFirstName":"Jean-Ren\u00e9","SpeakerLastName":"Germanier","SpeakerFullName":"Germanier Jean-Ren\u00e9","SpeakerFunction":"P-M","CouncilId":1,"CouncilName":"Nationalrat","CantonId":23,"CantonName":"Wallis","CantonAbbreviation":"VS","ParlGroupName":"Freisinnig-demokratische Fraktion","ParlGroupAbbreviation":"RL","SortOrder":1,"Start":"\/Date(1315838088129)\/","End":"\/Date(1315838108810)\/","Function":"P-M","DisplaySpeaker":false,"LanguageOfText":null,"Modified":"\/Date(1774877668672)\/","StartTimeWithTimezone":"\/Date(1315838088130+0120)\/","EndTimeWithTimezone":"\/Date(1315838108810+0120)\/","VoteBusinessNumber":null,"VoteBusinessShortNumber":null,"VoteBusinessTitle":null}]},"ID":"21157","Language":"DE","IdMeeting":"1446","VerbalixOid":360845,"SortOrder":4,"Modified":"\/Date(1774877668667)\/"}}