{"d":{"__metadata":{"id":"https://ws.parlament.ch/OData.svc/Subject(ID=22220L,Language='DE')","uri":"https://ws.parlament.ch/OData.svc/Subject(ID=22220L,Language='DE')","type":"itsystems.Pd.DataServices.DataModel.Subject"},"Meetings":{"__metadata":{"id":"https://ws.parlament.ch/OData.svc/Meeting(ID=1481L,Language='DE')","uri":"https://ws.parlament.ch/OData.svc/Meeting(ID=1481L,Language='DE')","type":"itsystems.Pd.DataServices.DataModel.Meeting"},"Sessions":{"__deferred":{"uri":"https://ws.parlament.ch/OData.svc/Meeting(ID=1481L,Language='DE')/Sessions"}},"Subjects":{"__deferred":{"uri":"https://ws.parlament.ch/OData.svc/Meeting(ID=1481L,Language='DE')/Subjects"}},"ID":"1481","Language":"DE","MeetingNumber":13,"IdSession":4814,"SessionNumber":14,"SessionName":"Sommersession 2010","Council":2,"CouncilName":"St\u00e4nderat","CouncilAbbreviation":"SR","Date":"\/Date(1276646400000)\/","Begin":"0830","Modified":"\/Date(1447070248310)\/","LegislativePeriodNumber":48,"PublicationStatus":"final","MeetingOrderText":"Dreizehnte Sitzung","SortOrder":13,"Location":"S"},"SubjectsBusiness":{"results":[{"__metadata":{"id":"https://ws.parlament.ch/OData.svc/SubjectBusiness(BusinessNumber=20100005,IdSubject=22220L,Language='DE')","uri":"https://ws.parlament.ch/OData.svc/SubjectBusiness(BusinessNumber=20100005,IdSubject=22220L,Language='DE')","type":"itsystems.Pd.DataServices.DataModel.SubjectBusiness"},"Subjects":{"__deferred":{"uri":"https://ws.parlament.ch/OData.svc/SubjectBusiness(BusinessNumber=20100005,IdSubject=22220L,Language='DE')/Subjects"}},"Businesses":{"__deferred":{"uri":"https://ws.parlament.ch/OData.svc/SubjectBusiness(BusinessNumber=20100005,IdSubject=22220L,Language='DE')/Businesses"}},"IdSubject":"22220","BusinessNumber":20100005,"Language":"DE","BusinessShortNumber":"10.005","Title":"Oberaufsicht \u00fcber den Bau der Neat im Jahre 2009","SortOrder":1,"PublishedNotes":"Zweitrat - Deuxi\u00e8me Conseil\n","Modified":"\/Date(1447069445986)\/","TitleDE":"Oberaufsicht\n\u00fcber den Bau\nder Neat im Jahre 2009.\nBericht","TitleFR":"Haute surveillance\nsur la construction\nde la NLFA en 2009.\nRapport","TitleIT":null}]},"Transcripts":{"results":[{"__metadata":{"id":"https://ws.parlament.ch/OData.svc/Transcript(ID=133614L,Language='DE')","uri":"https://ws.parlament.ch/OData.svc/Transcript(ID=133614L,Language='DE')","type":"itsystems.Pd.DataServices.DataModel.Transcript"},"Subjects":{"__deferred":{"uri":"https://ws.parlament.ch/OData.svc/Transcript(ID=133614L,Language='DE')/Subjects"}},"MembersCouncil":{"__deferred":{"uri":"https://ws.parlament.ch/OData.svc/Transcript(ID=133614L,Language='DE')/MembersCouncil"}},"Businesses":{"__deferred":{"uri":"https://ws.parlament.ch/OData.svc/Transcript(ID=133614L,Language='DE')/Businesses"}},"ID":"133614","Language":"DE","IdSubject":"22220","VoteId":null,"PersonNumber":370,"Type":1,"Text":"<pd_text><p>Sie haben einen schriftlichen Bericht der Finanzkommission erhalten. Sie beantragt Ihnen, vom Bericht der Neat-Aufsichtsdelegation Kenntnis zu nehmen. Es ist kein anderer Antrag gestellt.</p>\n<p>[VS]</p>\n<p><i>Vom Bericht wird Kenntnis genommen</i></p>\n<p><i>Il est pris acte du rapport</i></p>\n<p>[VS]</p>\n<p>[VS]</p>\n<p>[VS]</p>\n<p><i>Schluss der Sitzung um 13.20 Uhr</i></p>\n<p><i>La s\u00e9ance est lev\u00e9e \u00e0 13 h 20</i></p>\n<p>[PAGE 697] </p>\n<p>[VS]</p>\n<p>[VS]</p>\n<p>[VS]</p>\n<p>[VS]</p>\n</pd_text>","MeetingCouncilAbbreviation":"S","MeetingDate":"20100616","MeetingVerbalixOid":1958,"IdSession":"4814","SpeakerFirstName":"Erika","SpeakerLastName":"Forster-Vannini","SpeakerFullName":"Forster-Vannini Erika","SpeakerFunction":"P-F","CouncilId":2,"CouncilName":"St\u00e4nderat","CantonId":17,"CantonName":"St. Gallen","CantonAbbreviation":"SG","ParlGroupName":"Freisinnig-demokratische Fraktion","ParlGroupAbbreviation":"RL","SortOrder":3,"Start":"\/Date(1276694154177)\/","End":"\/Date(1276694204293)\/","Function":"P-F","DisplaySpeaker":true,"LanguageOfText":"DE","Modified":"\/Date(1510850171730)\/","StartTimeWithTimezone":"\/Date(1276694154177+0120)\/","EndTimeWithTimezone":"\/Date(1276694204293+0120)\/","VoteBusinessNumber":null,"VoteBusinessShortNumber":null,"VoteBusinessTitle":null},{"__metadata":{"id":"https://ws.parlament.ch/OData.svc/Transcript(ID=133615L,Language='DE')","uri":"https://ws.parlament.ch/OData.svc/Transcript(ID=133615L,Language='DE')","type":"itsystems.Pd.DataServices.DataModel.Transcript"},"Subjects":{"__deferred":{"uri":"https://ws.parlament.ch/OData.svc/Transcript(ID=133615L,Language='DE')/Subjects"}},"MembersCouncil":{"__deferred":{"uri":"https://ws.parlament.ch/OData.svc/Transcript(ID=133615L,Language='DE')/MembersCouncil"}},"Businesses":{"__deferred":{"uri":"https://ws.parlament.ch/OData.svc/Transcript(ID=133615L,Language='DE')/Businesses"}},"ID":"133615","Language":"DE","IdSubject":"22220","VoteId":null,"PersonNumber":134,"Type":1,"Text":"<pd_text><p>Ich bedanke mich meinerseits f\u00fcr die Begleitung und die intensive Kontrolle, die uns auch immer wieder wertvolle Anregungen gibt. </p>\n<p>Kurz zu den aufgeworfenen Fragen: Das wichtigste Problem sind im Moment zweifellos die Anschl\u00fcsse in Deutschland und in Italien, wobei die in Deutschland derzeit das gravierendere Problem sind. Sie wissen, dass wir einen Vertrag mit Deutschland haben. Wir pochen darauf, dass dieser Vertrag eingehalten wird. Die deutsche Seite versichert uns einerseits auch immer wieder, dass sie ihn einhalten wolle. Es ist andererseits auch \u00fcblich, dass bei einem Regierungswechsel wieder \u00fcber die B\u00fccher gegangen, geschaut wird, [PAGE 696] welche Projekte allenfalls gestrichen werden k\u00f6nnten. Hinzu kommen Einsprachen der dortigen Bev\u00f6lkerung. Wir k\u00f6nnen es nur nicht zulassen, dass solche Ausbauten effektiv gestrichen w\u00fcrden. Wir machen bei jeder Gelegenheit mit aller Intensit\u00e4t und auch mit der Hilfe anderer Staaten Deutschland auf dieses Problem aufmerksam. Wir haben vorgestern in Rotterdam eine Vereinbarung aller Staaten unterschrieben, die von Eurokorridoren betroffen sind. Dort geht es darum, dass alle L\u00e4nder, d. h. auch Deutschland, nicht nur zum Bau der Zulaufstrecken, sondern auch zur Einf\u00fchrung des ETCS-Systems verpflichtet werden, damit das dann tats\u00e4chlich betrieben werden kann. Auch das sind nat\u00fcrlich internationale Vertr\u00e4ge, auf deren Einhaltung man dann pochen kann. Wenn sie nicht eingehalten werden, haben wir trotzdem nichts in der Hand, k\u00f6nnen z. B. kein Schadenersatzbegehren usw. stellen. Aber unter befreundeten Nachbarl\u00e4ndern m\u00fcssen wir bei einem solchen Vertragswerk, das durch Treu und Glauben begr\u00fcndet und jetzt auch noch international unterst\u00fctzt worden ist, einfach auf die Einhaltung pochen. Das tun wir auch bei jeder Gelegenheit und m\u00fcssen das weiterhin tun. </p>\n<p>Zum zweiten Problem: Das Er\u00f6ffnungsdatum - Sie haben es zu Recht gesagt - ist eine Kostenfrage. Wenn man die Er\u00f6ffnung jetzt wesentlich fr\u00fcher will, dann m\u00fcsste man wesentlich tiefer in die Tasche greifen. Wir sind auch der Meinung, das sei eine Kosten-Nutzen-Frage, die man entscheiden muss. Wir sind nicht der Meinung, dass es so wahnsinnig auf diese anderthalb Jahre ankommt.</p>\n<p>Eine letzte Bemerkung: Der Durchstich ist f\u00fcr den 15. Oktober dieses Jahres vorgesehen. Ich kann das nicht zu 100 Prozent garantieren, weil nun gemeldet wurde, dass eine grosse Wassermenge, n\u00e4mlich 50 Liter pro Sekunde, den weiteren Vortrieb behindert. Man versucht jetzt, mit vorauseilenden Bohrungen die M\u00f6glichkeit des Vorhandenseins einer wasserf\u00fchrenden Schicht zu erkunden. Aber ein Tunnel ist erst dann durchstochen, wenn er durchstochen ist. Wir hoffen also, der 15. Oktober k\u00f6nne unser Datum sein, aber ich kann es hier noch nicht garantieren - ich muss das leider ausdr\u00fccklich sagen. Die Gesamter\u00f6ffnung ist deswegen nicht infrage gestellt.</p>\n</pd_text>","MeetingCouncilAbbreviation":"S","MeetingDate":"20100616","MeetingVerbalixOid":1958,"IdSession":"4814","SpeakerFirstName":"Moritz","SpeakerLastName":"Leuenberger","SpeakerFullName":"Leuenberger Moritz","SpeakerFunction":"VPBR-M","CouncilId":99,"CouncilName":"Bundesrat","CantonId":1,"CantonName":"Z\u00fcrich","CantonAbbreviation":"ZH","ParlGroupName":null,"ParlGroupAbbreviation":null,"SortOrder":2,"Start":"\/Date(1276693939273)\/","End":"\/Date(1276694154177)\/","Function":"VPBR-M","DisplaySpeaker":true,"LanguageOfText":"DE","Modified":"\/Date(1510850171730)\/","StartTimeWithTimezone":"\/Date(1276693939273+0120)\/","EndTimeWithTimezone":"\/Date(1276694154177+0120)\/","VoteBusinessNumber":null,"VoteBusinessShortNumber":null,"VoteBusinessTitle":null},{"__metadata":{"id":"https://ws.parlament.ch/OData.svc/Transcript(ID=133616L,Language='DE')","uri":"https://ws.parlament.ch/OData.svc/Transcript(ID=133616L,Language='DE')","type":"itsystems.Pd.DataServices.DataModel.Transcript"},"Subjects":{"__deferred":{"uri":"https://ws.parlament.ch/OData.svc/Transcript(ID=133616L,Language='DE')/Subjects"}},"MembersCouncil":{"__deferred":{"uri":"https://ws.parlament.ch/OData.svc/Transcript(ID=133616L,Language='DE')/MembersCouncil"}},"Businesses":{"__deferred":{"uri":"https://ws.parlament.ch/OData.svc/Transcript(ID=133616L,Language='DE')/Businesses"}},"ID":"133616","Language":"DE","IdSubject":"22220","VoteId":null,"PersonNumber":408,"Type":1,"Text":"<pd_text><p>Im Berichtsjahr 2009 wurden wir bei den Neat-Bauwerken zum Gl\u00fcck von schwerwiegenden Ereignissen verschont. Das war nicht immer so, nehmen wir das also dankbar zur Kenntnis. Gleichwohl m\u00fcssen wir wachsam sein und nach wie vor vorausschauen, das Bauvorhaben kritisch und konstruktiv begleiten.</p>\n<p>Nun zu den Neat-Zufahrten in Deutschland: Die sch\u00f6nsten und gr\u00f6ssten Eisenbahnlinien n\u00fctzen und taugen nichts, wenn im Norden und im S\u00fcden die Anschl\u00fcsse nicht gew\u00e4hrleistet sind. Mit anderen Worten: Durch eine Wasserleitung pumpen Sie nicht mehr Wasser, nur weil Sie den Durchmesser des Zwischenst\u00fccks verdoppeln; der kleinste Durchmesser gibt die Menge an. Von diesem Gesichtspunkt aus kommt dem Ausbau zwischen Karlsruhe und Basel eine sehr, sehr zentrale Bedeutung zu. Angesichts der gigantischen Einspracheflut d\u00fcrfte das L\u00f6sen dieser Probleme eine Herkulesaufgabe darstellen, und ich w\u00e4re froh, wenn der Herr Bundesrat hier zwei, drei Ausf\u00fchrungen machen k\u00f6nnte. Auch aufgrund der finanziellen Situation von Deutschland, die uns allen ja in den letzten Jahren sattsam bekanntgemacht wurde, bin ich nicht sicher, ob man dort die Priorit\u00e4tenliste bez\u00fcglich dieses Ausbaus gleich sieht wie wir. Mich wundert auch, dass das Einspracheverfahren respektive die Festlegung der Linienf\u00fchrung nicht zur gleichen Zeit erfolgte, beispielsweise also vor f\u00fcnfzehn Jahren, als auch wir diese Verfahren durchf\u00fchrten. Da sind die Deutschen also relativ sp\u00e4t dran. Tatsache ist aber, dass diese Anschl\u00fcsse in Italien wie auch in Deutschland f\u00fcr unsere Milliardeninvestitionen sehr, sehr wichtig sind.</p>\n<p>Nun zu den Arbeiten am Gotthard-Basistunnel: Die Arbeiten am Gotthard-Basistunnel sind im Programm. Die Inbetriebnahme ist nach wie vor auf Dezember 2017 vorgesehen, wobei es bei einem Jahrhundertbauwerk von dieser Dimension f\u00fcr mich nicht eine so grosse Rolle spielen w\u00fcrde, ob das nun ein Jahr fr\u00fcher oder ein Jahr sp\u00e4ter der Fall sein wird. Ich bin auch nicht mehr bereit, zus\u00e4tzliche Beschleunigungsmassnahmen in der Gr\u00f6ssenordnung von Hunderten von Millionen Franken zu sprechen, denn das lohnt sich definitiv nicht. Da k\u00f6nnen wir finanzpolitische Seminare durchf\u00fchren, wie wir wollen, dieses Bauwerk wird er\u00f6ffnet; ob ein paar Monate fr\u00fcher oder sp\u00e4ter, spielt keine Rolle. Ich habe diese Aussage schon gemacht, als es um die bekannten Losverschiebungen ging, um die Termine zu beschleunigen.</p>\n<p>Zum Ceneri-Basistunnel: Beim Ceneri-Basistunnel haben die Arbeiten ebenfalls begonnen. Gegen die Vergabe an das R\u00f6mer Konsortium wurden keine Einsprachen eingereicht. Wir k\u00f6nnen also davon ausgehen, dass diese Arbeiten termingerecht auszuf\u00fchren sind und dass das R\u00f6mer Konsortium mit gleich langen Spiessen zu k\u00e4mpfen hat, wie es das Schweizer Konsortium gemacht h\u00e4tte. Aber das zu kontrollieren und zu \u00fcberpr\u00fcfen ist Angelegenheit der Kommissionen respektive der Gewerkschaften.</p>\n<p>Zum Tunnelleitsystem L\u00f6tschberg: Sorgen bereitet uns die Tatsache, dass die Gesamtsteuerung von L\u00fcftung, Wasser, Strom, Lautsprecheranlagen usw. bereits wieder ersetzt werden muss. Es ist schlichtweg unhaltbar und nicht zu tolerieren, dass bereits so kurze Zeit nach der Er\u00f6ffnung wieder 24 Millionen Franken investiert werden m\u00fcssen, wenn m\u00f6glich noch ans gleiche Unternehmen, das bereits die anderen Arbeiten ausgef\u00fchrt hat. Die Technik bleibt selbstverst\u00e4ndlich nicht stehen, aber es ist f\u00fcr uns Normalsterbliche unverst\u00e4ndlich, dass man nicht schon vor drei, vier Jahren alles Notwendige in die Wege geleitet hat.</p>\n<p>Zu den Risiken bei der Bahntechnik: Bei der Ausf\u00fchrung der Bahntechnik - das Auftragsvolumen betr\u00e4gt etwa 1,5 Milliarden Franken - mussten wir feststellen, dass die W\u00fcnsche der Betreiber und die Vorstellung der Ersteller teilweise auseinanderklaffen. Aber auch da gilt es nat\u00fcrlich zu ber\u00fccksichtigen, dass seit der Ausschreibung die Technik vorangeschritten ist, dass neue Erkenntnisse vorhanden sind, und es gilt, wohl zu \u00fcberpr\u00fcfen, was sich rechnet und was nicht. Auf alle F\u00e4lle kann es nicht sein, dass etwas installiert wird, bei dem wir heute schon wissen, dass es nicht dem Stand der Technik entspricht. Trotzdem m\u00fcssen Ausschreibungen und die Zusatzw\u00fcnsche einander ganz klar gegen\u00fcbergestellt werden, ansonsten es teuer werden k\u00f6nnte.</p>\n<p>Gesamthaft habe ich den Eindruck, dass die Neat-Bauwerke auf Kurs sind, dass sie gut gef\u00fchrt werden und dass Herr Werner Marti als Pr\u00e4sident sowie Herr Renzo Simoni mit seinem Stab einen sehr guten Job machen; auch das gilt es zu w\u00fcrdigen. Es gilt auch meinerseits, daf\u00fcr zu danken.</p>\n</pd_text>","MeetingCouncilAbbreviation":"S","MeetingDate":"20100616","MeetingVerbalixOid":1958,"IdSession":"4814","SpeakerFirstName":"This","SpeakerLastName":"Jenny","SpeakerFullName":"Jenny This","SpeakerFunction":"Mit-M","CouncilId":2,"CouncilName":"St\u00e4nderat","CantonId":8,"CantonName":"Glarus","CantonAbbreviation":"GL","ParlGroupName":"Fraktion der Schweizerischen Volkspartei","ParlGroupAbbreviation":"V","SortOrder":1,"Start":"\/Date(1276693569817)\/","End":"\/Date(1276693926367)\/","Function":"*","DisplaySpeaker":true,"LanguageOfText":"DE","Modified":"\/Date(1510850171713)\/","StartTimeWithTimezone":"\/Date(1276693569817+0120)\/","EndTimeWithTimezone":"\/Date(1276693926367+0120)\/","VoteBusinessNumber":null,"VoteBusinessShortNumber":null,"VoteBusinessTitle":null}]},"ID":"22220","Language":"DE","IdMeeting":"1481","VerbalixOid":330950,"SortOrder":13,"Modified":"\/Date(1510850171713)\/"}}