{"d":{"__metadata":{"id":"https://ws.parlament.ch/OData.svc/Subject(ID=22239L,Language='DE')","uri":"https://ws.parlament.ch/OData.svc/Subject(ID=22239L,Language='DE')","type":"itsystems.Pd.DataServices.DataModel.Subject"},"Meetings":{"__metadata":{"id":"https://ws.parlament.ch/OData.svc/Meeting(ID=1483L,Language='DE')","uri":"https://ws.parlament.ch/OData.svc/Meeting(ID=1483L,Language='DE')","type":"itsystems.Pd.DataServices.DataModel.Meeting"},"Sessions":{"__deferred":{"uri":"https://ws.parlament.ch/OData.svc/Meeting(ID=1483L,Language='DE')/Sessions"}},"Subjects":{"__deferred":{"uri":"https://ws.parlament.ch/OData.svc/Meeting(ID=1483L,Language='DE')/Subjects"}},"ID":"1483","Language":"DE","MeetingNumber":13,"IdSession":4815,"SessionNumber":15,"SessionName":"Herbstsession 2010","Council":2,"CouncilName":"St\u00e4nderat","CouncilAbbreviation":"SR","Date":"\/Date(1285891200000)\/","Begin":"0815","Modified":"\/Date(1447070248780)\/","LegislativePeriodNumber":48,"PublicationStatus":"final","MeetingOrderText":"Dreizehnte Sitzung","SortOrder":13,"Location":"S"},"SubjectsBusiness":{"results":[{"__metadata":{"id":"https://ws.parlament.ch/OData.svc/SubjectBusiness(BusinessNumber=20090070,IdSubject=22239L,Language='DE')","uri":"https://ws.parlament.ch/OData.svc/SubjectBusiness(BusinessNumber=20090070,IdSubject=22239L,Language='DE')","type":"itsystems.Pd.DataServices.DataModel.SubjectBusiness"},"Subjects":{"__deferred":{"uri":"https://ws.parlament.ch/OData.svc/SubjectBusiness(BusinessNumber=20090070,IdSubject=22239L,Language='DE')/Subjects"}},"Businesses":{"__deferred":{"uri":"https://ws.parlament.ch/OData.svc/SubjectBusiness(BusinessNumber=20090070,IdSubject=22239L,Language='DE')/Businesses"}},"IdSubject":"22239","BusinessNumber":20090070,"Language":"DE","BusinessShortNumber":"09.070","Title":"Bek\u00e4mpfung der Kriminalit\u00e4t. Abkommen mit Serbien","SortOrder":1,"PublishedNotes":"Schlussabstimmung - Vote final\n","Modified":"\/Date(1447069399460)\/","TitleDE":"Bek\u00e4mpfung der Kriminalit\u00e4t.\nAbkommen mit Serbien","TitleFR":"Lutte contre la criminalit\u00e9.\nAccord avec la Serbie","TitleIT":null}]},"Transcripts":{"results":[{"__metadata":{"id":"https://ws.parlament.ch/OData.svc/Transcript(ID=133699L,Language='DE')","uri":"https://ws.parlament.ch/OData.svc/Transcript(ID=133699L,Language='DE')","type":"itsystems.Pd.DataServices.DataModel.Transcript"},"Subjects":{"__deferred":{"uri":"https://ws.parlament.ch/OData.svc/Transcript(ID=133699L,Language='DE')/Subjects"}},"MembersCouncil":{"__deferred":{"uri":"https://ws.parlament.ch/OData.svc/Transcript(ID=133699L,Language='DE')/MembersCouncil"}},"Businesses":{"__deferred":{"uri":"https://ws.parlament.ch/OData.svc/Transcript(ID=133699L,Language='DE')/Businesses"}},"ID":"133699","Language":"DE","IdSubject":"22239","VoteId":null,"PersonNumber":370,"Type":1,"Text":"<pd_text><p><b>Bundesbeschluss \u00fcber die Genehmigung des Abkommens zwischen der Schweiz und Serbien \u00fcber die polizeiliche Zusammenarbeit bei der Bek\u00e4mpfung der Kriminalit\u00e4t </b></p>\n<p><b>Arr\u00eat\u00e9 f\u00e9d\u00e9ral portant approbation de l'Accord entre la Suisse et la Serbie sur la coop\u00e9ration polici\u00e8re en mati\u00e8re de lutte contre la criminalit\u00e9 </b></p>\n<p>[VS]</p>\n<p><i>Abstimmung - Vote</i></p>\n<p>F\u00fcr Annahme des Entwurfes ... 42 Stimmen</p>\n<p>(Einstimmigkeit)</p>\n<p>(0 Enthaltungen)</p>\n</pd_text>","MeetingCouncilAbbreviation":"S","MeetingDate":"20101001","MeetingVerbalixOid":1990,"IdSession":"4815","SpeakerFirstName":"Erika","SpeakerLastName":"Forster-Vannini","SpeakerFullName":"Forster-Vannini Erika","SpeakerFunction":"P-F","CouncilId":2,"CouncilName":"St\u00e4nderat","CantonId":17,"CantonName":"St. Gallen","CantonAbbreviation":"SG","ParlGroupName":"Freisinnig-demokratische Fraktion","ParlGroupAbbreviation":"RL","SortOrder":1,"Start":"\/Date(1285921798347)\/","End":"\/Date(1285921839737)\/","Function":"P-F","DisplaySpeaker":false,"LanguageOfText":null,"Modified":"\/Date(1510850173353)\/","StartTimeWithTimezone":"\/Date(1285921798347+0120)\/","EndTimeWithTimezone":"\/Date(1285921839737+0120)\/","VoteBusinessNumber":null,"VoteBusinessShortNumber":null,"VoteBusinessTitle":null}]},"ID":"22239","Language":"DE","IdMeeting":"1483","VerbalixOid":338001,"SortOrder":11,"Modified":"\/Date(1510850173353)\/"}}