{"d":{"__metadata":{"id":"https://ws.parlament.ch/OData.svc/Subject(ID=22250L,Language='DE')","uri":"https://ws.parlament.ch/OData.svc/Subject(ID=22250L,Language='DE')","type":"itsystems.Pd.DataServices.DataModel.Subject"},"Meetings":{"__metadata":{"id":"https://ws.parlament.ch/OData.svc/Meeting(ID=1483L,Language='DE')","uri":"https://ws.parlament.ch/OData.svc/Meeting(ID=1483L,Language='DE')","type":"itsystems.Pd.DataServices.DataModel.Meeting"},"Sessions":{"__deferred":{"uri":"https://ws.parlament.ch/OData.svc/Meeting(ID=1483L,Language='DE')/Sessions"}},"Subjects":{"__deferred":{"uri":"https://ws.parlament.ch/OData.svc/Meeting(ID=1483L,Language='DE')/Subjects"}},"ID":"1483","Language":"DE","MeetingNumber":13,"IdSession":4815,"SessionNumber":15,"SessionName":"Herbstsession 2010","Council":2,"CouncilName":"St\u00e4nderat","CouncilAbbreviation":"SR","Date":"\/Date(1285891200000)\/","Begin":"0815","Modified":"\/Date(1447070248780)\/","LegislativePeriodNumber":48,"PublicationStatus":"final","MeetingOrderText":"Dreizehnte Sitzung","SortOrder":13,"Location":"S"},"SubjectsBusiness":{"results":[{"__metadata":{"id":"https://ws.parlament.ch/OData.svc/SubjectBusiness(BusinessNumber=20100022,IdSubject=22250L,Language='DE')","uri":"https://ws.parlament.ch/OData.svc/SubjectBusiness(BusinessNumber=20100022,IdSubject=22250L,Language='DE')","type":"itsystems.Pd.DataServices.DataModel.SubjectBusiness"},"Subjects":{"__deferred":{"uri":"https://ws.parlament.ch/OData.svc/SubjectBusiness(BusinessNumber=20100022,IdSubject=22250L,Language='DE')/Subjects"}},"Businesses":{"__deferred":{"uri":"https://ws.parlament.ch/OData.svc/SubjectBusiness(BusinessNumber=20100022,IdSubject=22250L,Language='DE')/Businesses"}},"IdSubject":"22250","BusinessNumber":20100022,"Language":"DE","BusinessShortNumber":"10.022","Title":"Europ\u00e4isches \u00dcbereinkommen \u00fcber die internationale Bef\u00f6rderung von gef\u00e4hrlichen G\u00fctern auf Binnenwasserstrassen. Beitritt","SortOrder":1,"PublishedNotes":"Schlussabstimmung - Vote final\n","Modified":"\/Date(1447069446363)\/","TitleDE":"Europ\u00e4isches \u00dcbereinkommen\n\u00fcber die internationale Bef\u00f6rderung\nvon gef\u00e4hrlichen G\u00fctern\nauf Binnenwasserstrassen.\nBeitritt","TitleFR":"Accord europ\u00e9en\nrelatif au transport international\ndes marchandises dangereuses\npar voies de navigation int\u00e9rieures.\nAdh\u00e9sion","TitleIT":null}]},"Transcripts":{"results":[{"__metadata":{"id":"https://ws.parlament.ch/OData.svc/Transcript(ID=133711L,Language='DE')","uri":"https://ws.parlament.ch/OData.svc/Transcript(ID=133711L,Language='DE')","type":"itsystems.Pd.DataServices.DataModel.Transcript"},"Subjects":{"__deferred":{"uri":"https://ws.parlament.ch/OData.svc/Transcript(ID=133711L,Language='DE')/Subjects"}},"MembersCouncil":{"__deferred":{"uri":"https://ws.parlament.ch/OData.svc/Transcript(ID=133711L,Language='DE')/MembersCouncil"}},"Businesses":{"__deferred":{"uri":"https://ws.parlament.ch/OData.svc/Transcript(ID=133711L,Language='DE')/Businesses"}},"ID":"133711","Language":"DE","IdSubject":"22250","VoteId":null,"PersonNumber":370,"Type":1,"Text":"<pd_text><p><b>Bundesbeschluss \u00fcber die Genehmigung des europ\u00e4ischen \u00dcbereinkommens \u00fcber die internationale Bef\u00f6rderung von gef\u00e4hrlichen G\u00fctern auf Binnenwasserstrassen </b></p>\n<p><b>Arr\u00eat\u00e9 f\u00e9d\u00e9ral portant approbation de l'Accord europ\u00e9en relatif au transport international des marchandises dangereuses par voies de navigation int\u00e9rieures </b></p>\n<p>[VS]</p>\n<p><i>Abstimmung - Vote</i></p>\n<p>F\u00fcr Annahme des Entwurfes ... 42 Stimmen</p>\n<p>(Einstimmigkeit)</p>\n<p>(0 Enthaltungen)</p>\n</pd_text>","MeetingCouncilAbbreviation":"S","MeetingDate":"20101001","MeetingVerbalixOid":1990,"IdSession":"4815","SpeakerFirstName":"Erika","SpeakerLastName":"Forster-Vannini","SpeakerFullName":"Forster-Vannini Erika","SpeakerFunction":"P-F","CouncilId":2,"CouncilName":"St\u00e4nderat","CantonId":17,"CantonName":"St. Gallen","CantonAbbreviation":"SG","ParlGroupName":"Freisinnig-demokratische Fraktion","ParlGroupAbbreviation":"RL","SortOrder":1,"Start":"\/Date(1285922022720)\/","End":"\/Date(1285922057097)\/","Function":"P-F","DisplaySpeaker":false,"LanguageOfText":null,"Modified":"\/Date(1510850173370)\/","StartTimeWithTimezone":"\/Date(1285922022720+0120)\/","EndTimeWithTimezone":"\/Date(1285922057097+0120)\/","VoteBusinessNumber":null,"VoteBusinessShortNumber":null,"VoteBusinessTitle":null}]},"ID":"22250","Language":"DE","IdMeeting":"1483","VerbalixOid":338025,"SortOrder":17,"Modified":"\/Date(1510850173353)\/"}}