{"d":{"__metadata":{"id":"https://ws.parlament.ch/OData.svc/Subject(ID=22251L,Language='DE')","uri":"https://ws.parlament.ch/OData.svc/Subject(ID=22251L,Language='DE')","type":"itsystems.Pd.DataServices.DataModel.Subject"},"Meetings":{"__metadata":{"id":"https://ws.parlament.ch/OData.svc/Meeting(ID=1483L,Language='DE')","uri":"https://ws.parlament.ch/OData.svc/Meeting(ID=1483L,Language='DE')","type":"itsystems.Pd.DataServices.DataModel.Meeting"},"Sessions":{"__deferred":{"uri":"https://ws.parlament.ch/OData.svc/Meeting(ID=1483L,Language='DE')/Sessions"}},"Subjects":{"__deferred":{"uri":"https://ws.parlament.ch/OData.svc/Meeting(ID=1483L,Language='DE')/Subjects"}},"ID":"1483","Language":"DE","MeetingNumber":13,"IdSession":4815,"SessionNumber":15,"SessionName":"Herbstsession 2010","Council":2,"CouncilName":"St\u00e4nderat","CouncilAbbreviation":"SR","Date":"\/Date(1285891200000)\/","Begin":"0815","Modified":"\/Date(1447070248780)\/","LegislativePeriodNumber":48,"PublicationStatus":"final","MeetingOrderText":"Dreizehnte Sitzung","SortOrder":13,"Location":"S"},"SubjectsBusiness":{"results":[{"__metadata":{"id":"https://ws.parlament.ch/OData.svc/SubjectBusiness(BusinessNumber=20080520,IdSubject=22251L,Language='DE')","uri":"https://ws.parlament.ch/OData.svc/SubjectBusiness(BusinessNumber=20080520,IdSubject=22251L,Language='DE')","type":"itsystems.Pd.DataServices.DataModel.SubjectBusiness"},"Subjects":{"__deferred":{"uri":"https://ws.parlament.ch/OData.svc/SubjectBusiness(BusinessNumber=20080520,IdSubject=22251L,Language='DE')/Subjects"}},"Businesses":{"__deferred":{"uri":"https://ws.parlament.ch/OData.svc/SubjectBusiness(BusinessNumber=20080520,IdSubject=22251L,Language='DE')/Businesses"}},"IdSubject":"22251","BusinessNumber":20080520,"Language":"DE","BusinessShortNumber":"08.520","Title":"Abschaffung der Fahrradnummer","SortOrder":1,"PublishedNotes":"Schlussabstimmung - Vote final\n","Modified":"\/Date(1447069366373)\/","TitleDE":"Parlamentarische Initiative\nSt\u00e4helin Philipp.\nAbschaffung\nder Fahrradnummer","TitleFR":"Initiative parlementaire\nSt\u00e4helin Philipp.\nSuppression\ndes signes distinctifs pour cycles","TitleIT":null}]},"Transcripts":{"results":[{"__metadata":{"id":"https://ws.parlament.ch/OData.svc/Transcript(ID=133712L,Language='DE')","uri":"https://ws.parlament.ch/OData.svc/Transcript(ID=133712L,Language='DE')","type":"itsystems.Pd.DataServices.DataModel.Transcript"},"Subjects":{"__deferred":{"uri":"https://ws.parlament.ch/OData.svc/Transcript(ID=133712L,Language='DE')/Subjects"}},"MembersCouncil":{"__deferred":{"uri":"https://ws.parlament.ch/OData.svc/Transcript(ID=133712L,Language='DE')/MembersCouncil"}},"Businesses":{"__deferred":{"uri":"https://ws.parlament.ch/OData.svc/Transcript(ID=133712L,Language='DE')/Businesses"}},"ID":"133712","Language":"DE","IdSubject":"22251","VoteId":null,"PersonNumber":370,"Type":1,"Text":"<pd_text><p><i>Abstimmung - Vote</i></p>\n<p>F\u00fcr Annahme des Entwurfes ... 38 Stimmen</p>\n<p>Dagegen ... 2 Stimmen</p>\n<p>(1 Enthaltung)</p>\n</pd_text>","MeetingCouncilAbbreviation":"S","MeetingDate":"20101001","MeetingVerbalixOid":1990,"IdSession":"4815","SpeakerFirstName":"Erika","SpeakerLastName":"Forster-Vannini","SpeakerFullName":"Forster-Vannini Erika","SpeakerFunction":"P-F","CouncilId":2,"CouncilName":"St\u00e4nderat","CantonId":17,"CantonName":"St. Gallen","CantonAbbreviation":"SG","ParlGroupName":"Freisinnig-demokratische Fraktion","ParlGroupAbbreviation":"RL","SortOrder":3,"Start":"\/Date(1285921704723)\/","End":"\/Date(1285921725880)\/","Function":"P-F","DisplaySpeaker":false,"LanguageOfText":null,"Modified":"\/Date(1510850173337)\/","StartTimeWithTimezone":"\/Date(1285921704723+0120)\/","EndTimeWithTimezone":"\/Date(1285921725880+0120)\/","VoteBusinessNumber":null,"VoteBusinessShortNumber":null,"VoteBusinessTitle":null},{"__metadata":{"id":"https://ws.parlament.ch/OData.svc/Transcript(ID=133713L,Language='DE')","uri":"https://ws.parlament.ch/OData.svc/Transcript(ID=133713L,Language='DE')","type":"itsystems.Pd.DataServices.DataModel.Transcript"},"Subjects":{"__deferred":{"uri":"https://ws.parlament.ch/OData.svc/Transcript(ID=133713L,Language='DE')/Subjects"}},"MembersCouncil":{"__deferred":{"uri":"https://ws.parlament.ch/OData.svc/Transcript(ID=133713L,Language='DE')/MembersCouncil"}},"Businesses":{"__deferred":{"uri":"https://ws.parlament.ch/OData.svc/Transcript(ID=133713L,Language='DE')/Businesses"}},"ID":"133713","Language":"DE","IdSubject":"22251","VoteId":null,"PersonNumber":1161,"Type":1,"Text":"<pd_text><p>L'ordonnance du 3 octobre 2003 de l'Assembl\u00e9e f\u00e9d\u00e9rale sur la Commission de r\u00e9daction pr\u00e9voit la possibilit\u00e9 de commenter les modifications importantes devant chaque conseil avant le vote final. J'aimerais ainsi vous communiquer que le projet de r\u00e9vision de la loi sur la circulation routi\u00e8re (LCR; objet 08.520) pr\u00e9voyait une modification de l'article 86. Or cet article sera abrog\u00e9 \u00e0 l'entr\u00e9e en vigueur du Code de proc\u00e9dure civile le 1er janvier 2011, code dont l'article 57 dispose que le juge \"\u00e9tablit sa conviction par une libre appr\u00e9ciation des preuves administr\u00e9es\". Cette disposition r\u00e8gle la question de mani\u00e8re exhaustive, ne laissant pas de place \u00e0 des r\u00e9glementations cantonales. </p>\n<p>C'est la raison pour laquelle la pr\u00e9sente r\u00e9vision de la loi sur la circulation routi\u00e8re ne pr\u00e9voit plus la modification de l'article 86 LCR.</p>\n</pd_text>","MeetingCouncilAbbreviation":"S","MeetingDate":"20101001","MeetingVerbalixOid":1990,"IdSession":"4815","SpeakerFirstName":"Alain","SpeakerLastName":"Berset","SpeakerFullName":"Berset Alain","SpeakerFunction":"Mit-M","CouncilId":2,"CouncilName":"St\u00e4nderat","CantonId":10,"CantonName":"Freiburg","CantonAbbreviation":"FR","ParlGroupName":"Sozialdemokratische Fraktion","ParlGroupAbbreviation":"S","SortOrder":2,"Start":"\/Date(1285921687227)\/","End":"\/Date(1285921704723)\/","Function":"*","DisplaySpeaker":true,"LanguageOfText":"FR","Modified":"\/Date(1510850173337)\/","StartTimeWithTimezone":"\/Date(1285921687227+0120)\/","EndTimeWithTimezone":"\/Date(1285921704723+0120)\/","VoteBusinessNumber":null,"VoteBusinessShortNumber":null,"VoteBusinessTitle":null},{"__metadata":{"id":"https://ws.parlament.ch/OData.svc/Transcript(ID=133714L,Language='DE')","uri":"https://ws.parlament.ch/OData.svc/Transcript(ID=133714L,Language='DE')","type":"itsystems.Pd.DataServices.DataModel.Transcript"},"Subjects":{"__deferred":{"uri":"https://ws.parlament.ch/OData.svc/Transcript(ID=133714L,Language='DE')/Subjects"}},"MembersCouncil":{"__deferred":{"uri":"https://ws.parlament.ch/OData.svc/Transcript(ID=133714L,Language='DE')/MembersCouncil"}},"Businesses":{"__deferred":{"uri":"https://ws.parlament.ch/OData.svc/Transcript(ID=133714L,Language='DE')/Businesses"}},"ID":"133714","Language":"DE","IdSubject":"22251","VoteId":null,"PersonNumber":370,"Type":1,"Text":"<pd_text><p><b>Strassenverkehrsgesetz </b></p>\n<p><b>Loi f\u00e9d\u00e9rale sur la circulation routi\u00e8re </b></p>\n</pd_text>","MeetingCouncilAbbreviation":"S","MeetingDate":"20101001","MeetingVerbalixOid":1990,"IdSession":"4815","SpeakerFirstName":"Erika","SpeakerLastName":"Forster-Vannini","SpeakerFullName":"Forster-Vannini Erika","SpeakerFunction":"P-F","CouncilId":2,"CouncilName":"St\u00e4nderat","CantonId":17,"CantonName":"St. Gallen","CantonAbbreviation":"SG","ParlGroupName":"Freisinnig-demokratische Fraktion","ParlGroupAbbreviation":"RL","SortOrder":1,"Start":"\/Date(1285921685117)\/","End":"\/Date(1285921687227)\/","Function":"P-F","DisplaySpeaker":false,"LanguageOfText":null,"Modified":"\/Date(1510850173337)\/","StartTimeWithTimezone":"\/Date(1285921685117+0120)\/","EndTimeWithTimezone":"\/Date(1285921687227+0120)\/","VoteBusinessNumber":null,"VoteBusinessShortNumber":null,"VoteBusinessTitle":null}]},"ID":"22251","Language":"DE","IdMeeting":"1483","VerbalixOid":338083,"SortOrder":8,"Modified":"\/Date(1510850173337)\/"}}