{"d":{"__metadata":{"id":"https://ws.parlament.ch/OData.svc/Subject(ID=22257L,Language='DE')","uri":"https://ws.parlament.ch/OData.svc/Subject(ID=22257L,Language='DE')","type":"itsystems.Pd.DataServices.DataModel.Subject"},"Meetings":{"__metadata":{"id":"https://ws.parlament.ch/OData.svc/Meeting(ID=1483L,Language='DE')","uri":"https://ws.parlament.ch/OData.svc/Meeting(ID=1483L,Language='DE')","type":"itsystems.Pd.DataServices.DataModel.Meeting"},"Sessions":{"__deferred":{"uri":"https://ws.parlament.ch/OData.svc/Meeting(ID=1483L,Language='DE')/Sessions"}},"Subjects":{"__deferred":{"uri":"https://ws.parlament.ch/OData.svc/Meeting(ID=1483L,Language='DE')/Subjects"}},"ID":"1483","Language":"DE","MeetingNumber":13,"IdSession":4815,"SessionNumber":15,"SessionName":"Herbstsession 2010","Council":2,"CouncilName":"St\u00e4nderat","CouncilAbbreviation":"SR","Date":"\/Date(1285891200000)\/","Begin":"0815","Modified":"\/Date(1447070248780)\/","LegislativePeriodNumber":48,"PublicationStatus":"final","MeetingOrderText":"Dreizehnte Sitzung","SortOrder":13,"Location":"S"},"SubjectsBusiness":{"results":[{"__metadata":{"id":"https://ws.parlament.ch/OData.svc/SubjectBusiness(BusinessNumber=20100039,IdSubject=22257L,Language='DE')","uri":"https://ws.parlament.ch/OData.svc/SubjectBusiness(BusinessNumber=20100039,IdSubject=22257L,Language='DE')","type":"itsystems.Pd.DataServices.DataModel.SubjectBusiness"},"Subjects":{"__deferred":{"uri":"https://ws.parlament.ch/OData.svc/SubjectBusiness(BusinessNumber=20100039,IdSubject=22257L,Language='DE')/Subjects"}},"Businesses":{"__deferred":{"uri":"https://ws.parlament.ch/OData.svc/SubjectBusiness(BusinessNumber=20100039,IdSubject=22257L,Language='DE')/Businesses"}},"IdSubject":"22257","BusinessNumber":20100039,"Language":"DE","BusinessShortNumber":"10.039","Title":"R\u00fcckerstattung unrechtm\u00e4ssig erworbener Verm\u00f6genswerte politisch exponierter Personen. Bundesgesetz","SortOrder":1,"PublishedNotes":"Schlussabstimmung - Vote final\n","Modified":"\/Date(1447069446770)\/","TitleDE":"R\u00fcckerstattung\nunrechtm\u00e4ssig erworbener\nVerm\u00f6genswerte\npolitisch exponierter Personen.\nBundesgesetz","TitleFR":"Loi sur la restitution\ndes valeurs patrimoniales\nd'origine illicite\nde personnes\npolitiquement expos\u00e9es","TitleIT":null}]},"Transcripts":{"results":[{"__metadata":{"id":"https://ws.parlament.ch/OData.svc/Transcript(ID=133722L,Language='DE')","uri":"https://ws.parlament.ch/OData.svc/Transcript(ID=133722L,Language='DE')","type":"itsystems.Pd.DataServices.DataModel.Transcript"},"Subjects":{"__deferred":{"uri":"https://ws.parlament.ch/OData.svc/Transcript(ID=133722L,Language='DE')/Subjects"}},"MembersCouncil":{"__deferred":{"uri":"https://ws.parlament.ch/OData.svc/Transcript(ID=133722L,Language='DE')/MembersCouncil"}},"Businesses":{"__deferred":{"uri":"https://ws.parlament.ch/OData.svc/Transcript(ID=133722L,Language='DE')/Businesses"}},"ID":"133722","Language":"DE","IdSubject":"22257","VoteId":null,"PersonNumber":370,"Type":1,"Text":"<pd_text><p><b>Bundesgesetz \u00fcber die R\u00fcckerstattung unrechtm\u00e4ssig erworbener Verm\u00f6genswerte politisch exponierter Personen </b></p>\n<p><b>Loi f\u00e9d\u00e9rale sur la restitution des valeurs patrimoniales d'origine illicite de personnes politiquement expos\u00e9es </b></p>\n<p>[VS]</p>\n<p><i>Abstimmung - Vote</i></p>\n<p>F\u00fcr Annahme des Entwurfes ... 41 Stimmen</p>\n<p>(Einstimmigkeit)</p>\n<p>(0 Enthaltungen)</p>\n<p>[PAGE 1012] </p>\n</pd_text>","MeetingCouncilAbbreviation":"S","MeetingDate":"20101001","MeetingVerbalixOid":1990,"IdSession":"4815","SpeakerFirstName":"Erika","SpeakerLastName":"Forster-Vannini","SpeakerFullName":"Forster-Vannini Erika","SpeakerFunction":"P-F","CouncilId":2,"CouncilName":"St\u00e4nderat","CantonId":17,"CantonName":"St. Gallen","CantonAbbreviation":"SG","ParlGroupName":"Freisinnig-demokratische Fraktion","ParlGroupAbbreviation":"RL","SortOrder":1,"Start":"\/Date(1285922196250)\/","End":"\/Date(1285922229017)\/","Function":"P-F","DisplaySpeaker":false,"LanguageOfText":null,"Modified":"\/Date(1510850173370)\/","StartTimeWithTimezone":"\/Date(1285922196250+0120)\/","EndTimeWithTimezone":"\/Date(1285922229017+0120)\/","VoteBusinessNumber":null,"VoteBusinessShortNumber":null,"VoteBusinessTitle":null}]},"ID":"22257","Language":"DE","IdMeeting":"1483","VerbalixOid":338043,"SortOrder":21,"Modified":"\/Date(1510850173370)\/"}}