{"d":{"__metadata":{"id":"https://ws.parlament.ch/OData.svc/Subject(ID=22259L,Language='DE')","uri":"https://ws.parlament.ch/OData.svc/Subject(ID=22259L,Language='DE')","type":"itsystems.Pd.DataServices.DataModel.Subject"},"Meetings":{"__metadata":{"id":"https://ws.parlament.ch/OData.svc/Meeting(ID=1483L,Language='DE')","uri":"https://ws.parlament.ch/OData.svc/Meeting(ID=1483L,Language='DE')","type":"itsystems.Pd.DataServices.DataModel.Meeting"},"Sessions":{"__deferred":{"uri":"https://ws.parlament.ch/OData.svc/Meeting(ID=1483L,Language='DE')/Sessions"}},"Subjects":{"__deferred":{"uri":"https://ws.parlament.ch/OData.svc/Meeting(ID=1483L,Language='DE')/Subjects"}},"ID":"1483","Language":"DE","MeetingNumber":13,"IdSession":4815,"SessionNumber":15,"SessionName":"Herbstsession 2010","Council":2,"CouncilName":"St\u00e4nderat","CouncilAbbreviation":"SR","Date":"\/Date(1285891200000)\/","Begin":"0815","Modified":"\/Date(1447070248780)\/","LegislativePeriodNumber":48,"PublicationStatus":"final","MeetingOrderText":"Dreizehnte Sitzung","SortOrder":13,"Location":"S"},"SubjectsBusiness":{"results":[{"__metadata":{"id":"https://ws.parlament.ch/OData.svc/SubjectBusiness(BusinessNumber=20100402,IdSubject=22259L,Language='DE')","uri":"https://ws.parlament.ch/OData.svc/SubjectBusiness(BusinessNumber=20100402,IdSubject=22259L,Language='DE')","type":"itsystems.Pd.DataServices.DataModel.SubjectBusiness"},"Subjects":{"__deferred":{"uri":"https://ws.parlament.ch/OData.svc/SubjectBusiness(BusinessNumber=20100402,IdSubject=22259L,Language='DE')/Subjects"}},"Businesses":{"__deferred":{"uri":"https://ws.parlament.ch/OData.svc/SubjectBusiness(BusinessNumber=20100402,IdSubject=22259L,Language='DE')/Businesses"}},"IdSubject":"22259","BusinessNumber":20100402,"Language":"DE","BusinessShortNumber":"10.402","Title":"Bundesgesetz \u00fcber den Infrastrukturfonds f\u00fcr den Agglomerationsverkehr, das Nationalstrassennetz sowie Hauptstrassen in Berggebieten und Randregionen. \u00c4nderung","SortOrder":1,"PublishedNotes":"Schlussabstimmung - Vote final\n","Modified":"\/Date(1447069450180)\/","TitleDE":"Parlamentarische Initiative\nKVF-SR.\nBundesgesetz\n\u00fcber den Infrastrukturfonds\nf\u00fcr den Agglomerationsverkehr,\ndas Nationalstrassennetz\nsowie Hauptstrassen\nin Berggebieten\nund Randregionen. \u00c4nderung","TitleFR":"Initiative parlementaire\nCTT-CE.\nLoi f\u00e9d\u00e9rale sur le fonds\nd'infrastructure pour le trafic\nd'agglom\u00e9ration, le r\u00e9seau des routes\nnationales de m\u00eame que pour les routes\nprincipales dans les r\u00e9gions\nde montagne et les r\u00e9gions\np\u00e9riph\u00e9riques. Modification","TitleIT":null}]},"Transcripts":{"results":[{"__metadata":{"id":"https://ws.parlament.ch/OData.svc/Transcript(ID=133724L,Language='DE')","uri":"https://ws.parlament.ch/OData.svc/Transcript(ID=133724L,Language='DE')","type":"itsystems.Pd.DataServices.DataModel.Transcript"},"Subjects":{"__deferred":{"uri":"https://ws.parlament.ch/OData.svc/Transcript(ID=133724L,Language='DE')/Subjects"}},"MembersCouncil":{"__deferred":{"uri":"https://ws.parlament.ch/OData.svc/Transcript(ID=133724L,Language='DE')/MembersCouncil"}},"Businesses":{"__deferred":{"uri":"https://ws.parlament.ch/OData.svc/Transcript(ID=133724L,Language='DE')/Businesses"}},"ID":"133724","Language":"DE","IdSubject":"22259","VoteId":null,"PersonNumber":370,"Type":1,"Text":"<pd_text><p><b>Bundesgesetz \u00fcber den Infrastrukturfonds f\u00fcr den Agglomerationsverkehr, das Nationalstrassennetz sowie Hauptstrassen in Berggebieten und Randregionen </b></p>\n<p><b>Loi f\u00e9d\u00e9rale sur le fonds d'infrastructure pour le trafic d'agglom\u00e9ration, le r\u00e9seau des routes nationales de m\u00eame que pour les routes principales dans les r\u00e9gions de montagne et les r\u00e9gions p\u00e9riph\u00e9riques </b></p>\n<p>[VS]</p>\n<p><i>Abstimmung - Vote</i></p>\n<p>F\u00fcr Annahme des Entwurfes ... 40 Stimmen</p>\n<p>(Einstimmigkeit)</p>\n<p>(1 Enthaltung)</p>\n</pd_text>","MeetingCouncilAbbreviation":"S","MeetingDate":"20101001","MeetingVerbalixOid":1990,"IdSession":"4815","SpeakerFirstName":"Erika","SpeakerLastName":"Forster-Vannini","SpeakerFullName":"Forster-Vannini Erika","SpeakerFunction":"P-F","CouncilId":2,"CouncilName":"St\u00e4nderat","CantonId":17,"CantonName":"St. Gallen","CantonAbbreviation":"SG","ParlGroupName":"Freisinnig-demokratische Fraktion","ParlGroupAbbreviation":"RL","SortOrder":1,"Start":"\/Date(1285922229017)\/","End":"\/Date(1285922273263)\/","Function":"P-F","DisplaySpeaker":false,"LanguageOfText":null,"Modified":"\/Date(1510850173370)\/","StartTimeWithTimezone":"\/Date(1285922229017+0120)\/","EndTimeWithTimezone":"\/Date(1285922273263+0120)\/","VoteBusinessNumber":null,"VoteBusinessShortNumber":null,"VoteBusinessTitle":null}]},"ID":"22259","Language":"DE","IdMeeting":"1483","VerbalixOid":338046,"SortOrder":22,"Modified":"\/Date(1510850173370)\/"}}