{"d":{"__metadata":{"id":"https://ws.parlament.ch/OData.svc/Subject(ID=2235L,Language='DE')","uri":"https://ws.parlament.ch/OData.svc/Subject(ID=2235L,Language='DE')","type":"itsystems.Pd.DataServices.DataModel.Subject"},"Meetings":{"__metadata":{"id":"https://ws.parlament.ch/OData.svc/Meeting(ID=148L,Language='DE')","uri":"https://ws.parlament.ch/OData.svc/Meeting(ID=148L,Language='DE')","type":"itsystems.Pd.DataServices.DataModel.Meeting"},"Sessions":{"__deferred":{"uri":"https://ws.parlament.ch/OData.svc/Meeting(ID=148L,Language='DE')/Sessions"}},"Subjects":{"__deferred":{"uri":"https://ws.parlament.ch/OData.svc/Meeting(ID=148L,Language='DE')/Subjects"}},"ID":"148","Language":"DE","MeetingNumber":3,"IdSession":4606,"SessionNumber":6,"SessionName":"Fr\u00fchjahrssession 2001","Council":2,"CouncilName":"St\u00e4nderat","CouncilAbbreviation":"SR","Date":"\/Date(983923200000)\/","Begin":"0800","Modified":"\/Date(1447069747537)\/","LegislativePeriodNumber":46,"PublicationStatus":"final","MeetingOrderText":"Dritte Sitzung","SortOrder":3,"Location":"S"},"SubjectsBusiness":{"results":[{"__metadata":{"id":"https://ws.parlament.ch/OData.svc/SubjectBusiness(BusinessNumber=20000068,IdSubject=2235L,Language='DE')","uri":"https://ws.parlament.ch/OData.svc/SubjectBusiness(BusinessNumber=20000068,IdSubject=2235L,Language='DE')","type":"itsystems.Pd.DataServices.DataModel.SubjectBusiness"},"Subjects":{"__deferred":{"uri":"https://ws.parlament.ch/OData.svc/SubjectBusiness(BusinessNumber=20000068,IdSubject=2235L,Language='DE')/Subjects"}},"Businesses":{"__deferred":{"uri":"https://ws.parlament.ch/OData.svc/SubjectBusiness(BusinessNumber=20000068,IdSubject=2235L,Language='DE')/Businesses"}},"IdSubject":"2235","BusinessNumber":20000068,"Language":"DE","BusinessShortNumber":"00.068","Title":"Katastrophenhilfe. Abkommen mit \u00d6sterreich","SortOrder":1,"PublishedNotes":"Zweitrat - Deuxi\u00e8me Conseil\n","Modified":"\/Date(1447069112590)\/","TitleDE":"Katastrophenhilfe.\nAbkommen mit \u00d6sterreich","TitleFR":"Aide en cas de catastrophe.\nAccord avec l'Autriche","TitleIT":null}]},"Transcripts":{"results":[{"__metadata":{"id":"https://ws.parlament.ch/OData.svc/Transcript(ID=11244L,Language='DE')","uri":"https://ws.parlament.ch/OData.svc/Transcript(ID=11244L,Language='DE')","type":"itsystems.Pd.DataServices.DataModel.Transcript"},"Subjects":{"__deferred":{"uri":"https://ws.parlament.ch/OData.svc/Transcript(ID=11244L,Language='DE')/Subjects"}},"MembersCouncil":{"__deferred":{"uri":"https://ws.parlament.ch/OData.svc/Transcript(ID=11244L,Language='DE')/MembersCouncil"}},"Businesses":{"__deferred":{"uri":"https://ws.parlament.ch/OData.svc/Transcript(ID=11244L,Language='DE')/Businesses"}},"ID":"11244","Language":"DE","IdSubject":"2235","VoteId":null,"PersonNumber":378,"Type":1,"Text":"<pd_text><p><i>Eintreten wird ohne Gegenantrag beschlossen</i></p>\n<p><i>L'entr\u00e9e en mati\u00e8re est d\u00e9cid\u00e9e sans opposition</i></p>\n<p>[VS]</p>\n<p><b>Bundesbeschluss betreffend das Abkommen mit der Republik \u00d6sterreich \u00fcber die gegenseitige Hilfeleistung bei Katastrophen oder schweren Ungl\u00fccksf\u00e4llen </b></p>\n<p><b>Arr\u00eat\u00e9 f\u00e9d\u00e9ral concernant l'Accord avec la R\u00e9publique d'Autriche sur l'assistance mutuelle en cas de catastrophe ou d'accident grave </b></p>\n<p>[VS]</p>\n<p><i>Gesamtberatung - Traitement global</i></p>\n<p>[VS]</p>\n<p><b>Titel und Ingress, Art. 1, 2</b></p>\n<p><b>Titre et pr\u00e9ambule, art. 1, 2</b></p>\n<p>[VS]</p>\n<p><i>Gesamtabstimmung - Vote sur l'ensemble</i></p>\n<p>F\u00fcr Annahme des Entwurfes .... 38 Stimmen</p>\n<p>(Einstimmigkeit)</p>\n</pd_text>","MeetingCouncilAbbreviation":"S","MeetingDate":"20010307","MeetingVerbalixOid":785,"IdSession":"4606","SpeakerFirstName":"Fran\u00e7oise","SpeakerLastName":"Saudan","SpeakerFullName":"Saudan Fran\u00e7oise","SpeakerFunction":"P-F","CouncilId":2,"CouncilName":"St\u00e4nderat","CantonId":25,"CantonName":"Genf","CantonAbbreviation":"GE","ParlGroupName":"Freisinnig-demokratische Fraktion","ParlGroupAbbreviation":"RL","SortOrder":3,"Start":"\/Date(983952704957)\/","End":"\/Date(983952760033)\/","Function":"","DisplaySpeaker":false,"LanguageOfText":null,"Modified":"\/Date(1510849254157)\/","StartTimeWithTimezone":"\/Date(983952704957+0060)\/","EndTimeWithTimezone":"\/Date(983952760033+0060)\/","VoteBusinessNumber":null,"VoteBusinessShortNumber":null,"VoteBusinessTitle":null},{"__metadata":{"id":"https://ws.parlament.ch/OData.svc/Transcript(ID=11245L,Language='DE')","uri":"https://ws.parlament.ch/OData.svc/Transcript(ID=11245L,Language='DE')","type":"itsystems.Pd.DataServices.DataModel.Transcript"},"Subjects":{"__deferred":{"uri":"https://ws.parlament.ch/OData.svc/Transcript(ID=11245L,Language='DE')/Subjects"}},"MembersCouncil":{"__deferred":{"uri":"https://ws.parlament.ch/OData.svc/Transcript(ID=11245L,Language='DE')/MembersCouncil"}},"Businesses":{"__deferred":{"uri":"https://ws.parlament.ch/OData.svc/Transcript(ID=11245L,Language='DE')/Businesses"}},"ID":"11245","Language":"DE","IdSubject":"2235","VoteId":null,"PersonNumber":58,"Type":1,"Text":"<pd_text><p>Je constate avec satisfaction que la conclusion de l'accord en question n'est pas contest\u00e9e. Elle est souhait\u00e9e, notamment par les cantons les plus int\u00e9ress\u00e9s - je pense \u00e0 Saint-Gall et aux Grisons dont les relations de bon voisinage avec les L\u00e4nder autrichiens du Vorarlberg et du Tyrol couvrent traditionnellement, d\u00e9j\u00e0 depuis longtemps, \u00e9galement l'assistance mutuelle en cas de catastrophe. Par ce nouvel instrument de droit international au niveau gouvernemental, une lacune de notre droit international de voisinage sera par cons\u00e9quent combl\u00e9e. En effet, des accords analogues existent d\u00e9j\u00e0 avec nos trois autres grands voisins: l'Allemagne, la France et l'Italie. En ce qui concerne la Principaut\u00e9 de Liechtenstein, il n'est pas n\u00e9cessaire de conclure un tel accord pour la simple raison que la fronti\u00e8re commune est ouverte.</p>\n<p>Au Conseil national, qui a d\u00e9j\u00e0 approuv\u00e9 ce texte, la question de l'engagement subsidiaire de formations de l'arm\u00e9e dans le cadre de l'aide en cas de catastrophe transfrontali\u00e8re a donn\u00e9 lieu \u00e0 des discussions, ou du moins \u00e0 des questions. Vous savez que l'aide en cas de catastrophe est une affaire en principe civile, et qu'une telle aide \u00e0 l'\u00e9tranger est de la comp\u00e9tence du D\u00e9partement f\u00e9d\u00e9ral des affaires \u00e9trang\u00e8res. Mais vu que les formations de sauvetage font partie int\u00e9grante de la cha\u00eene suisse de sauvetage, le DDPS est naturellement aussi int\u00e9ress\u00e9.</p>\n<p>Il s'av\u00e8re que les dispositions sp\u00e9cifiques dans le nouvel accord avec l'Autriche sont tout \u00e0 fait comparables, respectivement aussi compatibles, avec notre droit, ainsi qu'avec les dispositions analogues dans d'autres accords bilat\u00e9raux dans le domaine de la coop\u00e9ration polici\u00e8re et judiciaire.</p>\n<p>Je mentionne le principe de territorialit\u00e9, d'une part, et la possibilit\u00e9 de poursuivre les d\u00e9linquants de l'Etat d'envoi par celui-ci, d'autre part.</p>\n<p>[PAGE 30] Au Conseil des Etats, la Commission de politique ext\u00e9rieure, comme vous avez pu l'apprendre par la bouche de votre rapporteur, a discut\u00e9 pour savoir s'il sera toujours possible, apr\u00e8s l'entr\u00e9e en vigueur du nouvel accord, de conclure des accords dans le m\u00eame domaine au niveau r\u00e9gional ou exclusivement militaire, par exemple pour des exercices sp\u00e9cifiques. Il a \u00e9t\u00e9 r\u00e9pondu affirmativement \u00e0 cette question, car les Accords sur l'assistance mutuelle en cas de catastrophe sont des accords-cadres qui pr\u00e9voient \u00e9galement la coop\u00e9ration directe au niveau r\u00e9gional, y compris des exercices d'op\u00e9rations de secours transfrontali\u00e8res. Dans de tels cas, les dispositions de l'accord s'appliquent par analogie aux exercices communs au cours desquels des \u00e9quipes d'un Etat contractant sont engag\u00e9es sur le territoire de l'autre.</p>\n<p>Cela correspond d'ailleurs \u00e0 la pratique \u00e9tablie par des accords analogues avec l'Allemagne et la France, par exemple des accords r\u00e9gionaux concernant la coop\u00e9ration en cas d'accidents de carburant dans le lac de Constance ou concernant l'exercice \"Regio 93\" dans la r\u00e9gion du Rhin sup\u00e9rieur, ou l'accord du DDPS concernant les exercices sur le L\u00e9man avec l'arm\u00e9e fran\u00e7aise.</p>\n<p>Nous avons donc le sentiment que le texte qui est devant vous ne devrait pas entraver les activit\u00e9s dans ce domaine qui ont d\u00e9j\u00e0 pu prendre place par le pass\u00e9.</p>\n<p>Je vous prie donc de bien vouloir approuver l'accord en question.</p>\n</pd_text>","MeetingCouncilAbbreviation":"S","MeetingDate":"20010307","MeetingVerbalixOid":785,"IdSession":"4606","SpeakerFirstName":"Joseph","SpeakerLastName":"Deiss","SpeakerFullName":"Deiss Joseph","SpeakerFunction":"BR-M","CouncilId":99,"CouncilName":"Bundesrat","CantonId":10,"CantonName":"Freiburg","CantonAbbreviation":"FR","ParlGroupName":null,"ParlGroupAbbreviation":null,"SortOrder":2,"Start":"\/Date(983952455577)\/","End":"\/Date(983952704957)\/","Function":"","DisplaySpeaker":true,"LanguageOfText":"FR","Modified":"\/Date(1510849254140)\/","StartTimeWithTimezone":"\/Date(983952455577+0060)\/","EndTimeWithTimezone":"\/Date(983952704957+0060)\/","VoteBusinessNumber":null,"VoteBusinessShortNumber":null,"VoteBusinessTitle":null},{"__metadata":{"id":"https://ws.parlament.ch/OData.svc/Transcript(ID=11246L,Language='DE')","uri":"https://ws.parlament.ch/OData.svc/Transcript(ID=11246L,Language='DE')","type":"itsystems.Pd.DataServices.DataModel.Transcript"},"Subjects":{"__deferred":{"uri":"https://ws.parlament.ch/OData.svc/Transcript(ID=11246L,Language='DE')/Subjects"}},"MembersCouncil":{"__deferred":{"uri":"https://ws.parlament.ch/OData.svc/Transcript(ID=11246L,Language='DE')/MembersCouncil"}},"Businesses":{"__deferred":{"uri":"https://ws.parlament.ch/OData.svc/Transcript(ID=11246L,Language='DE')/Businesses"}},"ID":"11246","Language":"DE","IdSubject":"2235","VoteId":null,"PersonNumber":398,"Type":1,"Text":"<pd_text><p>Das Abkommen mit \u00d6sterreich schliesst den Kreis der Vereinbarungen mit unseren Nachbarl\u00e4ndern, weil es das vierte und letzte ist. Infolge ihrer Grenzn\u00e4he hat man die Kantone St. Gallen und Graub\u00fcnden als f\u00fcr Hilfesuche zust\u00e4ndige Beh\u00f6rden ebenfalls mit ins Boot genommen. Dieses neunzehn Artikel umfassende Abkommen beinhaltet Rahmenvorschriften f\u00fcr die gegenseitige Hilfestellung bei Katastrophen oder bei schweren Ungl\u00fccksf\u00e4llen. Es richtet sich damit vorwiegend an jene Institutionen und Organisationen, welche f\u00fcr solche Eins\u00e4tze ausgebildet und vorbereitet sind, n\u00e4mlich prim\u00e4r das Schweizerische Katastrophenhilfekorps sowie die Armee. Katastrophenhilfe ist zun\u00e4chst - das muss man eingangs betonen - immer eine zivile Hilfe. Die Koordination und die Leitung der Rettungs- und Hilfsmassnahmen sind Sache des jeweiligen Einsatzstaates.</p>\n<p>Ein paar Worte zum Abkommen: Nicht geregelt im Abkommen sind grenz\u00fcberschreitende Rettungs- und Ambulanzfl\u00fcge. Der Kanton Graub\u00fcnden hat hier ein separates und umfassendes Abkommen gew\u00fcnscht, das eben nicht nur den Katastrophenfall, sondern alle Arten von Ambulanzfl\u00fcgen beinhaltet. Das EDA ist bereit, ein solches Abkommen auszuhandeln. Unber\u00fchrt vom Abkommen bleiben bestehende vertragliche Regelungen, namentlich solche im Grenzbereich zwischen den Vertragsstaaten, insbesondere auch Verwaltungsvereinbarungen, z. B. \u00fcber gemeinsame Feuerwehr\u00fcbungen oder sodann Abmachungen \u00fcber die \u00d6lwehr und den Helikopterverkehr im Rheintal und am Bodensee.</p>\n<p>Etwas unklar ist bez\u00fcglich dieses Abkommens der Status des Bodensees als internationales Gew\u00e4sser, als so genanntes Mare omnium, und damit eben auch als Territorium zur Handhabung von Eins\u00e4tzen und allf\u00e4lliger Strafgerichtsbarkeit bei Katastrophenhilfeeins\u00e4tzen. Daraus entsteht bei n\u00e4herer Betrachtung kein Problem, wie die bisherigen Seerettungen und Flugzeugbergungen im Bodensee gezeigt haben. </p>\n<p>Im Nationalrat ist im Gegensatz zu unserer APK die Frage der Bedeutung dieses Abkommens hinsichtlich der Armee diskutiert worden. Es wurde namentlich gemutmasst, die Armeen k\u00f6nnten gegenseitig mit Flugzeugen, Panzern, Fahrzeugen usw. auffahren. Solche Bedenken sind leicht zu entkr\u00e4ften. Die Katastrophenhilfe ist eine zivile Hilfe, und sie wird ohnehin nur auf ausdr\u00fcckliches Gesuch des Nachbarstaates geleistet. Dass bei Lawinenniederg\u00e4ngen, Bergrutschen oder einer technisch bedingten Katastrophe nicht mit Waffen, sondern mit Genietruppen und Hilfsmitteln eingefahren wird, ist eigentlich selbstverst\u00e4ndlich.</p>\n<p>Die zweite Bef\u00fcrchtung betraf die Strafgerichtsbarkeit f\u00fcr Armeeangeh\u00f6rige. Diese liegt gem\u00e4ss v\u00f6lkerrechtlichem Territorialprinzip beim Einsatzstaat. Artikel 12 des Abkommens sieht immerhin vor, dass der Entsendestaat die R\u00fcck\u00fcbertragung der Strafgerichtsbarkeit beantragen kann, und ein solches Gesuch dann wohlwollend zu pr\u00fcfen ist. Auslieferungsvertr\u00e4ge zwischen den Vertragsstaaten bleiben im \u00dcbrigen unber\u00fchrt.</p>\n<p>Im Herbst 1999 fand zwischen der schweizerischen und der \u00f6sterreichischen Armee die gemeinsame grenz\u00fcberschreitende \u00dcbung \"Rheintal\" statt. Die \u00dcbung war in jeder Hinsicht ein Erfolg. Mitglieder unserer Sicherheitspolitischen Kommissionen konnten sich damals beidseits des Rheins ein Bild von der N\u00fctzlichkeit einer solchen Zusammenarbeit machen.</p>\n<p>Sie basierte auf einem v\u00f6lkerrechtlichen Vertrag zwischen den beiden L\u00e4ndern und hatte ausschliesslich den Charakter von Katastrophenhilfe. Solche Ad-hoc-Vertr\u00e4ge sind und bleiben Leges speciales. Deshalb wurde das VBS in die Vertragsverhandlungen integriert, namentlich zu Artikel 11, der den Schadenersatz regelt, und zu Artikel 12 bez\u00fcglich der Strafgerichtsbarkeit. </p>\n<p>Die Kommission empfiehlt Ihnen mit 11 zu 0 Stimmen ohne Enthaltungen, diesem Abkommen zuzustimmen.</p>\n</pd_text>","MeetingCouncilAbbreviation":"S","MeetingDate":"20010307","MeetingVerbalixOid":785,"IdSession":"4606","SpeakerFirstName":"Hans-Rudolf","SpeakerLastName":"Merz","SpeakerFullName":"Merz Hans-Rudolf","SpeakerFunction":"","CouncilId":2,"CouncilName":"St\u00e4nderat","CantonId":15,"CantonName":"Appenzell A.-Rh.","CantonAbbreviation":"AR","ParlGroupName":"Freisinnig-demokratische Fraktion","ParlGroupAbbreviation":"RL","SortOrder":1,"Start":"\/Date(983952124303)\/","End":"\/Date(983952445043)\/","Function":"*","DisplaySpeaker":true,"LanguageOfText":"DE","Modified":"\/Date(1510849254140)\/","StartTimeWithTimezone":"\/Date(983952124303+0060)\/","EndTimeWithTimezone":"\/Date(983952445043+0060)\/","VoteBusinessNumber":null,"VoteBusinessShortNumber":null,"VoteBusinessTitle":null}]},"ID":"2235","Language":"DE","IdMeeting":"148","VerbalixOid":26295,"SortOrder":2,"Modified":"\/Date(1510849254140)\/"}}