{"d":{"__metadata":{"id":"https://ws.parlament.ch/OData.svc/Subject(ID=22466L,Language='DE')","uri":"https://ws.parlament.ch/OData.svc/Subject(ID=22466L,Language='DE')","type":"itsystems.Pd.DataServices.DataModel.Subject"},"Meetings":{"__metadata":{"id":"https://ws.parlament.ch/OData.svc/Meeting(ID=1485L,Language='DE')","uri":"https://ws.parlament.ch/OData.svc/Meeting(ID=1485L,Language='DE')","type":"itsystems.Pd.DataServices.DataModel.Meeting"},"Sessions":{"__deferred":{"uri":"https://ws.parlament.ch/OData.svc/Meeting(ID=1485L,Language='DE')/Sessions"}},"Subjects":{"__deferred":{"uri":"https://ws.parlament.ch/OData.svc/Meeting(ID=1485L,Language='DE')/Subjects"}},"ID":"1485","Language":"DE","MeetingNumber":16,"IdSession":4814,"SessionNumber":14,"SessionName":"Sommersession 2010","Council":1,"CouncilName":"Nationalrat","CouncilAbbreviation":"NR","Date":"\/Date(1276819200000)\/","Begin":"0800","Modified":"\/Date(1447070250213)\/","LegislativePeriodNumber":48,"PublicationStatus":"final","MeetingOrderText":"Sechzehnte Sitzung","SortOrder":16,"Location":"N"},"SubjectsBusiness":{"results":[{"__metadata":{"id":"https://ws.parlament.ch/OData.svc/SubjectBusiness(BusinessNumber=20103045,IdSubject=22466L,Language='DE')","uri":"https://ws.parlament.ch/OData.svc/SubjectBusiness(BusinessNumber=20103045,IdSubject=22466L,Language='DE')","type":"itsystems.Pd.DataServices.DataModel.SubjectBusiness"},"Subjects":{"__deferred":{"uri":"https://ws.parlament.ch/OData.svc/SubjectBusiness(BusinessNumber=20103045,IdSubject=22466L,Language='DE')/Subjects"}},"Businesses":{"__deferred":{"uri":"https://ws.parlament.ch/OData.svc/SubjectBusiness(BusinessNumber=20103045,IdSubject=22466L,Language='DE')/Businesses"}},"IdSubject":"22466","BusinessNumber":20103045,"Language":"DE","BusinessShortNumber":"10.3045","Title":"Innere Sicherheit. Kl\u00e4rung der Kompetenzen","SortOrder":1,"PublishedNotes":null,"Modified":"\/Date(1447069457120)\/","TitleDE":"Postulat Malama Peter.\nInnere Sicherheit.\nKl\u00e4rung der Kompetenzen","TitleFR":"Postulat Malama Peter.\nS\u00e9curit\u00e9 int\u00e9rieure.\nClarification des comp\u00e9tences","TitleIT":null}]},"Transcripts":{"results":[{"__metadata":{"id":"https://ws.parlament.ch/OData.svc/Transcript(ID=134027L,Language='DE')","uri":"https://ws.parlament.ch/OData.svc/Transcript(ID=134027L,Language='DE')","type":"itsystems.Pd.DataServices.DataModel.Transcript"},"Subjects":{"__deferred":{"uri":"https://ws.parlament.ch/OData.svc/Transcript(ID=134027L,Language='DE')/Subjects"}},"MembersCouncil":{"__deferred":{"uri":"https://ws.parlament.ch/OData.svc/Transcript(ID=134027L,Language='DE')/MembersCouncil"}},"Businesses":{"__deferred":{"uri":"https://ws.parlament.ch/OData.svc/Transcript(ID=134027L,Language='DE')/Businesses"}},"ID":"134027","Language":"DE","IdSubject":"22466","VoteId":null,"PersonNumber":null,"Type":3,"Text":"<pd_text><p><i>Angenommen - Adopt\u00e9</i></p>\n</pd_text>","MeetingCouncilAbbreviation":"N","MeetingDate":"20100618","MeetingVerbalixOid":1945,"IdSession":"4814","SpeakerFirstName":null,"SpeakerLastName":null,"SpeakerFullName":"","SpeakerFunction":null,"CouncilId":null,"CouncilName":null,"CantonId":null,"CantonName":null,"CantonAbbreviation":null,"ParlGroupName":null,"ParlGroupAbbreviation":null,"SortOrder":1,"Start":null,"End":null,"Function":null,"DisplaySpeaker":null,"LanguageOfText":"DE","Modified":"\/Date(1774877763193)\/","StartTimeWithTimezone":null,"EndTimeWithTimezone":null,"VoteBusinessNumber":null,"VoteBusinessShortNumber":null,"VoteBusinessTitle":null}]},"ID":"22466","Language":"DE","IdMeeting":"1485","VerbalixOid":332322,"SortOrder":50,"Modified":"\/Date(1774877763187)\/"}}