{"d":{"__metadata":{"id":"https://ws.parlament.ch/OData.svc/Subject(ID=22539L,Language='DE')","uri":"https://ws.parlament.ch/OData.svc/Subject(ID=22539L,Language='DE')","type":"itsystems.Pd.DataServices.DataModel.Subject"},"Meetings":{"__metadata":{"id":"https://ws.parlament.ch/OData.svc/Meeting(ID=1491L,Language='DE')","uri":"https://ws.parlament.ch/OData.svc/Meeting(ID=1491L,Language='DE')","type":"itsystems.Pd.DataServices.DataModel.Meeting"},"Sessions":{"__deferred":{"uri":"https://ws.parlament.ch/OData.svc/Meeting(ID=1491L,Language='DE')/Sessions"}},"Subjects":{"__deferred":{"uri":"https://ws.parlament.ch/OData.svc/Meeting(ID=1491L,Language='DE')/Subjects"}},"ID":"1491","Language":"DE","MeetingNumber":9,"IdSession":4817,"SessionNumber":17,"SessionName":"Fr\u00fchjahrssession 2011","Council":1,"CouncilName":"Nationalrat","CouncilAbbreviation":"NR","Date":"\/Date(1299628800000)\/","Begin":"1500","Modified":"\/Date(1447070252253)\/","LegislativePeriodNumber":48,"PublicationStatus":"final","MeetingOrderText":"Neunte Sitzung","SortOrder":9,"Location":"N"},"SubjectsBusiness":{"results":[{"__metadata":{"id":"https://ws.parlament.ch/OData.svc/SubjectBusiness(BusinessNumber=20103889,IdSubject=22539L,Language='DE')","uri":"https://ws.parlament.ch/OData.svc/SubjectBusiness(BusinessNumber=20103889,IdSubject=22539L,Language='DE')","type":"itsystems.Pd.DataServices.DataModel.SubjectBusiness"},"Subjects":{"__deferred":{"uri":"https://ws.parlament.ch/OData.svc/SubjectBusiness(BusinessNumber=20103889,IdSubject=22539L,Language='DE')/Subjects"}},"Businesses":{"__deferred":{"uri":"https://ws.parlament.ch/OData.svc/SubjectBusiness(BusinessNumber=20103889,IdSubject=22539L,Language='DE')/Businesses"}},"IdSubject":"22539","BusinessNumber":20103889,"Language":"DE","BusinessShortNumber":"10.3889","Title":"Beschaffung von Kampfflugzeugen","SortOrder":1,"PublishedNotes":null,"Modified":"\/Date(1447069473476)\/","TitleDE":"Motion SiK-NR.\nBeschaffung von Kampfflugzeugen","TitleFR":"Motion CPS-CN.\nAcquisition d'avions de combat","TitleIT":null}]},"Transcripts":{"results":[{"__metadata":{"id":"https://ws.parlament.ch/OData.svc/Transcript(ID=134468L,Language='DE')","uri":"https://ws.parlament.ch/OData.svc/Transcript(ID=134468L,Language='DE')","type":"itsystems.Pd.DataServices.DataModel.Transcript"},"Subjects":{"__deferred":{"uri":"https://ws.parlament.ch/OData.svc/Transcript(ID=134468L,Language='DE')/Subjects"}},"MembersCouncil":{"__deferred":{"uri":"https://ws.parlament.ch/OData.svc/Transcript(ID=134468L,Language='DE')/MembersCouncil"}},"Businesses":{"__deferred":{"uri":"https://ws.parlament.ch/OData.svc/Transcript(ID=134468L,Language='DE')/Businesses"}},"ID":"134468","Language":"DE","IdSubject":"22539","VoteId":"5189","PersonNumber":null,"Type":2,"Text":"<pd_text><p><b>Le pr\u00e9sident </b>(Germanier Jean-Ren\u00e9, pr\u00e9sident): La commission propose d'adopter la motion. Une minorit\u00e9 et le Conseil f\u00e9d\u00e9ral proposent de la rejeter. </p>\n<p>[VS]</p>\n<p><i>Abstimmung - Vote</i></p>\n<p>[NAM]</p>\n<p>F\u00fcr Annahme der Motion ... 95 Stimmen</p>\n<p>Dagegen ... 69 Stimmen</p>\n</pd_text>","MeetingCouncilAbbreviation":"N","MeetingDate":"20110309","MeetingVerbalixOid":2032,"IdSession":"4817","SpeakerFirstName":null,"SpeakerLastName":null,"SpeakerFullName":"","SpeakerFunction":null,"CouncilId":null,"CouncilName":null,"CantonId":null,"CantonName":null,"CantonAbbreviation":null,"ParlGroupName":null,"ParlGroupAbbreviation":null,"SortOrder":18,"Start":"\/Date(1299687619921)\/","End":"\/Date(1299687619921)\/","Function":null,"DisplaySpeaker":null,"LanguageOfText":"DE","Modified":"\/Date(1774877712989)\/","StartTimeWithTimezone":"\/Date(1299687619920+0060)\/","EndTimeWithTimezone":"\/Date(1299687619920+0060)\/","VoteBusinessNumber":20103889,"VoteBusinessShortNumber":"10.3889","VoteBusinessTitle":"Motion SiK-NR.\nBeschaffung von Kampfflugzeugen"},{"__metadata":{"id":"https://ws.parlament.ch/OData.svc/Transcript(ID=134469L,Language='DE')","uri":"https://ws.parlament.ch/OData.svc/Transcript(ID=134469L,Language='DE')","type":"itsystems.Pd.DataServices.DataModel.Transcript"},"Subjects":{"__deferred":{"uri":"https://ws.parlament.ch/OData.svc/Transcript(ID=134469L,Language='DE')/Subjects"}},"MembersCouncil":{"__deferred":{"uri":"https://ws.parlament.ch/OData.svc/Transcript(ID=134469L,Language='DE')/MembersCouncil"}},"Businesses":{"__deferred":{"uri":"https://ws.parlament.ch/OData.svc/Transcript(ID=134469L,Language='DE')/Businesses"}},"ID":"134469","Language":"DE","IdSubject":"22539","VoteId":null,"PersonNumber":3906,"Type":1,"Text":"<pd_text><p>Je m'excuse encore une fois aupr\u00e8s du conseiller national Jean-Fran\u00e7ois Rime et aupr\u00e8s des autres conseillers francophones de ne pas avoir parl\u00e9 en fran\u00e7ais lors de ma premi\u00e8re intervention. Je le fais maintenant.</p>\n<p>L'espace a\u00e9rien constitue la troisi\u00e8me dimension de notre territoire national. Il y a bien deux missions permanentes de ce d\u00e9partement: la premi\u00e8re est de sauvegarder la souverainet\u00e9 a\u00e9rienne et la seconde est d'assurer la s\u00e9curit\u00e9 du trafic. L'espace a\u00e9rien suisse est l'un des plus denses d'Europe: quelque 3200 avions civils survolent la Suisse chaque jour de l'ann\u00e9e.</p>\n<p>A l'instar du trafic sur les routes et les autoroutes, les mouvements a\u00e9riens doivent \u00eatre coordonn\u00e9s et contr\u00f4l\u00e9s. Le d\u00e9roulement ordonn\u00e9 du trafic a\u00e9rien requiert imp\u00e9rativement un service de police a\u00e9rienne analogue \u00e0 celui de la police routi\u00e8re. Le droit international public et la neutralit\u00e9 imposent \u00e0 la Suisse de contr\u00f4ler son propre espace a\u00e9rien et, le cas \u00e9ch\u00e9ant, d'y intervenir au profit de la s\u00e9curit\u00e9. Seuls les F/A-18 peuvent s'acquitter de nombreuses missions dans la troisi\u00e8me dimension et seules les Forces a\u00e9riennes peuvent aller constater de visu une violation de l'espace a\u00e9rien et r\u00e9agir.</p>\n<p>Aujourd'hui et depuis juillet 2005, la surveillance passive permanente de l'espace a\u00e9rien suisse est assur\u00e9e 24 heures sur 24, sept jours sur sept, via le syst\u00e8me radar Florako. Mais observer et constater sans pouvoir agir, c'est accepter son incapacit\u00e9 d'assurer l'inviolabilit\u00e9 de son espace a\u00e9rien. Plus irresponsable encore est d'admettre que l'aviation civile doit se mouvoir \u00e0 ses risques et p\u00e9rils dans notre espace a\u00e9rien car notre police a\u00e9rienne, par manque de moyens, ne peut intervenir en dehors des heures de bureau. C'est \u00e7a, la r\u00e9alit\u00e9 aujourd'hui.</p>\n<p>Je vous demande, en toute responsabilit\u00e9 et en connaissance de cause, d'adopter cette motion qui n'a d'autre ambition que de donner aux Forces a\u00e9riennes les moyens de remplir les missions que leur assigne l'ordonnance sur la sauvegarde de la souverainet\u00e9 sur l'espace a\u00e9rien.</p>\n</pd_text>","MeetingCouncilAbbreviation":"N","MeetingDate":"20110309","MeetingVerbalixOid":2032,"IdSession":"4817","SpeakerFirstName":"Pius","SpeakerLastName":"Segm\u00fcller","SpeakerFullName":"Segm\u00fcller Pius","SpeakerFunction":"Mit-M","CouncilId":1,"CouncilName":"Nationalrat","CantonId":3,"CantonName":"Luzern","CantonAbbreviation":"LU","ParlGroupName":"Fraktion CVP/EVP/glp","ParlGroupAbbreviation":"M-E","SortOrder":17,"Start":"\/Date(1299687266133)\/","End":"\/Date(1299687619921)\/","Function":"*","DisplaySpeaker":true,"LanguageOfText":"FR","Modified":"\/Date(1774877712987)\/","StartTimeWithTimezone":"\/Date(1299687266133+0060)\/","EndTimeWithTimezone":"\/Date(1299687619920+0060)\/","VoteBusinessNumber":null,"VoteBusinessShortNumber":null,"VoteBusinessTitle":null},{"__metadata":{"id":"https://ws.parlament.ch/OData.svc/Transcript(ID=134470L,Language='DE')","uri":"https://ws.parlament.ch/OData.svc/Transcript(ID=134470L,Language='DE')","type":"itsystems.Pd.DataServices.DataModel.Transcript"},"Subjects":{"__deferred":{"uri":"https://ws.parlament.ch/OData.svc/Transcript(ID=134470L,Language='DE')/Subjects"}},"MembersCouncil":{"__deferred":{"uri":"https://ws.parlament.ch/OData.svc/Transcript(ID=134470L,Language='DE')/MembersCouncil"}},"Businesses":{"__deferred":{"uri":"https://ws.parlament.ch/OData.svc/Transcript(ID=134470L,Language='DE')/Businesses"}},"ID":"134470","Language":"DE","IdSubject":"22539","VoteId":null,"PersonNumber":526,"Type":1,"Text":"<pd_text><p>Ist das die Frage gewesen? Danke. Wenn man mir vorwirft, abenteuerlich zu sein, dann, glaube ich, kann ich darauf entgegnen, dass ich in den letzten elf Jahren bewiesen habe, dass ich finanzpolitisch nie auf einem Abenteuerkurs war. Aber wir haben z. B. in dieser Session andere Projekte bewilligt, die den Bundeshaushalt wesentlich mehr belasten als die Beschaffung dieser Kampfflugzeuge. Ich glaube, wenn wir hier wieder einmal lernen, Priorit\u00e4ten zu setzen und festzulegen, was wirklich die Aufgaben des Bundes sind, finden wir auch Wege, diese Aufgaben zu finanzieren.</p>\n</pd_text>","MeetingCouncilAbbreviation":"N","MeetingDate":"20110309","MeetingVerbalixOid":2032,"IdSession":"4817","SpeakerFirstName":"Bruno","SpeakerLastName":"Zuppiger","SpeakerFullName":"Zuppiger Bruno","SpeakerFunction":"Mit-M","CouncilId":1,"CouncilName":"Nationalrat","CantonId":1,"CantonName":"Z\u00fcrich","CantonAbbreviation":"ZH","ParlGroupName":"Fraktion der Schweizerischen Volkspartei","ParlGroupAbbreviation":"V","SortOrder":16,"Start":"\/Date(1299687226392)\/","End":"\/Date(1299687266133)\/","Function":"*","DisplaySpeaker":true,"LanguageOfText":"DE","Modified":"\/Date(1774877712984)\/","StartTimeWithTimezone":"\/Date(1299687226393+0060)\/","EndTimeWithTimezone":"\/Date(1299687266133+0060)\/","VoteBusinessNumber":null,"VoteBusinessShortNumber":null,"VoteBusinessTitle":null},{"__metadata":{"id":"https://ws.parlament.ch/OData.svc/Transcript(ID=134471L,Language='DE')","uri":"https://ws.parlament.ch/OData.svc/Transcript(ID=134471L,Language='DE')","type":"itsystems.Pd.DataServices.DataModel.Transcript"},"Subjects":{"__deferred":{"uri":"https://ws.parlament.ch/OData.svc/Transcript(ID=134471L,Language='DE')/Subjects"}},"MembersCouncil":{"__deferred":{"uri":"https://ws.parlament.ch/OData.svc/Transcript(ID=134471L,Language='DE')/MembersCouncil"}},"Businesses":{"__deferred":{"uri":"https://ws.parlament.ch/OData.svc/Transcript(ID=134471L,Language='DE')/Businesses"}},"ID":"134471","Language":"DE","IdSubject":"22539","VoteId":null,"PersonNumber":1110,"Type":1,"Text":"<pd_text><p>Kollege Zuppiger, ich kenne Sie ja als sehr sparsamen Finanzpolitiker. Ist es so, dass Sie andere finanzpolitische Grunds\u00e4tze haben, wenn Sie f\u00fcr die Sicherheitspolitische Kommission reden, als wenn Sie in der Finanzkommission eine Position vertreten? Sie haben eigentlich das, was Herr Bundesrat Maurer gesagt hat, nicht widerlegt. Sie vertreten eine abenteuerliche Finanzierungspolitik, ohne dass Sie dem Rat plausibel machen k\u00f6nnen, wie dieses Unterfangen finanziert werden soll.</p>\n</pd_text>","MeetingCouncilAbbreviation":"N","MeetingDate":"20110309","MeetingVerbalixOid":2032,"IdSession":"4817","SpeakerFirstName":"Daniel","SpeakerLastName":"Vischer","SpeakerFullName":"Vischer Daniel","SpeakerFunction":"Mit-M","CouncilId":1,"CouncilName":"Nationalrat","CantonId":1,"CantonName":"Z\u00fcrich","CantonAbbreviation":"ZH","ParlGroupName":"Gr\u00fcne Fraktion","ParlGroupAbbreviation":"G","SortOrder":15,"Start":"\/Date(1299687170937)\/","End":"\/Date(1299687226392)\/","Function":"Mit-M","DisplaySpeaker":true,"LanguageOfText":"DE","Modified":"\/Date(1774877712983)\/","StartTimeWithTimezone":"\/Date(1299687170937+0060)\/","EndTimeWithTimezone":"\/Date(1299687226393+0060)\/","VoteBusinessNumber":null,"VoteBusinessShortNumber":null,"VoteBusinessTitle":null},{"__metadata":{"id":"https://ws.parlament.ch/OData.svc/Transcript(ID=134472L,Language='DE')","uri":"https://ws.parlament.ch/OData.svc/Transcript(ID=134472L,Language='DE')","type":"itsystems.Pd.DataServices.DataModel.Transcript"},"Subjects":{"__deferred":{"uri":"https://ws.parlament.ch/OData.svc/Transcript(ID=134472L,Language='DE')/Subjects"}},"MembersCouncil":{"__deferred":{"uri":"https://ws.parlament.ch/OData.svc/Transcript(ID=134472L,Language='DE')/MembersCouncil"}},"Businesses":{"__deferred":{"uri":"https://ws.parlament.ch/OData.svc/Transcript(ID=134472L,Language='DE')/Businesses"}},"ID":"134472","Language":"DE","IdSubject":"22539","VoteId":null,"PersonNumber":526,"Type":1,"Text":"<pd_text><p>Wir haben in der SiK intensiv \u00fcber die Finanzierungsfrage diskutiert, und es ist ja so, dass nicht der ganze Betrag auf einmal bezahlt werden muss, sondern es sind Vereinbarungen da, die eine f\u00fcnfj\u00e4hrige Finanzierung vorsehen und nachher auch den Betrieb garantieren sollen: im ersten Jahr 15 Prozent, dann [PAGE 291] 20 Prozent, 30 Prozent, wieder 20 Prozent und 15 Prozent der Kosten f\u00fcr Investitionen von jetzt etwa 2,2 Milliarden Franken. Dazu kommen die Kosten f\u00fcr den Unterhalt und den Betrieb der Flugzeuge. Wenn wir den Plafond der Bundesausgaben f\u00fcr dieses Gesch\u00e4ft um etwa ein Prozent erh\u00f6hen, wird diese Anschaffung finanzierbar sein, das kann ich Ihnen sagen. Wenn wir uns in anderen Bereichen zur\u00fcckhalten, die jetzt immer weit \u00fcberdurchschnittliche Wachstumsraten aufgewiesen haben, dann ist das finanzierbar; das kann ich Ihnen auch als Finanzpolitiker sagen. Wenn etwas n\u00f6tig ist, m\u00fcssen wir in diesem Saal, beim Bund und bei allen Beh\u00f6rden des Bundes bereit sein, auch eine Finanzierung bereitzustellen. Ich bin \u00fcberzeugt, dass dies f\u00fcr die Sicherheit der Bev\u00f6lkerung und f\u00fcr die Sicherheit der Schweiz eine notwendige Investition ist, und diese Investition wird sich lohnen.</p>\n</pd_text>","MeetingCouncilAbbreviation":"N","MeetingDate":"20110309","MeetingVerbalixOid":2032,"IdSession":"4817","SpeakerFirstName":"Bruno","SpeakerLastName":"Zuppiger","SpeakerFullName":"Zuppiger Bruno","SpeakerFunction":"Mit-M","CouncilId":1,"CouncilName":"Nationalrat","CantonId":1,"CantonName":"Z\u00fcrich","CantonAbbreviation":"ZH","ParlGroupName":"Fraktion der Schweizerischen Volkspartei","ParlGroupAbbreviation":"V","SortOrder":14,"Start":"\/Date(1299687060271)\/","End":"\/Date(1299687170937)\/","Function":"*","DisplaySpeaker":true,"LanguageOfText":"DE","Modified":"\/Date(1774877712981)\/","StartTimeWithTimezone":"\/Date(1299687060270+0060)\/","EndTimeWithTimezone":"\/Date(1299687170937+0060)\/","VoteBusinessNumber":null,"VoteBusinessShortNumber":null,"VoteBusinessTitle":null},{"__metadata":{"id":"https://ws.parlament.ch/OData.svc/Transcript(ID=134473L,Language='DE')","uri":"https://ws.parlament.ch/OData.svc/Transcript(ID=134473L,Language='DE')","type":"itsystems.Pd.DataServices.DataModel.Transcript"},"Subjects":{"__deferred":{"uri":"https://ws.parlament.ch/OData.svc/Transcript(ID=134473L,Language='DE')/Subjects"}},"MembersCouncil":{"__deferred":{"uri":"https://ws.parlament.ch/OData.svc/Transcript(ID=134473L,Language='DE')/MembersCouncil"}},"Businesses":{"__deferred":{"uri":"https://ws.parlament.ch/OData.svc/Transcript(ID=134473L,Language='DE')/Businesses"}},"ID":"134473","Language":"DE","IdSubject":"22539","VoteId":null,"PersonNumber":146,"Type":1,"Text":"<pd_text><p>Die etwas aufgeheizte Stimmung werden Sie bei der Abstimmung brauchen, weil Sie einen Spagat zwischen dem Notwendigen und dem Finanzierbaren machen m\u00fcssen.</p>\n<p>Noch einmal zur Ausgangslage: 2007, als man Ihnen das Kreditbegehren f\u00fcr die Evaluation dieser Flugzeuge stellte, ging man davon aus, dass diese neuen Flugzeuge 2,2 Milliarden Franken kosten w\u00fcrden und die Armee diese aus ihrem Plafondkredit w\u00fcrde bezahlen k\u00f6nnen, wenn sie zwei R\u00fcstungsprogramme zusammenfassen w\u00fcrde. Diese Hoffnungen haben sich nicht erf\u00fcllt, weil die neuen Flugzeuge aufgrund der Evaluation mehr als doppelt so viel kosten, als man urspr\u00fcnglich angenommen und im Finanzplan eingestellt hatte. Das ist der erste Grund, es kostet also mehr als doppelt so viel, als man gedacht hatte. Der zweite Grund liegt darin, dass die Betriebskosten der Armee derart explodiert sind - ich habe das schon mehrmals ausgef\u00fchrt -, dass statt gut einer Milliarde pro Jahr etwa 500 Millionen Franken f\u00fcr Investitionen zur Verf\u00fcgung stehen. Diese beiden Gr\u00fcnde f\u00fchren dazu, dass das Beschaffungsprojekt nicht wie vorgesehen ausgef\u00fchrt werden kann.</p>\n<p>F\u00fcr uns heisst das, dass wir die Betriebskosten senken m\u00fcssen, damit der Investitionsanteil erh\u00f6ht werden kann. Hierzu kann ich Ihnen sagen, dass wir auf gutem Wege sind. Wir haben das letztj\u00e4hrige Budget um etwa 500 Millionen Franken unterschritten. Es ist uns also letztes Jahr gelungen, etwa 500 Millionen Franken einzusparen, das heisst, wir werden mittelfristig, aber eben nicht kurzfristig in der Lage sein, einen bedeutenden Teil zur Finanzierung beizutragen.</p>\n<p>Damit hat sich eine neue Ausgangslage ergeben. Es braucht, wenn wir dieses Flugzeug kaufen wollen, zus\u00e4tzliche finanzielle Mittel. Dem steht die Schuldenbremse im Wege. Wenn Sie dieser Motion zustimmen, dann sagen Sie quasi A; Sie sagen, dass eine Plafonderh\u00f6hung zugunsten der Armee stattfinden soll, damit dieser Kauf in der n\u00e4chsten Legislatur m\u00f6glich ist. Was heisst das konkret? Eine Plafonderh\u00f6hung heisst, dass das Ganze innerhalb der Schuldenbremse stattfinden muss. Wenn Sie den Plafond erh\u00f6hen, damit die Armee den Kauf t\u00e4tigen kann, dann heisst das gleichzeitig, dass Sie in anderen Departementen Einsparungen in der Gr\u00f6ssenordnung von 4 Milliarden Franken vornehmen m\u00fcssen, damit dieser Kauf m\u00f6glich ist. Wenn Sie heute zu dieser Motion Ja sagen, heisst das also, dass Sie in der Finanzplanung und in den kommenden Budgets B sagen m\u00fcssen und dort in k\u00fcrzester Frist 4 Milliarden Franken einsparen m\u00fcssen. Das ist der Spagat, von dem ich vorhin gesprochen habe.</p>\n<p>Der Bundesrat war der Meinung, dass dieser Spagat in diesem Zeitraum nicht m\u00f6glich ist. Wir haben daher einen anderen L\u00f6sungsansatz gew\u00e4hlt, n\u00e4mlich den L\u00f6sungsansatz, die Finanzen bis 2015 bereitzustellen. Wir sind der Meinung, dass es auf dieser Zeitachse, bis 2015, m\u00f6glich sein sollte, die Finanzierung sicherzustellen, dies einerseits, indem wir mit Sparbeitr\u00e4gen, mit der Senkung der Betriebskosten, unseren Anteil erh\u00f6hen, und andererseits, indem gleichzeitig \u00fcber diesen l\u00e4ngeren Zeitraum Einsparungen insgesamt m\u00f6glich sein sollten. Es besteht zurzeit eine interdepartementale Arbeitsgruppe, die L\u00f6sungen f\u00fcr diese Finanzierung bis 2015 suchen soll. Ich glaube sagen zu d\u00fcrfen, dass wir hier auf gutem Wege sind; wir suchen Fondsl\u00f6sungen. Unserer Meinung nach ist es aber politisch kaum realistisch, wenn Sie hier beschliessen, diese Flugzeuge \u00fcber eine Plafonderh\u00f6hung bereits in der n\u00e4chsten Legislatur zu kaufen, denn angesichts der Schuldenbremse bedingt das, dass Sie gleichzeitig im gleichen Ausmass Einsparungen in anderen Departementen vornehmen. Wenn Ihnen das gelingt, gratuliere ich Ihnen, das muss ich Ihnen sagen.</p>\n<p>Als Chef des VBS bin ich froh, wenn wir diese Flugzeuge beschaffen k\u00f6nnen, weil wir eine L\u00fccke haben; ich habe das schon ausgef\u00fchrt. Realpolitisch gesehen, glaube ich allerdings nicht daran, dass wir das schaffen. Daher bin ich der Ansicht, dass der Bundesrat einen vern\u00fcnftigen Weg gew\u00e4hlt hat, als er die Finanzierung so aufgleiste, dass eine Anschaffung bis 2015 m\u00f6glich ist. Die Armee wird diesbez\u00fcglich einen wesentlichen Sparbeitrag selbst leisten m\u00fcssen, aber es braucht zus\u00e4tzliche Sparmassnahmen anderer Departemente. Schon so ist der Spagat gross genug, damit wir das bis 2015 schaffen.</p>\n<p>Ich muss Ihnen daher in Anbetracht der Finanzen aus realpolitischen Gr\u00fcnden, wenn auch \u00e0 contrecoeur, beantragen, dieser Motion nicht zuzustimmen, und muss Ihnen zudem sagen: Wenn Sie heute dieser Motion zustimmen, sollten Sie dann auch aufzeigen, wie Sie in den n\u00e4chsten paar Jahren in anderen Departementen 4 Milliarden Franken einsparen wollen. Wer A sagt, sollte auch B sagen, dessen m\u00fcssen Sie sich bewusst sein.</p>\n<p>Der Bundesrat meint, zu dieser L\u00f6sung nicht Ja sagen zu k\u00f6nnen, und sagt daher: im Moment Verzicht, Verschieben der Anschaffung dieser Flugzeuge, Nein zu dieser Motion.</p>\n</pd_text>","MeetingCouncilAbbreviation":"N","MeetingDate":"20110309","MeetingVerbalixOid":2032,"IdSession":"4817","SpeakerFirstName":"Ueli","SpeakerLastName":"Maurer","SpeakerFullName":"Maurer Ueli","SpeakerFunction":"BR-M","CouncilId":99,"CouncilName":"Bundesrat","CantonId":1,"CantonName":"Z\u00fcrich","CantonAbbreviation":"ZH","ParlGroupName":null,"ParlGroupAbbreviation":null,"SortOrder":13,"Start":"\/Date(1299686701041)\/","End":"\/Date(1299687060271)\/","Function":"BR-M","DisplaySpeaker":true,"LanguageOfText":"DE","Modified":"\/Date(1774877712980)\/","StartTimeWithTimezone":"\/Date(1299686701040+0060)\/","EndTimeWithTimezone":"\/Date(1299687060270+0060)\/","VoteBusinessNumber":null,"VoteBusinessShortNumber":null,"VoteBusinessTitle":null},{"__metadata":{"id":"https://ws.parlament.ch/OData.svc/Transcript(ID=134474L,Language='DE')","uri":"https://ws.parlament.ch/OData.svc/Transcript(ID=134474L,Language='DE')","type":"itsystems.Pd.DataServices.DataModel.Transcript"},"Subjects":{"__deferred":{"uri":"https://ws.parlament.ch/OData.svc/Transcript(ID=134474L,Language='DE')/Subjects"}},"MembersCouncil":{"__deferred":{"uri":"https://ws.parlament.ch/OData.svc/Transcript(ID=134474L,Language='DE')/MembersCouncil"}},"Businesses":{"__deferred":{"uri":"https://ws.parlament.ch/OData.svc/Transcript(ID=134474L,Language='DE')/Businesses"}},"ID":"134474","Language":"DE","IdSubject":"22539","VoteId":null,"PersonNumber":null,"Type":3,"Text":"<pd_text><p><i>Antrag der Mehrheit</i></p>\n<p>Annahme der Motion</p>\n<p>[VS]</p>\n<p><i>Antrag der Minderheit</i></p>\n<p>(Lang, Allemann, Birrer-Heimo, Chopard, Gallad\u00e9, Lachenmeier, M\u00fcller Geri, Voruz)</p>\n<p>Ablehnung der Motion</p>\n<p>[VS]</p>\n<p><i>Proposition de la majorit\u00e9</i></p>\n<p>Adopter la motion</p>\n<p>[VS]</p>\n<p><i>Proposition de la minorit\u00e9</i></p>\n<p>(Lang, Allemann, Birrer-Heimo, Chopard, Gallad\u00e9, Lachenmeier, M\u00fcller Geri, Voruz)</p>\n<p>Rejeter la motion</p>\n</pd_text>","MeetingCouncilAbbreviation":"N","MeetingDate":"20110309","MeetingVerbalixOid":2032,"IdSession":"4817","SpeakerFirstName":null,"SpeakerLastName":null,"SpeakerFullName":"","SpeakerFunction":null,"CouncilId":null,"CouncilName":null,"CantonId":null,"CantonName":null,"CantonAbbreviation":null,"ParlGroupName":null,"ParlGroupAbbreviation":null,"SortOrder":1,"Start":"\/Date(1299685622246)\/","End":"\/Date(1299685622246)\/","Function":null,"DisplaySpeaker":null,"LanguageOfText":"DE","Modified":"\/Date(1774877712955)\/","StartTimeWithTimezone":"\/Date(1299685622247+0060)\/","EndTimeWithTimezone":"\/Date(1299685622247+0060)\/","VoteBusinessNumber":null,"VoteBusinessShortNumber":null,"VoteBusinessTitle":null},{"__metadata":{"id":"https://ws.parlament.ch/OData.svc/Transcript(ID=134475L,Language='DE')","uri":"https://ws.parlament.ch/OData.svc/Transcript(ID=134475L,Language='DE')","type":"itsystems.Pd.DataServices.DataModel.Transcript"},"Subjects":{"__deferred":{"uri":"https://ws.parlament.ch/OData.svc/Transcript(ID=134475L,Language='DE')/Subjects"}},"MembersCouncil":{"__deferred":{"uri":"https://ws.parlament.ch/OData.svc/Transcript(ID=134475L,Language='DE')/MembersCouncil"}},"Businesses":{"__deferred":{"uri":"https://ws.parlament.ch/OData.svc/Transcript(ID=134475L,Language='DE')/Businesses"}},"ID":"134475","Language":"DE","IdSubject":"22539","VoteId":null,"PersonNumber":526,"Type":1,"Text":"<pd_text><p>Wer mich als Finanzpolitiker kennt, der weiss, dass ich nicht zu den ausgabefreudigsten Parlamentariern in diesem Hause geh\u00f6re. Dennoch beantrage ich Ihnen im Namen der Mehrheit der SiK des Nationalrates, der Kommissionsmotion zur Erh\u00f6hung des Ausgabenplafonds der Armee f\u00fcr die Beschaffung von neuen Kampfflugzeugen zuzustimmen. Mit dem f\u00fcr die Jahre 2012 bis 2015 festgelegten Plafond ist es n\u00e4mlich schlicht und einfach nicht m\u00f6glich, die ausgewiesene Beschaffung fristgerecht vorzunehmen, und zwar so vorzunehmen, ohne dass andere wichtige Investitionen, Erneuerungen oder der Betrieb bei der Armee zur\u00fcckgestellt werden.</p>\n<p>Es darf doch nicht sein, dass der Bundesrat und das Parlament mit grossem Mehr die Notwendigkeit einer Beschaffung von Ersatz f\u00fcr die veralteten und ausgedienten Tiger F-5 bejahen, jedoch nach jahrelanger Evaluation die n\u00f6tigen finanziellen Mittel nicht bereitstellen wollen. Dass f\u00fcr ein so grosses Investitionsvorhaben eine ausserordentliche Finanzierung n\u00f6tig ist, leuchtet sicher auch ein. Bereits im Jahre 2003 hat n\u00e4mlich der Bundesrat festgestellt, dass die Beschaffung von neuen Kampfflugzeugen nicht mit dem ordentlichen R\u00fcstungsbudget bew\u00e4ltigt werden kann. Dann hat er die Evaluation vorangetrieben, ohne die n\u00f6tige Finanzierung zu planen - ein etwas kurioses Vorgehen einer Kollegialbeh\u00f6rde, wie mir scheint.</p>\n<p>Nun stehen wir nach einer intensiven und auch kostentr\u00e4chtigen Evaluationsphase vor einem Scherbenhaufen. Die notwendigen finanziellen Mittel f\u00fcr die Ersatzbeschaffung und den Betrieb der neuen Kampfflugzeuge stehen nicht bereit, und der Bundesrat will das Gesch\u00e4ft auf die Jahre ab 2015 oder noch sp\u00e4ter verschieben. Das heisst, wir m\u00fcssen erneut eine kostspielige Evaluation durchf\u00fchren, weil die jetzt gemachten Angebote dann nicht mehr g\u00fcltig sind. Das darf doch nicht sein. </p>\n<p>In den vergangenen Jahren haben wir f\u00fcr eine Vielzahl von Projekten immer wieder neue oder mehr finanzielle Mittel beschlossen. Dies konnten wir nur tun, weil die Wirtschaft in unserem Lande und auch die Steuerzahler die n\u00f6tige Finanzierung erm\u00f6glicht haben. Und was tun wir f\u00fcr die Sicherheit dieses Landes und Volkes? F\u00fcr jene Sicherheit, die den N\u00e4hrboden f\u00fcr ein gutes Gedeihen der Wirtschaft und f\u00fcr das Wohl unserer Bev\u00f6lkerung darstellt? Nichts! K\u00f6nnen Sie das verantworten? Wollen Sie daf\u00fcr verantwortlich sein, dass unser Luftschirm aussieht wie ein durchl\u00f6cherter Regenschirm? [PAGE 289] </p>\n<p>Denken Sie daran: Ohne einen sicheren Luftraum n\u00fctzen auch die Investitionen in die Sicherheit am Boden und wo auch immer nicht viel. Gerade in der aktuellen Bedrohungslage, in der es sehr wichtig ist, dass der Luftraum sicher ist, wollen wir die n\u00f6tigen Mittel nicht zur Verf\u00fcgung stellen. Das w\u00e4re doch wirklich verantwortungslos. Meiner Meinung nach w\u00e4re es auch falsch, wenn der Bundesrat und das Parlament wegen des Drucks und der Drohungen der Armeeabschaffer in unserem Land auf die n\u00f6tige Beschaffung verzichten w\u00fcrden. Das w\u00e4re ein v\u00f6llig falsches Signal. So helfen wir jenen Kreisen, die die Armee schw\u00e4chen oder gar abschaffen wollen. Ich glaube, das will die Mehrheit in diesem Parlament nicht. Vielmehr haben der Bundesrat und das Parlament den Verfassungsauftrag ernst zu nehmen und f\u00fcr die Sicherheit unseres Landes zu sorgen.</p>\n<p>Daher beantrage ich Ihnen im Namen der SiK, welche mit 18 zu 8 Stimmen beschlossen hat, der Motion f\u00fcr eine Sonderfinanzierung neuer Kampfflugzeuge zuzustimmen.</p>\n</pd_text>","MeetingCouncilAbbreviation":"N","MeetingDate":"20110309","MeetingVerbalixOid":2032,"IdSession":"4817","SpeakerFirstName":"Bruno","SpeakerLastName":"Zuppiger","SpeakerFullName":"Zuppiger Bruno","SpeakerFunction":"Mit-M","CouncilId":1,"CouncilName":"Nationalrat","CantonId":1,"CantonName":"Z\u00fcrich","CantonAbbreviation":"ZH","ParlGroupName":"Fraktion der Schweizerischen Volkspartei","ParlGroupAbbreviation":"V","SortOrder":2,"Start":"\/Date(1299685622246)\/","End":"\/Date(1299685914812)\/","Function":"*","DisplaySpeaker":true,"LanguageOfText":"DE","Modified":"\/Date(1774877712958)\/","StartTimeWithTimezone":"\/Date(1299685622247+0060)\/","EndTimeWithTimezone":"\/Date(1299685914813+0060)\/","VoteBusinessNumber":null,"VoteBusinessShortNumber":null,"VoteBusinessTitle":null},{"__metadata":{"id":"https://ws.parlament.ch/OData.svc/Transcript(ID=134476L,Language='DE')","uri":"https://ws.parlament.ch/OData.svc/Transcript(ID=134476L,Language='DE')","type":"itsystems.Pd.DataServices.DataModel.Transcript"},"Subjects":{"__deferred":{"uri":"https://ws.parlament.ch/OData.svc/Transcript(ID=134476L,Language='DE')/Subjects"}},"MembersCouncil":{"__deferred":{"uri":"https://ws.parlament.ch/OData.svc/Transcript(ID=134476L,Language='DE')/MembersCouncil"}},"Businesses":{"__deferred":{"uri":"https://ws.parlament.ch/OData.svc/Transcript(ID=134476L,Language='DE')/Businesses"}},"ID":"134476","Language":"DE","IdSubject":"22539","VoteId":null,"PersonNumber":3906,"Type":1,"Text":"<pd_text><p>Es geht um ein staatspolitisches Gesch\u00e4ft. Es ist sehr wichtig, und weil es sehr dringend ist, brauchen wir das Geld.</p>\n<p>1. Wenn wir die Beschaffung bis 2015 verschieben, wird eine neue Evaluation notwendig. Diese kostet mehrere Millionen Franken; die letzte hat Bund und Anbieter etwa 100 Millionen Franken gekostet.</p>\n<p>2. Wenn wir mit der Tiger-Teilersatz-Beschaffung heute beginnen, ist dies auch ein Signal ans Ausland, dass wir einen effektiven Luftschirm wollen. Momentan ist das maximal zwei bis vier Wochen lang w\u00e4hrend 24 Stunden m\u00f6glich.</p>\n<p>3. Wir werden 2015 nicht mehr, sondern eher weniger Geld zur Verf\u00fcgung haben als heute. Der Bundesrat sagt, er wolle einen Tiger-Teilersatz. Auch deshalb frage ich mich, ob wir den Tiger-Teilersatz hinausschieben d\u00fcrfen: 2015 wird es eher noch schwieriger sein, diese Entscheidung aus finanzpolitischer Sicht zu treffen.</p>\n<p>4. Wollen wir eine glaubw\u00fcrdige Luftwaffe - das bedeutet in der momentanen Lage vor allem Luftpolizeidienst -, dann m\u00fcssen wir jetzt nach L\u00f6sungen suchen.</p>\n<p>Das Hauptthema in diesem Gesch\u00e4ft, und davon sprechen wir seit 2003, sind die fehlenden Finanzen. Bereits 2003 hat der Bundesrat festgestellt, dass das Geld mit dem normalen R\u00fcstungsbudget f\u00fcr ein neues Kampfflugzeug nicht reichen werde. In der Botschaft zum Entlastungsprogramm aus dem Jahr 2003 wies die Landesregierung auf die Notwendigkeit eines Tiger-Teilersatzes bis ins Jahr 2010 hin und liess das Parlament wissen: \"Der Investitionsbedarf betr\u00e4gt aus heutiger Sicht gegen 3 Milliarden. Dies wird aus dem ordentlichen Armeebudget nicht mehr finanzierbar sein.\" Diese fr\u00fche Einsicht war allerdings nicht von Dauer, im Gegenteil: S\u00e4mtliche seitdem f\u00fcr die \u00d6ffentlichkeit und das Parlament bestimmten Dokumente des VBS und des Bundesrates stellten die Notwendigkeit einer Sonderfinanzierung in Abrede, bis der Bundesrat im Sommer 2010 beschloss, die Beschaffung zu verschieben und nach Finanzierungsm\u00f6glichkeiten zu suchen. Trotz diesem Wissen wurde ein Evaluationsverfahren eingeleitet, das etwa 100 Millionen Franken kostete, und jetzt sind diese Offerten nur noch bis Ende 2011 g\u00fcltig. Warum diese Evaluation, wenn man weiss, dass kein Geld zur Verf\u00fcgung steht? All dies beweist, dass man dieses wichtige Gesch\u00e4ft einfach vor sich herschiebt, bis weder finanziell eine M\u00f6glichkeit bestehen bleibt noch der Technologietransfer in die Schweiz greift.</p>\n<p>Der Entscheid des Bundesrates bedeutet eine Neuevaluation, und das heisst zus\u00e4tzliche Kosten und eine weitere Verz\u00f6gerung bis in die Jahre 2018 bis 2020. Das ist ein schlechtes Signal ans Ausland. Deshalb d\u00fcrfen wir nicht mehr weiter zuwarten, auch deshalb nicht, weil wir in der Herbstsession 2010 die 24-Stunden-Bereitschaft der Luftwaffe beschlossen haben. Es muss doch noch andere finanzpolitische \u00dcberlegungen geben als die Schuldenbremse. Die Luftwaffe ist das wichtigste und st\u00e4rkste Element f\u00fcr die Sicherheit unseres Landes. So d\u00fcrfen wir mit unserer Sicherheit nicht umgehen!</p>\n<p>Landesverteidigung ohne starken Luftschirm aus eigener Kraft ist unvollst\u00e4ndig und nicht verantwortbar. Wenn wir den Tiger-Teilersatz hinausschieben, sind wir auf dem falschen Weg, und wir verursachen irreparable Sch\u00e4den f\u00fcr die Luftverteidigung. Aus dieser Sorge heraus will die Mehrheit der SiK des Nationalrates mit dieser Kommissionsmotion eine L\u00f6sung f\u00fcr den Tiger-Teilersatz finden. Sie hat dieser L\u00f6sung mit 18 zu 8 Stimmen zugestimmt - nicht weil sie einfach Flugzeuge will, sondern weil sie den Auftrag ernst nimmt, den Luftraum und damit unser Land zu sch\u00fctzen.</p>\n<p>Ich bitte Sie im Namen der b\u00fcrgerlichen Nationalr\u00e4te der SiK, diese Kommissionsmotion zu unterst\u00fctzen.</p>\n</pd_text>","MeetingCouncilAbbreviation":"N","MeetingDate":"20110309","MeetingVerbalixOid":2032,"IdSession":"4817","SpeakerFirstName":"Pius","SpeakerLastName":"Segm\u00fcller","SpeakerFullName":"Segm\u00fcller Pius","SpeakerFunction":"Mit-M","CouncilId":1,"CouncilName":"Nationalrat","CantonId":3,"CantonName":"Luzern","CantonAbbreviation":"LU","ParlGroupName":"Fraktion CVP/EVP/glp","ParlGroupAbbreviation":"M-E","SortOrder":3,"Start":"\/Date(1299685914812)\/","End":"\/Date(1299686199398)\/","Function":"*","DisplaySpeaker":true,"LanguageOfText":"DE","Modified":"\/Date(1774877712961)\/","StartTimeWithTimezone":"\/Date(1299685914813+0060)\/","EndTimeWithTimezone":"\/Date(1299686199397+0060)\/","VoteBusinessNumber":null,"VoteBusinessShortNumber":null,"VoteBusinessTitle":null},{"__metadata":{"id":"https://ws.parlament.ch/OData.svc/Transcript(ID=134477L,Language='DE')","uri":"https://ws.parlament.ch/OData.svc/Transcript(ID=134477L,Language='DE')","type":"itsystems.Pd.DataServices.DataModel.Transcript"},"Subjects":{"__deferred":{"uri":"https://ws.parlament.ch/OData.svc/Transcript(ID=134477L,Language='DE')/Subjects"}},"MembersCouncil":{"__deferred":{"uri":"https://ws.parlament.ch/OData.svc/Transcript(ID=134477L,Language='DE')/MembersCouncil"}},"Businesses":{"__deferred":{"uri":"https://ws.parlament.ch/OData.svc/Transcript(ID=134477L,Language='DE')/Businesses"}},"ID":"134477","Language":"DE","IdSubject":"22539","VoteId":null,"PersonNumber":1119,"Type":1,"Text":"<pd_text><p>Il y a bient\u00f4t huit ans que je si\u00e8ge dans ce Parlement, et ce qui est en train de se passer cet apr\u00e8s-midi est unique: on a deux rapporteurs de langue allemande sur un objet, or on n'est pas suppos\u00e9 - m\u00eame s'il y a une traduction simultan\u00e9e - parler allemand. Je crois que c'est inadmissible. Personnellement, je m'abstiendrai lors du vote sur cet objet et je propose que mes coll\u00e8gues romands en fassent de m\u00eame. </p>\n<p>Ich glaube, was wir jetzt erleben, ist einmalig: Zwei Kommissionssprecher deutscher Muttersprache! Ich schlage vor, dass die Westschweizer, die Franz\u00f6sischsprechenden, sich bei der Abstimmung enthalten. </p>\n<p>Pourquoi n'y a-t-il pas de rapporteur de langue fran\u00e7aise?</p>\n</pd_text>","MeetingCouncilAbbreviation":"N","MeetingDate":"20110309","MeetingVerbalixOid":2032,"IdSession":"4817","SpeakerFirstName":"Jean-Fran\u00e7ois","SpeakerLastName":"Rime","SpeakerFullName":"Rime Jean-Fran\u00e7ois","SpeakerFunction":"Mit-M","CouncilId":1,"CouncilName":"Nationalrat","CantonId":10,"CantonName":"Freiburg","CantonAbbreviation":"FR","ParlGroupName":"Fraktion der Schweizerischen Volkspartei","ParlGroupAbbreviation":"V","SortOrder":4,"Start":"\/Date(1299686199398)\/","End":"\/Date(1299686252617)\/","Function":"Mit-M","DisplaySpeaker":true,"LanguageOfText":"FR","Modified":"\/Date(1774877712963)\/","StartTimeWithTimezone":"\/Date(1299686199397+0060)\/","EndTimeWithTimezone":"\/Date(1299686252617+0060)\/","VoteBusinessNumber":null,"VoteBusinessShortNumber":null,"VoteBusinessTitle":null},{"__metadata":{"id":"https://ws.parlament.ch/OData.svc/Transcript(ID=134478L,Language='DE')","uri":"https://ws.parlament.ch/OData.svc/Transcript(ID=134478L,Language='DE')","type":"itsystems.Pd.DataServices.DataModel.Transcript"},"Subjects":{"__deferred":{"uri":"https://ws.parlament.ch/OData.svc/Transcript(ID=134478L,Language='DE')/Subjects"}},"MembersCouncil":{"__deferred":{"uri":"https://ws.parlament.ch/OData.svc/Transcript(ID=134478L,Language='DE')/MembersCouncil"}},"Businesses":{"__deferred":{"uri":"https://ws.parlament.ch/OData.svc/Transcript(ID=134478L,Language='DE')/Businesses"}},"ID":"134478","Language":"DE","IdSubject":"22539","VoteId":null,"PersonNumber":3906,"Type":1,"Text":"<pd_text><p>Je suis suisse allemand et je parle peu le fran\u00e7ais. Je prends sur moi et m'en excuse - parce que c'est un probl\u00e8me qui ne concerne que moi -, mais je vous prie instamment de ne pas vous abstenir, parce que cela ne serait pas correct!</p>\n</pd_text>","MeetingCouncilAbbreviation":"N","MeetingDate":"20110309","MeetingVerbalixOid":2032,"IdSession":"4817","SpeakerFirstName":"Pius","SpeakerLastName":"Segm\u00fcller","SpeakerFullName":"Segm\u00fcller Pius","SpeakerFunction":"Mit-M","CouncilId":1,"CouncilName":"Nationalrat","CantonId":3,"CantonName":"Luzern","CantonAbbreviation":"LU","ParlGroupName":"Fraktion CVP/EVP/glp","ParlGroupAbbreviation":"M-E","SortOrder":5,"Start":"\/Date(1299686252617)\/","End":"\/Date(1299686281102)\/","Function":"*","DisplaySpeaker":true,"LanguageOfText":"FR","Modified":"\/Date(1774877712965)\/","StartTimeWithTimezone":"\/Date(1299686252617+0060)\/","EndTimeWithTimezone":"\/Date(1299686281103+0060)\/","VoteBusinessNumber":null,"VoteBusinessShortNumber":null,"VoteBusinessTitle":null},{"__metadata":{"id":"https://ws.parlament.ch/OData.svc/Transcript(ID=134479L,Language='DE')","uri":"https://ws.parlament.ch/OData.svc/Transcript(ID=134479L,Language='DE')","type":"itsystems.Pd.DataServices.DataModel.Transcript"},"Subjects":{"__deferred":{"uri":"https://ws.parlament.ch/OData.svc/Transcript(ID=134479L,Language='DE')/Subjects"}},"MembersCouncil":{"__deferred":{"uri":"https://ws.parlament.ch/OData.svc/Transcript(ID=134479L,Language='DE')/MembersCouncil"}},"Businesses":{"__deferred":{"uri":"https://ws.parlament.ch/OData.svc/Transcript(ID=134479L,Language='DE')/Businesses"}},"ID":"134479","Language":"DE","IdSubject":"22539","VoteId":null,"PersonNumber":1119,"Type":1,"Text":"<pd_text><p>C'est la fin du Parlement avec bilinguisme!</p>\n</pd_text>","MeetingCouncilAbbreviation":"N","MeetingDate":"20110309","MeetingVerbalixOid":2032,"IdSession":"4817","SpeakerFirstName":"Jean-Fran\u00e7ois","SpeakerLastName":"Rime","SpeakerFullName":"Rime Jean-Fran\u00e7ois","SpeakerFunction":"Mit-M","CouncilId":1,"CouncilName":"Nationalrat","CantonId":10,"CantonName":"Freiburg","CantonAbbreviation":"FR","ParlGroupName":"Fraktion der Schweizerischen Volkspartei","ParlGroupAbbreviation":"V","SortOrder":6,"Start":"\/Date(1299686281102)\/","End":"\/Date(1299686287437)\/","Function":"Mit-M","DisplaySpeaker":true,"LanguageOfText":"FR","Modified":"\/Date(1774877712966)\/","StartTimeWithTimezone":"\/Date(1299686281103+0060)\/","EndTimeWithTimezone":"\/Date(1299686287437+0060)\/","VoteBusinessNumber":null,"VoteBusinessShortNumber":null,"VoteBusinessTitle":null},{"__metadata":{"id":"https://ws.parlament.ch/OData.svc/Transcript(ID=134480L,Language='DE')","uri":"https://ws.parlament.ch/OData.svc/Transcript(ID=134480L,Language='DE')","type":"itsystems.Pd.DataServices.DataModel.Transcript"},"Subjects":{"__deferred":{"uri":"https://ws.parlament.ch/OData.svc/Transcript(ID=134480L,Language='DE')/Subjects"}},"MembersCouncil":{"__deferred":{"uri":"https://ws.parlament.ch/OData.svc/Transcript(ID=134480L,Language='DE')/MembersCouncil"}},"Businesses":{"__deferred":{"uri":"https://ws.parlament.ch/OData.svc/Transcript(ID=134480L,Language='DE')/Businesses"}},"ID":"134480","Language":"DE","IdSubject":"22539","VoteId":null,"PersonNumber":1117,"Type":1,"Text":"<pd_text><p>Comme pr\u00e9sident du Conseil national, j'aimerais faire la d\u00e9claration suivante. J'invite les commissions \u00e0 ne plus r\u00e9p\u00e9ter une telle situation. Je demande que chaque commission soit repr\u00e9sent\u00e9e par un rapporteur pour la langue fran\u00e7aise et un rapporteur pour la langue allemande. Ce conseil fonctionne tr\u00e8s bien; nous avons une tr\u00e8s belle coh\u00e9sion. C'est une situation unique; elle ne se reproduira plus. Et j'invite les commissions \u00e0 prendre bonne note de cela. <i>(Applaudissements partiels)</i></p>\n</pd_text>","MeetingCouncilAbbreviation":"N","MeetingDate":"20110309","MeetingVerbalixOid":2032,"IdSession":"4817","SpeakerFirstName":"Jean-Ren\u00e9","SpeakerLastName":"Germanier","SpeakerFullName":"Germanier Jean-Ren\u00e9","SpeakerFunction":"P-M","CouncilId":1,"CouncilName":"Nationalrat","CantonId":23,"CantonName":"Wallis","CantonAbbreviation":"VS","ParlGroupName":"Freisinnig-demokratische Fraktion","ParlGroupAbbreviation":"RL","SortOrder":7,"Start":"\/Date(1299686287437)\/","End":"\/Date(1299686322173)\/","Function":"P-M","DisplaySpeaker":true,"LanguageOfText":"FR","Modified":"\/Date(1774877712967)\/","StartTimeWithTimezone":"\/Date(1299686287437+0060)\/","EndTimeWithTimezone":"\/Date(1299686322173+0060)\/","VoteBusinessNumber":null,"VoteBusinessShortNumber":null,"VoteBusinessTitle":null},{"__metadata":{"id":"https://ws.parlament.ch/OData.svc/Transcript(ID=134481L,Language='DE')","uri":"https://ws.parlament.ch/OData.svc/Transcript(ID=134481L,Language='DE')","type":"itsystems.Pd.DataServices.DataModel.Transcript"},"Subjects":{"__deferred":{"uri":"https://ws.parlament.ch/OData.svc/Transcript(ID=134481L,Language='DE')/Subjects"}},"MembersCouncil":{"__deferred":{"uri":"https://ws.parlament.ch/OData.svc/Transcript(ID=134481L,Language='DE')/MembersCouncil"}},"Businesses":{"__deferred":{"uri":"https://ws.parlament.ch/OData.svc/Transcript(ID=134481L,Language='DE')/Businesses"}},"ID":"134481","Language":"DE","IdSubject":"22539","VoteId":null,"PersonNumber":3911,"Type":1,"Text":"<pd_text><p>Dans la commission, nous ne sommes que trois Romands sur 26 membres. C'est pour cette raison que nous sommes tr\u00e8s souvent sollicit\u00e9s.</p>\n<p>Je poserai la question suivante \u00e0 Monsieur Segm\u00fcller: en 2008, le Parlement a vot\u00e9 un cr\u00e9dit dans le cadre du programme d'armement pour la mise \u00e0 jour des F/A-18 d'environ 500 millions de francs. Il a \u00e9t\u00e9 dit \u00e0 ce moment-l\u00e0 que cela permettrait de prolonger la vie des F/A-18 de vingt ans. J'ai entendu derni\u00e8rement qu'on pourrait faire la m\u00eame chose pour les F-5 Tiger, qu'on pourrait aussi les am\u00e9liorer. Cette affirmation est-elle exacte?</p>\n</pd_text>","MeetingCouncilAbbreviation":"N","MeetingDate":"20110309","MeetingVerbalixOid":2032,"IdSession":"4817","SpeakerFirstName":"Eric","SpeakerLastName":"Voruz","SpeakerFullName":"Voruz Eric","SpeakerFunction":"Mit-M","CouncilId":1,"CouncilName":"Nationalrat","CantonId":22,"CantonName":"Waadt","CantonAbbreviation":"VD","ParlGroupName":"Sozialdemokratische Fraktion","ParlGroupAbbreviation":"S","SortOrder":8,"Start":"\/Date(1299686322173)\/","End":"\/Date(1299686373518)\/","Function":"Mit-M","DisplaySpeaker":true,"LanguageOfText":"FR","Modified":"\/Date(1774877712968)\/","StartTimeWithTimezone":"\/Date(1299686322173+0060)\/","EndTimeWithTimezone":"\/Date(1299686373517+0060)\/","VoteBusinessNumber":null,"VoteBusinessShortNumber":null,"VoteBusinessTitle":null},{"__metadata":{"id":"https://ws.parlament.ch/OData.svc/Transcript(ID=134482L,Language='DE')","uri":"https://ws.parlament.ch/OData.svc/Transcript(ID=134482L,Language='DE')","type":"itsystems.Pd.DataServices.DataModel.Transcript"},"Subjects":{"__deferred":{"uri":"https://ws.parlament.ch/OData.svc/Transcript(ID=134482L,Language='DE')/Subjects"}},"MembersCouncil":{"__deferred":{"uri":"https://ws.parlament.ch/OData.svc/Transcript(ID=134482L,Language='DE')/MembersCouncil"}},"Businesses":{"__deferred":{"uri":"https://ws.parlament.ch/OData.svc/Transcript(ID=134482L,Language='DE')/Businesses"}},"ID":"134482","Language":"DE","IdSubject":"22539","VoteId":null,"PersonNumber":3906,"Type":1,"Text":"<pd_text><p>Oui, je sais cela. C'est exact.</p>\n</pd_text>","MeetingCouncilAbbreviation":"N","MeetingDate":"20110309","MeetingVerbalixOid":2032,"IdSession":"4817","SpeakerFirstName":"Pius","SpeakerLastName":"Segm\u00fcller","SpeakerFullName":"Segm\u00fcller Pius","SpeakerFunction":"Mit-M","CouncilId":1,"CouncilName":"Nationalrat","CantonId":3,"CantonName":"Luzern","CantonAbbreviation":"LU","ParlGroupName":"Fraktion CVP/EVP/glp","ParlGroupAbbreviation":"M-E","SortOrder":9,"Start":"\/Date(1299686373518)\/","End":"\/Date(1299686382735)\/","Function":"*","DisplaySpeaker":true,"LanguageOfText":"FR","Modified":"\/Date(1774877712970)\/","StartTimeWithTimezone":"\/Date(1299686373517+0060)\/","EndTimeWithTimezone":"\/Date(1299686382737+0060)\/","VoteBusinessNumber":null,"VoteBusinessShortNumber":null,"VoteBusinessTitle":null},{"__metadata":{"id":"https://ws.parlament.ch/OData.svc/Transcript(ID=134483L,Language='DE')","uri":"https://ws.parlament.ch/OData.svc/Transcript(ID=134483L,Language='DE')","type":"itsystems.Pd.DataServices.DataModel.Transcript"},"Subjects":{"__deferred":{"uri":"https://ws.parlament.ch/OData.svc/Transcript(ID=134483L,Language='DE')/Subjects"}},"MembersCouncil":{"__deferred":{"uri":"https://ws.parlament.ch/OData.svc/Transcript(ID=134483L,Language='DE')/MembersCouncil"}},"Businesses":{"__deferred":{"uri":"https://ws.parlament.ch/OData.svc/Transcript(ID=134483L,Language='DE')/Businesses"}},"ID":"134483","Language":"DE","IdSubject":"22539","VoteId":null,"PersonNumber":1158,"Type":1,"Text":"<pd_text><p>Noch etwas zur Frage der Sprachenvielfalt: Wie ich und auch andere Kommissionsmitglieder es damals verstanden haben, hat Kollega Segm\u00fcller sich als Sprecher franz\u00f6sischer Sprache gemeldet. Das hat er hier im Rat ja auch schon gemacht.</p>\n<p>Jetzt zur Sache selber: Da VBS-Chef Ueli Maurer nach mir materiell begr\u00fcnden wird, warum die SiK-Motion abzulehnen ist, beschr\u00e4nke ich mich darauf, Ihnen die Folgen einer allf\u00e4lligen Annahme des Vorstosses zu beschreiben. Ich tue dies, obwohl ein solcher Beschluss jeder finanzpolitischen und realpolitischen Vernunft widerspr\u00e4che.</p>\n<p>Die Beschaffung von 22 neuen Kampfjets kostet zwischen 3,5 und 4,8 Milliarden Franken. Selbst wenn man nur ein Dutzend neue Kampfjets kaufen w\u00fcrde, erg\u00e4be das wegen des Aufpreises von 30 Prozent immer noch einen stolzen Betrag zwischen 2,5 und 3,5 Milliarden Franken. Um solche [PAGE 290] Ausgaben zu finanzieren, verlangt die Motion eine Erh\u00f6hung des Ausgabenplafonds f\u00fcr die Armee in den Jahren 2012 bis 2015. Dieser betr\u00e4gt heute 17,6 Milliarden Franken. Je schneller die Beschaffung liefe, und die SiK-Mehrheit will Schnelligkeit, desto gr\u00f6sser w\u00e4re die Wahrscheinlichkeit, dass im fraglichen Plafond die 20-Milliarden-Grenze durchbrochen wird.</p>\n<p>Der Ausgabenplafond f\u00fcr die Armee ist im Bundesgesetz \u00fcber Massnahmen zur Verbesserung des Bundeshaushaltes, einem Spargesetz, verankert. Dieses wird uns vom Bundesrat als Teil des Bundesgesetzes \u00fcber das Konsolidierungsprogramm 2012-2013 unterbreitet. Die Erh\u00f6hung des Plafonds - notabene im Rahmen eines Sparprogramms - ist also referendumsf\u00e4hig. Dies war nach dem Bundesratsentscheid der zweite Grund, die Moratoriums-Initiative zur\u00fcckzuziehen.</p>\n<p>Jetzt d\u00fcrfte der St\u00e4nderat n\u00e4chste Woche aber gar nicht auf das Konsolidierungsprogramm eintreten. Das w\u00fcrde es dem Parlament zwar nicht unm\u00f6glich, aber sehr schwer machen, den Plafond rechtzeitig zu erh\u00f6hen. W\u00fcrde der Nationalrat in der Sommersession im Gegensatz zum St\u00e4nderat Eintreten auf das Konsolidierungsprogramm beschliessen und \u00fcber eine Erh\u00f6hung des Plafonds diskutieren, h\u00e4tte das zwei brisante Folgen: Kurz vor den Nationalratswahlen w\u00fcrde die Grosse Kammer \u00fcber eine Erh\u00f6hung der Milit\u00e4rausgaben im Rahmen eines Sparprogramms debattieren, und noch k\u00fcrzer vor den Wahlen im Herbst m\u00fcsste sich der St\u00e4nderat in der Herbstsession mit der gleichen Frage befassen. Wahrscheinlicher ist allerdings, dass auch der Nationalrat nicht auf das Konsolidierungsprogramm eintritt. Dann w\u00fcrde die SiK-Motion v\u00f6llig in der Luft h\u00e4ngen, weil sie ausdr\u00fccklich eine Erh\u00f6hung des Ausgabenplafonds verlangt, und dieser ist nur im erw\u00e4hnten Gesetz festgeschrieben.</p>\n<p>Am Ende jeder parlamentarischen Plafonderh\u00f6hung steht ein referendumsf\u00e4higer Erlass. Gegen den allf\u00e4lligen Entscheid, im Rahmen eines Spargesetzes den Ausgabenplafond f\u00fcr die Armee zu erh\u00f6hen, w\u00fcrde mit aller Bestimmtheit das Referendum ergriffen. </p>\n<p>Diese Motion ist eine Zw\u00e4ngerei, finanzpolitisch, sicherheitspolitisch, aber auch staatspolitisch, weil sie die Kompetenzordnung zwischen Exekutive und Legislative bei der Beschaffung von R\u00fcstungsg\u00fctern durcheinanderbringt. Lehnen Sie bitte die Motion ab, folgen Sie der Vernunft und dem Bundesrat!</p>\n</pd_text>","MeetingCouncilAbbreviation":"N","MeetingDate":"20110309","MeetingVerbalixOid":2032,"IdSession":"4817","SpeakerFirstName":"Josef","SpeakerLastName":"Lang","SpeakerFullName":"Lang Josef","SpeakerFunction":"Mit-M","CouncilId":1,"CouncilName":"Nationalrat","CantonId":9,"CantonName":"Zug","CantonAbbreviation":"ZG","ParlGroupName":"Gr\u00fcne Fraktion","ParlGroupAbbreviation":"G","SortOrder":10,"Start":"\/Date(1299686382735)\/","End":"\/Date(1299686661296)\/","Function":"Mit-M","DisplaySpeaker":true,"LanguageOfText":"DE","Modified":"\/Date(1774877712973)\/","StartTimeWithTimezone":"\/Date(1299686382737+0060)\/","EndTimeWithTimezone":"\/Date(1299686661297+0060)\/","VoteBusinessNumber":null,"VoteBusinessShortNumber":null,"VoteBusinessTitle":null},{"__metadata":{"id":"https://ws.parlament.ch/OData.svc/Transcript(ID=134484L,Language='DE')","uri":"https://ws.parlament.ch/OData.svc/Transcript(ID=134484L,Language='DE')","type":"itsystems.Pd.DataServices.DataModel.Transcript"},"Subjects":{"__deferred":{"uri":"https://ws.parlament.ch/OData.svc/Transcript(ID=134484L,Language='DE')/Subjects"}},"MembersCouncil":{"__deferred":{"uri":"https://ws.parlament.ch/OData.svc/Transcript(ID=134484L,Language='DE')/MembersCouncil"}},"Businesses":{"__deferred":{"uri":"https://ws.parlament.ch/OData.svc/Transcript(ID=134484L,Language='DE')/Businesses"}},"ID":"134484","Language":"DE","IdSubject":"22539","VoteId":null,"PersonNumber":3896,"Type":1,"Text":"<pd_text><p>Wenn die Wahrung der Lufthoheit eine Kernkompetenz der Armee sein soll, wie wollen Sie sie denn sicherstellen, wenn nicht mit Kampfflugzeugen?</p>\n</pd_text>","MeetingCouncilAbbreviation":"N","MeetingDate":"20110309","MeetingVerbalixOid":2032,"IdSession":"4817","SpeakerFirstName":"Peter","SpeakerLastName":"Malama","SpeakerFullName":"Malama Peter","SpeakerFunction":"Mit-M","CouncilId":1,"CouncilName":"Nationalrat","CantonId":12,"CantonName":"Basel-Stadt","CantonAbbreviation":"BS","ParlGroupName":"Freisinnig-demokratische Fraktion","ParlGroupAbbreviation":"RL","SortOrder":11,"Start":"\/Date(1299686661296)\/","End":"\/Date(1299686677017)\/","Function":"Mit-M","DisplaySpeaker":true,"LanguageOfText":"DE","Modified":"\/Date(1774877712974)\/","StartTimeWithTimezone":"\/Date(1299686661297+0060)\/","EndTimeWithTimezone":"\/Date(1299686677017+0060)\/","VoteBusinessNumber":null,"VoteBusinessShortNumber":null,"VoteBusinessTitle":null},{"__metadata":{"id":"https://ws.parlament.ch/OData.svc/Transcript(ID=134485L,Language='DE')","uri":"https://ws.parlament.ch/OData.svc/Transcript(ID=134485L,Language='DE')","type":"itsystems.Pd.DataServices.DataModel.Transcript"},"Subjects":{"__deferred":{"uri":"https://ws.parlament.ch/OData.svc/Transcript(ID=134485L,Language='DE')/Subjects"}},"MembersCouncil":{"__deferred":{"uri":"https://ws.parlament.ch/OData.svc/Transcript(ID=134485L,Language='DE')/MembersCouncil"}},"Businesses":{"__deferred":{"uri":"https://ws.parlament.ch/OData.svc/Transcript(ID=134485L,Language='DE')/Businesses"}},"ID":"134485","Language":"DE","IdSubject":"22539","VoteId":null,"PersonNumber":1158,"Type":1,"Text":"<pd_text><p>Die Schweiz hat bis ungef\u00e4hr 2030, vielleicht bis 2028, die Anzahl von 33 \"geupdateten\" F/A-18. Das ist im europ\u00e4ischen Umfeld die vergleichsweise h\u00f6chste Zahl von Kampfjets.</p>\n</pd_text>","MeetingCouncilAbbreviation":"N","MeetingDate":"20110309","MeetingVerbalixOid":2032,"IdSession":"4817","SpeakerFirstName":"Josef","SpeakerLastName":"Lang","SpeakerFullName":"Lang Josef","SpeakerFunction":"Mit-M","CouncilId":1,"CouncilName":"Nationalrat","CantonId":9,"CantonName":"Zug","CantonAbbreviation":"ZG","ParlGroupName":"Gr\u00fcne Fraktion","ParlGroupAbbreviation":"G","SortOrder":12,"Start":"\/Date(1299686677017)\/","End":"\/Date(1299686701041)\/","Function":"Mit-M","DisplaySpeaker":true,"LanguageOfText":"DE","Modified":"\/Date(1774877712975)\/","StartTimeWithTimezone":"\/Date(1299686677017+0060)\/","EndTimeWithTimezone":"\/Date(1299686701040+0060)\/","VoteBusinessNumber":null,"VoteBusinessShortNumber":null,"VoteBusinessTitle":null}]},"ID":"22539","Language":"DE","IdMeeting":"1491","VerbalixOid":348430,"SortOrder":3,"Modified":"\/Date(1774877712953)\/"}}