{"d":{"__metadata":{"id":"https://ws.parlament.ch/OData.svc/Subject(ID=22555L,Language='DE')","uri":"https://ws.parlament.ch/OData.svc/Subject(ID=22555L,Language='DE')","type":"itsystems.Pd.DataServices.DataModel.Subject"},"Meetings":{"__metadata":{"id":"https://ws.parlament.ch/OData.svc/Meeting(ID=1493L,Language='DE')","uri":"https://ws.parlament.ch/OData.svc/Meeting(ID=1493L,Language='DE')","type":"itsystems.Pd.DataServices.DataModel.Meeting"},"Sessions":{"__deferred":{"uri":"https://ws.parlament.ch/OData.svc/Meeting(ID=1493L,Language='DE')/Sessions"}},"Subjects":{"__deferred":{"uri":"https://ws.parlament.ch/OData.svc/Meeting(ID=1493L,Language='DE')/Subjects"}},"ID":"1493","Language":"DE","MeetingNumber":1,"IdSession":4909,"SessionNumber":9,"SessionName":"Sommersession 2013","Council":1,"CouncilName":"Nationalrat","CouncilAbbreviation":"NR","Date":"\/Date(1370217600000)\/","Begin":"1430","Modified":"\/Date(1447070252920)\/","LegislativePeriodNumber":49,"PublicationStatus":"final","MeetingOrderText":"Erste Sitzung","SortOrder":1,"Location":"N"},"SubjectsBusiness":{"results":[{"__metadata":{"id":"https://ws.parlament.ch/OData.svc/SubjectBusiness(BusinessNumber=20120425,IdSubject=22555L,Language='DE')","uri":"https://ws.parlament.ch/OData.svc/SubjectBusiness(BusinessNumber=20120425,IdSubject=22555L,Language='DE')","type":"itsystems.Pd.DataServices.DataModel.SubjectBusiness"},"Subjects":{"__deferred":{"uri":"https://ws.parlament.ch/OData.svc/SubjectBusiness(BusinessNumber=20120425,IdSubject=22555L,Language='DE')/Subjects"}},"Businesses":{"__deferred":{"uri":"https://ws.parlament.ch/OData.svc/SubjectBusiness(BusinessNumber=20120425,IdSubject=22555L,Language='DE')/Businesses"}},"IdSubject":"22555","BusinessNumber":20120425,"Language":"DE","BusinessShortNumber":"12.425","Title":"Erh\u00f6hung der Zahl der Richterstellen am Bundesverwaltungsgericht","SortOrder":1,"PublishedNotes":"Differenzen - Divergences\n","Modified":"\/Date(1447069536823)\/","TitleDE":"Parlamentarische Initiative\nRK-NR.\nErh\u00f6hung der Zahl\nder Richterstellen\nam Bundesverwaltungsgericht","TitleFR":"Initiative parlementaire\nCAJ-CN.\nAugmentation du nombre\nde postes de juge\nau Tribunal administratif f\u00e9d\u00e9ral","TitleIT":null}]},"Transcripts":{"results":[{"__metadata":{"id":"https://ws.parlament.ch/OData.svc/Transcript(ID=134662L,Language='DE')","uri":"https://ws.parlament.ch/OData.svc/Transcript(ID=134662L,Language='DE')","type":"itsystems.Pd.DataServices.DataModel.Transcript"},"Subjects":{"__deferred":{"uri":"https://ws.parlament.ch/OData.svc/Transcript(ID=134662L,Language='DE')/Subjects"}},"MembersCouncil":{"__deferred":{"uri":"https://ws.parlament.ch/OData.svc/Transcript(ID=134662L,Language='DE')/MembersCouncil"}},"Businesses":{"__deferred":{"uri":"https://ws.parlament.ch/OData.svc/Transcript(ID=134662L,Language='DE')/Businesses"}},"ID":"134662","Language":"DE","IdSubject":"22555","VoteId":null,"PersonNumber":806,"Type":1,"Text":"<pd_text><p><b>Pr\u00e4sidentin </b>(Graf Maya, Pr\u00e4sidentin): Die Kommission und der Bundesrat beantragen, nicht auf die Vorlage einzutreten. Die Frau Bundesr\u00e4tin schliesst sich den Ausf\u00fchrungen der Kommission an.</p>\n<p>[VS]</p>\n<p><i>Angenommen - Adopt\u00e9</i></p>\n<p>[VS]</p>\n<p><b>Pr\u00e4sidentin </b>(Graf Maya, Pr\u00e4sidentin): Das Gesch\u00e4ft ist somit von der Liste der h\u00e4ngigen Gesch\u00e4fte gestrichen. [PAGE 708] </p>\n</pd_text>","MeetingCouncilAbbreviation":"N","MeetingDate":"20130603","MeetingVerbalixOid":2321,"IdSession":"4909","SpeakerFirstName":"Maya","SpeakerLastName":"Graf","SpeakerFullName":"Graf Maya","SpeakerFunction":"P-F","CouncilId":1,"CouncilName":"Nationalrat","CantonId":13,"CantonName":"Basel-Landschaft","CantonAbbreviation":"BL","ParlGroupName":"Gr\u00fcne Fraktion","ParlGroupAbbreviation":"G","SortOrder":4,"Start":"\/Date(1370274822059)\/","End":"\/Date(1370274868608)\/","Function":"P-F","DisplaySpeaker":false,"LanguageOfText":null,"Modified":"\/Date(1774877563592)\/","StartTimeWithTimezone":"\/Date(1370274822060+0120)\/","EndTimeWithTimezone":"\/Date(1370274868607+0120)\/","VoteBusinessNumber":null,"VoteBusinessShortNumber":null,"VoteBusinessTitle":null},{"__metadata":{"id":"https://ws.parlament.ch/OData.svc/Transcript(ID=134663L,Language='DE')","uri":"https://ws.parlament.ch/OData.svc/Transcript(ID=134663L,Language='DE')","type":"itsystems.Pd.DataServices.DataModel.Transcript"},"Subjects":{"__deferred":{"uri":"https://ws.parlament.ch/OData.svc/Transcript(ID=134663L,Language='DE')/Subjects"}},"MembersCouncil":{"__deferred":{"uri":"https://ws.parlament.ch/OData.svc/Transcript(ID=134663L,Language='DE')/MembersCouncil"}},"Businesses":{"__deferred":{"uri":"https://ws.parlament.ch/OData.svc/Transcript(ID=134663L,Language='DE')/Businesses"}},"ID":"134663","Language":"DE","IdSubject":"22555","VoteId":null,"PersonNumber":1139,"Type":1,"Text":"<pd_text><p>Die Anzahl der Bundesverwaltungsrichterinnen und Bundesverwaltungsrichter wurde im Verwaltungsgerichtsgesetz vom 17. Juni 2005 auf 50 bis 70 Stellen festgelegt. Eine Parlamentsverordnung konkretisierte die Zahl auf maximal 65 Stellen. </p>\n<p>Das Bundesverwaltungsgericht ist am 6. Oktober 2011 an die beiden Kommissionen f\u00fcr Rechtsfragen gelangt, mit dem Anliegen, die Zahl der Richterstellen neu auf 70 zu erh\u00f6hen. Nach Anh\u00f6rungen des Bundesverwaltungsgerichtes und des Bundesgerichtes als dessen Aufsichtsbeh\u00f6rde beschloss die Kommission, mittels einer parlamentarischen Initiative eine \u00c4nderung der Richterstellenverordnung einzuleiten. Im Gegensatz zum Bundesverwaltungsgericht kam die Kommission zum Schluss, dass die Zahl der Richterstellen nicht um 5, sondern um maximal 3 auf maximal 68 Stellen zu erh\u00f6hen sei. Die Kommission f\u00fcr Rechtsfragen des St\u00e4nderates stimmte diesem Beschluss am 19. Juni 2012 mit 11 zu 1 Stimmen zu.</p>\n<p>Unser Rat stimmte in der vergangenen Wintersession der parlamentarischen Initiative zu mit dem Ziel, dem Gericht mehr Flexibilit\u00e4t bei der Besetzung von Richterstellen zu geben und so besser auf sprachliche Erfordernisse oder auf die schwankende Gesch\u00e4ftslast reagieren zu k\u00f6nnen. Der St\u00e4nderat beschloss im Einklang mit der Stellungnahme des Bundesrates und des Bundesgerichtes, nicht auf die Vorlage einzutreten, da insbesondere aus dem Gesch\u00e4ftsbericht 2012 hervorgeht, dass die aufgelaufenen Pendenzen in den letzten Jahren massgeblich abgebaut werden konnten und dass keine markante Steigerung f\u00fcr die Abteilung III des Bundesverwaltungsgerichtes - diese entscheidet in den Bereichen Ausl\u00e4nderrecht, Gesundheit und Sozialversicherung - zu erwarten sei. </p>\n<p>Vor diesem Hintergrund hat die Kommission f\u00fcr Rechtsfragen des Nationalrates ihre Haltung noch einmal \u00fcberpr\u00fcft und mit 12 zu 7 Stimmen beschlossen, sich dem St\u00e4nderat anzuschliessen und nicht auf die Vorlage einzutreten. Festgehalten wurde in der Diskussion jedoch, dass die Verordnung dem Gericht gen\u00fcgend Flexibilit\u00e4t biete, um auf eine ver\u00e4nderte Gesch\u00e4ftslast angemessen reagieren zu k\u00f6nnen. </p>\n<p>Ich bitte Sie, der Kommission zu folgen.</p>\n</pd_text>","MeetingCouncilAbbreviation":"N","MeetingDate":"20130603","MeetingVerbalixOid":2321,"IdSession":"4909","SpeakerFirstName":"Christa","SpeakerLastName":"Markwalder","SpeakerFullName":"Markwalder Christa","SpeakerFunction":"Mit-F","CouncilId":1,"CouncilName":"Nationalrat","CantonId":2,"CantonName":"Bern","CantonAbbreviation":"BE","ParlGroupName":"FDP-Liberale Fraktion","ParlGroupAbbreviation":"RL","SortOrder":3,"Start":"\/Date(1370274677577)\/","End":"\/Date(1370274822059)\/","Function":"*","DisplaySpeaker":true,"LanguageOfText":"DE","Modified":"\/Date(1774877563590)\/","StartTimeWithTimezone":"\/Date(1370274677577+0120)\/","EndTimeWithTimezone":"\/Date(1370274822060+0120)\/","VoteBusinessNumber":null,"VoteBusinessShortNumber":null,"VoteBusinessTitle":null},{"__metadata":{"id":"https://ws.parlament.ch/OData.svc/Transcript(ID=134664L,Language='DE')","uri":"https://ws.parlament.ch/OData.svc/Transcript(ID=134664L,Language='DE')","type":"itsystems.Pd.DataServices.DataModel.Transcript"},"Subjects":{"__deferred":{"uri":"https://ws.parlament.ch/OData.svc/Transcript(ID=134664L,Language='DE')/Subjects"}},"MembersCouncil":{"__deferred":{"uri":"https://ws.parlament.ch/OData.svc/Transcript(ID=134664L,Language='DE')/MembersCouncil"}},"Businesses":{"__deferred":{"uri":"https://ws.parlament.ch/OData.svc/Transcript(ID=134664L,Language='DE')/Businesses"}},"ID":"134664","Language":"DE","IdSubject":"22555","VoteId":null,"PersonNumber":1120,"Type":1,"Text":"<pd_text><p>La demande d'augmentation du nombre de postes de juge du Tribunal administratif f\u00e9d\u00e9ral revient pour la deuxi\u00e8me fois devant notre conseil, comme la pr\u00e9sidente l'a rappel\u00e9. Nous avions abord\u00e9 le sujet lors de la session d'hiver 2012, lorsque notre conseil \u00e9tait saisi du projet issu de l'initiative de la Commission des affaires juridiques demandant la modification de l'ordonnance de l'Assembl\u00e9e f\u00e9d\u00e9rale relative au nombre de postes de juge au Tribunal administratif f\u00e9d\u00e9ral, afin de faire passer le plafond du nombre de postes de juge de 65 \u00e0 68.</p>\n<p>Cette initiative trouvait son origine dans la demande du Tribunal administratif f\u00e9d\u00e9ral lui-m\u00eame. En effet, ce tribunal souhaitait disposer de plus de flexibilit\u00e9 quant aux possibilit\u00e9s d'engager des juges suppl\u00e9mentaires afin de r\u00e9pondre aux besoins que pourraient cr\u00e9er les diverses modifications l\u00e9gales adopt\u00e9es par notre Parlement, notamment en mati\u00e8re de droit social. Le rel\u00e8vement du plafond permettait d'\u00e9viter une lourde proc\u00e9dure parlementaire \u00e0 chaque fois qu'il y avait un besoin urgent qui se manifestait. Il suffisait, en cas de besoin, de solliciter l'aval de la Commission judiciaire, laquelle aurait \u00e9t\u00e9 \u00e0 m\u00eame de d\u00e9terminer si le besoin effectif, et donc l'engagement, de juges suppl\u00e9mentaires au Tribunal administratif f\u00e9d\u00e9ral \u00e9tait n\u00e9cessaire ou non.</p>\n<p>Le Tribunal f\u00e9d\u00e9ral s'\u00e9tait montr\u00e9 critique quant \u00e0 cette demande de l'instance f\u00e9d\u00e9rale administrative. Le Conseil f\u00e9d\u00e9ral s'y \u00e9tait oppos\u00e9 car il estimait que si le souhait de plus de flexibilit\u00e9 \u00e9tait l\u00e9gitime, rien ne laissait cependant pr\u00e9voir un volume de travail suppl\u00e9mentaire certain pour cette juridiction.</p>\n<p>Notre conseil \u00e9tait entr\u00e9 en mati\u00e8re sur ce projet par 105 voix contre 58.</p>\n<p>Au Conseil des Etats, la proposition formul\u00e9e par sa propre Commission des affaires juridiques visant \u00e0 suivre notre conseil et \u00e0 donner suite \u00e0 l'initiative a \u00e9t\u00e9 rejet\u00e9e \u00e0 une forte majorit\u00e9, soit par 27 voix contre 13, lors de la session de printemps de cette ann\u00e9e. L'argument central a \u00e9t\u00e9 qu'aucun besoin r\u00e9el ne justifiait l'augmentation du plafond du nombre de postes de juge. Au contraire, le rapport de gestion 2012 du Tribunal administratif f\u00e9d\u00e9ral publi\u00e9 au d\u00e9but de 2013 montrait que le nombre d'affaires en souffrance diminuait.</p>\n<p>Votre commission a trait\u00e9 cet objet le 25 avril dernier; elle s'est rapidement ralli\u00e9e \u00e0 la position du Conseil des Etats et a fait siens ses arguments. Elle a d\u00e9cid\u00e9 de ne pas entrer en mati\u00e8re sur le projet issu de sa propre initiative, par 12 voix contre 7. Elle vous invite \u00e0 en faire de m\u00eame.</p>\n</pd_text>","MeetingCouncilAbbreviation":"N","MeetingDate":"20130603","MeetingVerbalixOid":2321,"IdSession":"4909","SpeakerFirstName":"Carlo","SpeakerLastName":"Sommaruga","SpeakerFullName":"Sommaruga Carlo","SpeakerFunction":"Mit-M","CouncilId":1,"CouncilName":"Nationalrat","CantonId":25,"CantonName":"Genf","CantonAbbreviation":"GE","ParlGroupName":"Sozialdemokratische Fraktion","ParlGroupAbbreviation":"S","SortOrder":2,"Start":"\/Date(1370274524787)\/","End":"\/Date(1370274677577)\/","Function":"*","DisplaySpeaker":true,"LanguageOfText":"FR","Modified":"\/Date(1774877563588)\/","StartTimeWithTimezone":"\/Date(1370274524787+0120)\/","EndTimeWithTimezone":"\/Date(1370274677577+0120)\/","VoteBusinessNumber":null,"VoteBusinessShortNumber":null,"VoteBusinessTitle":null},{"__metadata":{"id":"https://ws.parlament.ch/OData.svc/Transcript(ID=134665L,Language='DE')","uri":"https://ws.parlament.ch/OData.svc/Transcript(ID=134665L,Language='DE')","type":"itsystems.Pd.DataServices.DataModel.Transcript"},"Subjects":{"__deferred":{"uri":"https://ws.parlament.ch/OData.svc/Transcript(ID=134665L,Language='DE')/Subjects"}},"MembersCouncil":{"__deferred":{"uri":"https://ws.parlament.ch/OData.svc/Transcript(ID=134665L,Language='DE')/MembersCouncil"}},"Businesses":{"__deferred":{"uri":"https://ws.parlament.ch/OData.svc/Transcript(ID=134665L,Language='DE')/Businesses"}},"ID":"134665","Language":"DE","IdSubject":"22555","VoteId":null,"PersonNumber":806,"Type":1,"Text":"<pd_text><p><b>Verordnung der Bundesversammlung \u00fcber die Richterstellen am Bundesverwaltungsgericht</b></p>\n<p><b>Ordonnance de l'Assembl\u00e9e f\u00e9d\u00e9rale relative aux postes de juge pr\u00e8s le Tribunal administratif f\u00e9d\u00e9ral</b></p>\n<p>[VS]</p>\n<p><i>Antrag der Kommission</i></p>\n<p>Zustimmung zum Beschluss des St\u00e4nderates</p>\n<p>(= Nichteintreten)</p>\n<p>[VS]</p>\n<p><i>Proposition de la commission</i></p>\n<p>Adh\u00e9rer \u00e0 la d\u00e9cision du Conseil des Etats</p>\n<p>(= Ne pas entrer en mati\u00e8re)</p>\n<p>[VS]</p>\n<p><b>Pr\u00e4sidentin </b>(Graf Maya, Pr\u00e4sidentin): Nachdem der Nationalrat in der Wintersession 2012 auf die Vorlage eingetreten war und sie gem\u00e4ss Entwurf der Kommission verabschiedet hatte, beschloss der St\u00e4nderat in der Fr\u00fchjahrssession, nicht auf die Vorlage einzutreten. Unser Rat hat sich demzufolge nochmals zur Frage des Eintretens auszusprechen.</p>\n</pd_text>","MeetingCouncilAbbreviation":"N","MeetingDate":"20130603","MeetingVerbalixOid":2321,"IdSession":"4909","SpeakerFirstName":"Maya","SpeakerLastName":"Graf","SpeakerFullName":"Graf Maya","SpeakerFunction":"P-F","CouncilId":1,"CouncilName":"Nationalrat","CantonId":13,"CantonName":"Basel-Landschaft","CantonAbbreviation":"BL","ParlGroupName":"Gr\u00fcne Fraktion","ParlGroupAbbreviation":"G","SortOrder":1,"Start":"\/Date(1370274433419)\/","End":"\/Date(1370274524787)\/","Function":"P-F","DisplaySpeaker":false,"LanguageOfText":null,"Modified":"\/Date(1774877563587)\/","StartTimeWithTimezone":"\/Date(1370274433420+0120)\/","EndTimeWithTimezone":"\/Date(1370274524787+0120)\/","VoteBusinessNumber":null,"VoteBusinessShortNumber":null,"VoteBusinessTitle":null}]},"ID":"22555","Language":"DE","IdMeeting":"1493","VerbalixOid":406145,"SortOrder":3,"Modified":"\/Date(1774877563586)\/"}}