{"d":{"__metadata":{"id":"https://ws.parlament.ch/OData.svc/Subject(ID=2257L,Language='DE')","uri":"https://ws.parlament.ch/OData.svc/Subject(ID=2257L,Language='DE')","type":"itsystems.Pd.DataServices.DataModel.Subject"},"Meetings":{"__metadata":{"id":"https://ws.parlament.ch/OData.svc/Meeting(ID=151L,Language='DE')","uri":"https://ws.parlament.ch/OData.svc/Meeting(ID=151L,Language='DE')","type":"itsystems.Pd.DataServices.DataModel.Meeting"},"Sessions":{"__deferred":{"uri":"https://ws.parlament.ch/OData.svc/Meeting(ID=151L,Language='DE')/Sessions"}},"Subjects":{"__deferred":{"uri":"https://ws.parlament.ch/OData.svc/Meeting(ID=151L,Language='DE')/Subjects"}},"ID":"151","Language":"DE","MeetingNumber":6,"IdSession":4606,"SessionNumber":6,"SessionName":"Fr\u00fchjahrssession 2001","Council":2,"CouncilName":"St\u00e4nderat","CouncilAbbreviation":"SR","Date":"\/Date(984528000000)\/","Begin":"0800","Modified":"\/Date(1447069748050)\/","LegislativePeriodNumber":46,"PublicationStatus":"final","MeetingOrderText":"Sechste Sitzung","SortOrder":6,"Location":"S"},"SubjectsBusiness":{"results":[{"__metadata":{"id":"https://ws.parlament.ch/OData.svc/SubjectBusiness(BusinessNumber=20000077,IdSubject=2257L,Language='DE')","uri":"https://ws.parlament.ch/OData.svc/SubjectBusiness(BusinessNumber=20000077,IdSubject=2257L,Language='DE')","type":"itsystems.Pd.DataServices.DataModel.SubjectBusiness"},"Subjects":{"__deferred":{"uri":"https://ws.parlament.ch/OData.svc/SubjectBusiness(BusinessNumber=20000077,IdSubject=2257L,Language='DE')/Subjects"}},"Businesses":{"__deferred":{"uri":"https://ws.parlament.ch/OData.svc/SubjectBusiness(BusinessNumber=20000077,IdSubject=2257L,Language='DE')/Businesses"}},"IdSubject":"2257","BusinessNumber":20000077,"Language":"DE","BusinessShortNumber":"00.077","Title":"KMU. Teilnahme an internationalen Programmen. Rahmenkredit","SortOrder":1,"PublishedNotes":"Zweitrat - Deuxi\u00e8me Conseil\n","Modified":"\/Date(1447069112850)\/","TitleDE":"KMU. Teilnahme\nan internationalen Programmen.\nRahmenkredit","TitleFR":"PME. Participation \n\u00e0 des actions internationales.\nCr\u00e9dit-cadre","TitleIT":null}]},"Transcripts":{"results":[{"__metadata":{"id":"https://ws.parlament.ch/OData.svc/Transcript(ID=11394L,Language='DE')","uri":"https://ws.parlament.ch/OData.svc/Transcript(ID=11394L,Language='DE')","type":"itsystems.Pd.DataServices.DataModel.Transcript"},"Subjects":{"__deferred":{"uri":"https://ws.parlament.ch/OData.svc/Transcript(ID=11394L,Language='DE')/Subjects"}},"MembersCouncil":{"__deferred":{"uri":"https://ws.parlament.ch/OData.svc/Transcript(ID=11394L,Language='DE')/MembersCouncil"}},"Businesses":{"__deferred":{"uri":"https://ws.parlament.ch/OData.svc/Transcript(ID=11394L,Language='DE')/Businesses"}},"ID":"11394","Language":"DE","IdSubject":"2257","VoteId":null,"PersonNumber":378,"Type":1,"Text":"<pd_text><p><i>Eintreten wird ohne Gegenantrag beschlossen</i></p>\n<p><i>L'entr\u00e9e en mati\u00e8re est d\u00e9cid\u00e9e sans opposition</i></p>\n<p>[VS]</p>\n<p>[VS]</p>\n<p><b>Bundesbeschluss \u00fcber einen Rahmenkredit f\u00fcr die Teilnahme an internationalen Informations-, Vermittlungs- und Beratungsprogrammen zugunsten kleiner und mittlerer Unternehmen  </b></p>\n<p><b>Arr\u00eat\u00e9 f\u00e9d\u00e9ral allouant un cr\u00e9dit-cadre pour la participation \u00e0 des actions internationales d'information, d'entremise et de conseil en faveur des petites et moyennes entreprises </b></p>\n<p>[VS]</p>\n<p><i>Detailberatung - Examen de d\u00e9tail</i></p>\n<p>[VS]</p>\n<p><b>Titel und Ingress, Art. 1, 2</b></p>\n<p><i>Antrag der Kommission</i></p>\n<p>Zustimmung zum Beschluss des Nationalrates</p>\n<p>[VS]</p>\n<p><b>Titre et pr\u00e9ambule, art. 1, 2</b></p>\n<p><i>Proposition de la commission</i></p>\n<p>Adh\u00e9rer \u00e0 la d\u00e9cision du Conseil national</p>\n<p>[VS]</p>\n<p><i>Angenommen - Adopt\u00e9</i></p>\n<p>[VS]</p>\n<p>[PAGE 94] </p>\n<p><i>Gesamtabstimmung - Vote sur l'ensemble</i></p>\n<p>F\u00fcr Annahme des Entwurfes .... 17 Stimmen</p>\n<p>(Einstimmigkeit)</p>\n</pd_text>","MeetingCouncilAbbreviation":"S","MeetingDate":"20010314","MeetingVerbalixOid":788,"IdSession":"4606","SpeakerFirstName":"Fran\u00e7oise","SpeakerLastName":"Saudan","SpeakerFullName":"Saudan Fran\u00e7oise","SpeakerFunction":"P-F","CouncilId":2,"CouncilName":"St\u00e4nderat","CantonId":25,"CantonName":"Genf","CantonAbbreviation":"GE","ParlGroupName":"Freisinnig-demokratische Fraktion","ParlGroupAbbreviation":"RL","SortOrder":3,"Start":"\/Date(984569804627)\/","End":"\/Date(984569872203)\/","Function":"","DisplaySpeaker":false,"LanguageOfText":null,"Modified":"\/Date(1510849255737)\/","StartTimeWithTimezone":"\/Date(984569804627+0060)\/","EndTimeWithTimezone":"\/Date(984569872203+0060)\/","VoteBusinessNumber":null,"VoteBusinessShortNumber":null,"VoteBusinessTitle":null},{"__metadata":{"id":"https://ws.parlament.ch/OData.svc/Transcript(ID=11395L,Language='DE')","uri":"https://ws.parlament.ch/OData.svc/Transcript(ID=11395L,Language='DE')","type":"itsystems.Pd.DataServices.DataModel.Transcript"},"Subjects":{"__deferred":{"uri":"https://ws.parlament.ch/OData.svc/Transcript(ID=11395L,Language='DE')/Subjects"}},"MembersCouncil":{"__deferred":{"uri":"https://ws.parlament.ch/OData.svc/Transcript(ID=11395L,Language='DE')/MembersCouncil"}},"Businesses":{"__deferred":{"uri":"https://ws.parlament.ch/OData.svc/Transcript(ID=11395L,Language='DE')/Businesses"}},"ID":"11395","Language":"DE","IdSubject":"2257","VoteId":null,"PersonNumber":50,"Type":1,"Text":"<pd_text><p>Il n'y a pas grand-chose \u00e0 ajouter \u00e0 l'excellent rapport du pr\u00e9sident de la commission, sinon pour dire qu'il est essentiel, quelle que soit l'\u00e9volution de nos rapports avec l'Union europ\u00e9enne, d'avoir ces centres d'information. 60 pour cent de nos exportations vont vers l'Union europ\u00e9enne, 80 pour cent des importations en proviennent, c'est un fait, et il est n\u00e9cessaire de permettre \u00e0 nos entreprises, et tout particuli\u00e8rement aux petites et moyennes entreprises, d'acc\u00e9der \u00e0 ce march\u00e9 et de le d\u00e9velopper. Il s'agit d'une d\u00e9cision pragmatique qui n'a pas une port\u00e9e politique d'int\u00e9gration, mais qui permet aux entreprises d'agir elles-m\u00eames et de d\u00e9fendre leurs int\u00e9r\u00eats.</p>\n<p>Au Conseil national, M. Schneider, comme l'a dit M. Wicki, a fait une proposition de r\u00e9duction du cr\u00e9dit, mais aussi de r\u00e9duction de la dur\u00e9e du cr\u00e9dit. Nous sommes d'accord avec cette proposition. Nous sommes conscient que la nouvelle collaboration avec l'Office suisse d'expansion commerciale appelle une meilleure coordination, et je dois dire, \u00e0 titre personnel, que je suis aussi tr\u00e8s satisfait de votre volont\u00e9 d'examiner dans deux \u00e0 trois ans les moyens mis \u00e0 disposition pour en mesurer l'efficacit\u00e9. Il n'y a pas d'autre souhait de la part de l'administration que l'argent que nous vous demandons soit utilis\u00e9 d'une mani\u00e8re efficace pour les petites et moyennes entreprises.</p>\n<p>Je vous remercie donc d'entrer en mati\u00e8re et d'accepter le cr\u00e9dit.</p>\n</pd_text>","MeetingCouncilAbbreviation":"S","MeetingDate":"20010314","MeetingVerbalixOid":788,"IdSession":"4606","SpeakerFirstName":"Pascal","SpeakerLastName":"Couchepin","SpeakerFullName":"Couchepin Pascal","SpeakerFunction":"BR-M","CouncilId":99,"CouncilName":"Bundesrat","CantonId":23,"CantonName":"Wallis","CantonAbbreviation":"VS","ParlGroupName":null,"ParlGroupAbbreviation":null,"SortOrder":2,"Start":"\/Date(984569706907)\/","End":"\/Date(984569804627)\/","Function":"","DisplaySpeaker":true,"LanguageOfText":"FR","Modified":"\/Date(1510849255737)\/","StartTimeWithTimezone":"\/Date(984569706907+0060)\/","EndTimeWithTimezone":"\/Date(984569804627+0060)\/","VoteBusinessNumber":null,"VoteBusinessShortNumber":null,"VoteBusinessTitle":null},{"__metadata":{"id":"https://ws.parlament.ch/OData.svc/Transcript(ID=11396L,Language='DE')","uri":"https://ws.parlament.ch/OData.svc/Transcript(ID=11396L,Language='DE')","type":"itsystems.Pd.DataServices.DataModel.Transcript"},"Subjects":{"__deferred":{"uri":"https://ws.parlament.ch/OData.svc/Transcript(ID=11396L,Language='DE')/Subjects"}},"MembersCouncil":{"__deferred":{"uri":"https://ws.parlament.ch/OData.svc/Transcript(ID=11396L,Language='DE')/MembersCouncil"}},"Businesses":{"__deferred":{"uri":"https://ws.parlament.ch/OData.svc/Transcript(ID=11396L,Language='DE')/Businesses"}},"ID":"11396","Language":"DE","IdSubject":"2257","VoteId":null,"PersonNumber":379,"Type":1,"Text":"<pd_text><p>Die Vorlage der Schuldenbremse hatte, bevor sie \u00fcberhaupt in Kraft ist, bereits eine Bremswirkung auf unsere Traktandenliste. Dennoch versuchen wir, die anderen Traktanden mit Herrn Bundesrat Couchepin durchzubringen. Zun\u00e4chst geht es um die Teilnahme an internationalen Programmen.</p>\n<p>Am 6. Oktober 1995 hat das Parlament einen Bundesbeschluss \u00fcber die Teilnahme an internationalen Informations-, Vermittlungs- und Beratungsprogrammen zugunsten kleiner und mittlerer Unternehmen erlassen. Die Geltungsdauer dieses Beschlusses wurde auf zehn Jahre festgelegt. Mit einem einfachen Bundesbeschluss hat die Bundesversammlung gleichzeitig einen Rahmenkredit von 10 Millionen Franken f\u00fcr die ersten f\u00fcnf Jahre bewilligt.</p>\n<p>Bei der nun zur Beratung stehenden Vorlage geht es um die Weiterf\u00fchrung eines Rahmenkredits. Das Hauptprojekt ist das Euro Info Center (EIC) Schweiz, also die Teilnahme am Netz der Euro Info Center der Europ\u00e4ischen Union. Um beurteilen zu k\u00f6nnen, ob es sinnvoll und notwendig ist, diese Teilnahme f\u00fcr die verbleibenden f\u00fcnf Jahre fortzusetzen, erteilte das Seco einen ausw\u00e4rtigen Evaluationsauftrag zur Bewertung der Leistungen des Euro Info Center Schweiz. Die gestellten Fragen und die wichtigsten Ergebnisse und Empfehlungen der Gutachter sind in der Botschaft dargelegt. Die Schlussfolgerungen sind im Ganzen genommen positiv. Es wird festgestellt, dass das Euro Info Center Schweiz zwar nur begrenzte Wirkung zeigt; im Allgemeinen empfehlen die Gutachter jedoch dessen Weiterf\u00fchrung. Diese Empfehlung wurde vom Bundesrat \u00fcbernommen.</p>\n<p>Angesichts unserer immer engeren Einbindung in die europ\u00e4ische Wirtschaft erachtet der Bundesrat es als notwendig, unsere Teilnahme am Programm der Euro Info Center der Europ\u00e4ischen Union fortzuf\u00fchren und nach M\u00f6glichkeit an anderen europ\u00e4ischen Programmen teilzunehmen, die in die gleiche Richtung zielen. Deshalb beantragt der Bundesrat einen Rahmenkredit von 10 Millionen Franken f\u00fcr eine Laufzeit von f\u00fcnf Jahren. Der Nationalrat hat diesen Rahmenkredit auf 6 Millionen Franken gek\u00fcrzt, sieht ihn jedoch f\u00fcr eine Laufzeit von drei Jahren statt f\u00fcr f\u00fcnf Jahre vor.</p>\n<p>In unserer Kommission liess der Bundesrat erkl\u00e4ren, dass er mit der L\u00f6sung des Nationalrates einverstanden ist. Letztes Jahr haben wir f\u00fcr die Schweizerische Zentrale f\u00fcr Handelsf\u00f6rderung (Osec) n\u00e4mlich ein neues Exportf\u00f6rderungsgesetz verabschiedet. Es ist daher richtig, wenn der jetzt zu beschliessende Kreditrahmen zum gleichen Zeitpunkt ausl\u00e4uft wie der Kreditrahmen f\u00fcr die Osec selbst.</p>\n<p>Es ist beabsichtigt, in drei Jahren die beiden Kredite zusammenzulegen. Die Kommission beantragt Ihnen einstimmig, dem Beschluss des Nationalrates zuzustimmen. Die Kommission erwartet aber, dass die im Gutachten aufgezeigten M\u00e4ngel behoben werden. Wir gehen davon aus, dass die dort aufgezeigten Verbesserungsmassnahmen ergriffen werden. Vor allem erwarten wir Transparenz. Die Abgrenzung zwischen der Osec und dem Euro Info Center ist noch offen. Wir m\u00f6chten Transparenz zwischen den beiden Akteuren herstellen, denn beide wollen ein thematisch umfassendes Informations- und Beratungsmodell anbieten.</p>\n<p>Im Weiteren wollen wir, dass die Vermeidung von Doppelspurigkeiten tats\u00e4chlich umgesetzt wird, denn die Gew\u00e4hrleistung des Zugangs zu den EU-Richtlinien und den EU-Richtlinienentw\u00fcrfen ist durchaus sinnvoll, sofern diese Aufgabe nicht gleichzeitig von verschiedenen Stellen wahrgenommen wird. Darum verlangen wir auch eine Optimierung der Koordination. Schliesslich muss daf\u00fcr gesorgt werden, dass die Informationen auch effizient genutzt werden k\u00f6nnen. Es gen\u00fcgt nicht, den einfachen Zugang zu s\u00e4mtlichen offiziellen Publikationen und Dokumenten der EU sicherzustellen und die Branchenvertreter als Multiplikatoren einzusetzen. Die Informationen m\u00fcssen filtriert werden, damit sie f\u00fcr die KMU-Betriebe \u00fcberhaupt brauchbar sind. Wir werden daher die GPK ersuchen, in ein bis zwei Jahren die Qualit\u00e4t der hier finanzierten Dienstleistungen zu pr\u00fcfen und bis Mitte des Jahres 2002 einen entsprechenden Bericht zu erstellen.</p>\n<p>In diesem Sinne beantrage ich Ihnen namens der Kommission, auf die Vorlage einzutreten und dem Beschluss des Nationalrates zuzustimmen.</p>\n</pd_text>","MeetingCouncilAbbreviation":"S","MeetingDate":"20010314","MeetingVerbalixOid":788,"IdSession":"4606","SpeakerFirstName":"Franz","SpeakerLastName":"Wicki","SpeakerFullName":"Wicki Franz","SpeakerFunction":"","CouncilId":2,"CouncilName":"St\u00e4nderat","CantonId":3,"CantonName":"Luzern","CantonAbbreviation":"LU","ParlGroupName":"Christlichdemokratische Fraktion","ParlGroupAbbreviation":"M-E","SortOrder":1,"Start":"\/Date(984569396777)\/","End":"\/Date(984569706907)\/","Function":"*","DisplaySpeaker":true,"LanguageOfText":"DE","Modified":"\/Date(1510849255737)\/","StartTimeWithTimezone":"\/Date(984569396777+0060)\/","EndTimeWithTimezone":"\/Date(984569706907+0060)\/","VoteBusinessNumber":null,"VoteBusinessShortNumber":null,"VoteBusinessTitle":null}]},"ID":"2257","Language":"DE","IdMeeting":"151","VerbalixOid":27361,"SortOrder":2,"Modified":"\/Date(1510849255720)\/"}}