{"d":{"__metadata":{"id":"https://ws.parlament.ch/OData.svc/Subject(ID=22759L,Language='DE')","uri":"https://ws.parlament.ch/OData.svc/Subject(ID=22759L,Language='DE')","type":"itsystems.Pd.DataServices.DataModel.Subject"},"Meetings":{"__metadata":{"id":"https://ws.parlament.ch/OData.svc/Meeting(ID=1501L,Language='DE')","uri":"https://ws.parlament.ch/OData.svc/Meeting(ID=1501L,Language='DE')","type":"itsystems.Pd.DataServices.DataModel.Meeting"},"Sessions":{"__deferred":{"uri":"https://ws.parlament.ch/OData.svc/Meeting(ID=1501L,Language='DE')/Sessions"}},"Subjects":{"__deferred":{"uri":"https://ws.parlament.ch/OData.svc/Meeting(ID=1501L,Language='DE')/Subjects"}},"ID":"1501","Language":"DE","MeetingNumber":12,"IdSession":4901,"SessionNumber":1,"SessionName":"Wintersession 2011","Council":2,"CouncilName":"St\u00e4nderat","CouncilAbbreviation":"SR","Date":"\/Date(1324598400000)\/","Begin":"0815","Modified":"\/Date(1447070256760)\/","LegislativePeriodNumber":49,"PublicationStatus":"final","MeetingOrderText":"Zw\u00f6lfte Sitzung","SortOrder":12,"Location":"S"},"SubjectsBusiness":{"results":[{"__metadata":{"id":"https://ws.parlament.ch/OData.svc/SubjectBusiness(BusinessNumber=20070057,IdSubject=22759L,Language='DE')","uri":"https://ws.parlament.ch/OData.svc/SubjectBusiness(BusinessNumber=20070057,IdSubject=22759L,Language='DE')","type":"itsystems.Pd.DataServices.DataModel.SubjectBusiness"},"Subjects":{"__deferred":{"uri":"https://ws.parlament.ch/OData.svc/SubjectBusiness(BusinessNumber=20070057,IdSubject=22759L,Language='DE')/Subjects"}},"Businesses":{"__deferred":{"uri":"https://ws.parlament.ch/OData.svc/SubjectBusiness(BusinessNumber=20070057,IdSubject=22759L,Language='DE')/Businesses"}},"IdSubject":"22759","BusinessNumber":20070057,"Language":"DE","BusinessShortNumber":"07.057","Title":"Bundesgesetz \u00fcber Massnahmen zur Wahrung der inneren Sicherheit. \u00c4nderung","SortOrder":1,"PublishedNotes":"Schlussabstimmung - Vote final\n","Modified":"\/Date(1447069328716)\/","TitleDE":"Bundesgesetz \u00fcber Massnahmen\nzur Wahrung der inneren Sicherheit.\n\u00c4nderung","TitleFR":"Loi instituant des mesures visant\nau maintien de la s\u00fbret\u00e9 int\u00e9rieure.\nModification","TitleIT":null}]},"Transcripts":{"results":[{"__metadata":{"id":"https://ws.parlament.ch/OData.svc/Transcript(ID=135626L,Language='DE')","uri":"https://ws.parlament.ch/OData.svc/Transcript(ID=135626L,Language='DE')","type":"itsystems.Pd.DataServices.DataModel.Transcript"},"Subjects":{"__deferred":{"uri":"https://ws.parlament.ch/OData.svc/Transcript(ID=135626L,Language='DE')/Subjects"}},"MembersCouncil":{"__deferred":{"uri":"https://ws.parlament.ch/OData.svc/Transcript(ID=135626L,Language='DE')/MembersCouncil"}},"Businesses":{"__deferred":{"uri":"https://ws.parlament.ch/OData.svc/Transcript(ID=135626L,Language='DE')/Businesses"}},"ID":"135626","Language":"DE","IdSubject":"22759","VoteId":null,"PersonNumber":1256,"Type":1,"Text":"<pd_text><p><b>2. Bundesgesetz \u00fcber Massnahmen zur Wahrung der inneren Sicherheit </b></p>\n<p><b>2. Loi f\u00e9d\u00e9rale instituant des mesures visant au maintien de la s\u00fbret\u00e9 int\u00e9rieure </b></p>\n<p>[VS]</p>\n<p><i>Abstimmung - Vote</i></p>\n<p>F\u00fcr Annahme des Entwurfes ... 38 Stimmen</p>\n<p>(Einstimmigkeit)</p>\n<p>(3 Enthaltungen)</p>\n</pd_text>","MeetingCouncilAbbreviation":"S","MeetingDate":"20111223","MeetingVerbalixOid":2148,"IdSession":"4901","SpeakerFirstName":"Hans","SpeakerLastName":"Altherr","SpeakerFullName":"Altherr Hans","SpeakerFunction":"Mit-M","CouncilId":2,"CouncilName":"St\u00e4nderat","CantonId":15,"CantonName":"Appenzell A.-Rh.","CantonAbbreviation":"AR","ParlGroupName":"FDP-Liberale Fraktion","ParlGroupAbbreviation":"RL","SortOrder":1,"Start":"\/Date(1324628369630)\/","End":"\/Date(1324628425073)\/","Function":"P-M","DisplaySpeaker":false,"LanguageOfText":null,"Modified":"\/Date(1544535174313)\/","StartTimeWithTimezone":"\/Date(1324628369630+0060)\/","EndTimeWithTimezone":"\/Date(1324628425073+0060)\/","VoteBusinessNumber":null,"VoteBusinessShortNumber":null,"VoteBusinessTitle":null}]},"ID":"22759","Language":"DE","IdMeeting":"1501","VerbalixOid":372468,"SortOrder":1,"Modified":"\/Date(1447070256793)\/"}}