{"d":{"__metadata":{"id":"https://ws.parlament.ch/OData.svc/Subject(ID=22762L,Language='DE')","uri":"https://ws.parlament.ch/OData.svc/Subject(ID=22762L,Language='DE')","type":"itsystems.Pd.DataServices.DataModel.Subject"},"Meetings":{"__metadata":{"id":"https://ws.parlament.ch/OData.svc/Meeting(ID=1501L,Language='DE')","uri":"https://ws.parlament.ch/OData.svc/Meeting(ID=1501L,Language='DE')","type":"itsystems.Pd.DataServices.DataModel.Meeting"},"Sessions":{"__deferred":{"uri":"https://ws.parlament.ch/OData.svc/Meeting(ID=1501L,Language='DE')/Sessions"}},"Subjects":{"__deferred":{"uri":"https://ws.parlament.ch/OData.svc/Meeting(ID=1501L,Language='DE')/Subjects"}},"ID":"1501","Language":"DE","MeetingNumber":12,"IdSession":4901,"SessionNumber":1,"SessionName":"Wintersession 2011","Council":2,"CouncilName":"St\u00e4nderat","CouncilAbbreviation":"SR","Date":"\/Date(1324598400000)\/","Begin":"0815","Modified":"\/Date(1447070256760)\/","LegislativePeriodNumber":49,"PublicationStatus":"final","MeetingOrderText":"Zw\u00f6lfte Sitzung","SortOrder":12,"Location":"S"},"SubjectsBusiness":{"results":[{"__metadata":{"id":"https://ws.parlament.ch/OData.svc/SubjectBusiness(BusinessNumber=20110033,IdSubject=22762L,Language='DE')","uri":"https://ws.parlament.ch/OData.svc/SubjectBusiness(BusinessNumber=20110033,IdSubject=22762L,Language='DE')","type":"itsystems.Pd.DataServices.DataModel.SubjectBusiness"},"Subjects":{"__deferred":{"uri":"https://ws.parlament.ch/OData.svc/SubjectBusiness(BusinessNumber=20110033,IdSubject=22762L,Language='DE')/Subjects"}},"Businesses":{"__deferred":{"uri":"https://ws.parlament.ch/OData.svc/SubjectBusiness(BusinessNumber=20110033,IdSubject=22762L,Language='DE')/Businesses"}},"IdSubject":"22762","BusinessNumber":20110033,"Language":"DE","BusinessShortNumber":"11.033","Title":"Verbot der Gruppierung \u201eAl-Qa\u00efda\u201c und verwandter Organisationen","SortOrder":1,"PublishedNotes":"Schlussabstimmung - Vote final\n","Modified":"\/Date(1447069491580)\/","TitleDE":"Verbot der Gruppierung Al Kaida\nund verwandter Organisationen","TitleFR":"Interdiction du groupe Al-Qaida\net des organisations apparent\u00e9es","TitleIT":null}]},"Transcripts":{"results":[{"__metadata":{"id":"https://ws.parlament.ch/OData.svc/Transcript(ID=135629L,Language='DE')","uri":"https://ws.parlament.ch/OData.svc/Transcript(ID=135629L,Language='DE')","type":"itsystems.Pd.DataServices.DataModel.Transcript"},"Subjects":{"__deferred":{"uri":"https://ws.parlament.ch/OData.svc/Transcript(ID=135629L,Language='DE')/Subjects"}},"MembersCouncil":{"__deferred":{"uri":"https://ws.parlament.ch/OData.svc/Transcript(ID=135629L,Language='DE')/MembersCouncil"}},"Businesses":{"__deferred":{"uri":"https://ws.parlament.ch/OData.svc/Transcript(ID=135629L,Language='DE')/Businesses"}},"ID":"135629","Language":"DE","IdSubject":"22762","VoteId":null,"PersonNumber":1256,"Type":1,"Text":"<pd_text><p><b>Verordnung der Bundesversammlung \u00fcber das Verbot der Gruppierung Al Kaida und verwandter Organisationen </b></p>\n<p><b>Ordonnance de l'Assembl\u00e9e f\u00e9d\u00e9rale interdisant le groupe Al-Qaida et les organisations apparent\u00e9es </b></p>\n<p>[VS]</p>\n<p><i>Abstimmung - Vote</i></p>\n<p>F\u00fcr Annahme des Entwurfes ... 44 Stimmen</p>\n<p>(Einstimmigkeit)</p>\n<p>(0 Enthaltungen)</p>\n</pd_text>","MeetingCouncilAbbreviation":"S","MeetingDate":"20111223","MeetingVerbalixOid":2148,"IdSession":"4901","SpeakerFirstName":"Hans","SpeakerLastName":"Altherr","SpeakerFullName":"Altherr Hans","SpeakerFunction":"Mit-M","CouncilId":2,"CouncilName":"St\u00e4nderat","CantonId":15,"CantonName":"Appenzell A.-Rh.","CantonAbbreviation":"AR","ParlGroupName":"FDP-Liberale Fraktion","ParlGroupAbbreviation":"RL","SortOrder":2,"Start":"\/Date(1324629140230)\/","End":"\/Date(1324629155207)\/","Function":"P-M","DisplaySpeaker":false,"LanguageOfText":null,"Modified":"\/Date(1544535174343)\/","StartTimeWithTimezone":"\/Date(1324629140230+0060)\/","EndTimeWithTimezone":"\/Date(1324629155207+0060)\/","VoteBusinessNumber":null,"VoteBusinessShortNumber":null,"VoteBusinessTitle":null},{"__metadata":{"id":"https://ws.parlament.ch/OData.svc/Transcript(ID=135630L,Language='DE')","uri":"https://ws.parlament.ch/OData.svc/Transcript(ID=135630L,Language='DE')","type":"itsystems.Pd.DataServices.DataModel.Transcript"},"Subjects":{"__deferred":{"uri":"https://ws.parlament.ch/OData.svc/Transcript(ID=135630L,Language='DE')/Subjects"}},"MembersCouncil":{"__deferred":{"uri":"https://ws.parlament.ch/OData.svc/Transcript(ID=135630L,Language='DE')/MembersCouncil"}},"Businesses":{"__deferred":{"uri":"https://ws.parlament.ch/OData.svc/Transcript(ID=135630L,Language='DE')/Businesses"}},"ID":"135630","Language":"DE","IdSubject":"22762","VoteId":null,"PersonNumber":3920,"Type":1,"Text":"<pd_text><p>Je m'adresse \u00e0 vous en tant que membre de la Commission de r\u00e9daction.</p>\n<p>Le projet d'acte intitul\u00e9 \"Ordonnance de l'Assembl\u00e9e f\u00e9d\u00e9rale interdisant le groupe Al-Qaida et les organisations apparent\u00e9es\" remplace l'ordonnance du Conseil f\u00e9d\u00e9ral du 7 novembre 2001 interdisant le groupe Al-Qaida et les organisations apparent\u00e9es, qui a \u00e9t\u00e9 prorog\u00e9e une derni\u00e8re fois en 2008 jusqu'au 31 d\u00e9cembre 2011. Pour \u00e9viter un vide juridique, le nouvel acte doit entrer en vigueur le 1er janvier 2012. </p>\n<p>Le vote final de la session d'hiver 2011 a lieu trois jours apr\u00e8s le d\u00e9lai r\u00e9dactionnel pour le Recueil officiel paraissant la derni\u00e8re semaine de l'ann\u00e9e. La publication ordinaire ne serait donc possible que le 4 janvier 2012, ce qui reporterait au 5 janvier 2012 la naissance des obligations qui sont inscrites dans l'acte concern\u00e9. En cons\u00e9quence, la Commission de r\u00e9daction propose d'adopter l'acte au vote final en acceptant d'ordonner la publication extraordinaire au sens de l'article 13 alin\u00e9a 1 de l'ordonnance sur les publications officielles en date du 28 d\u00e9cembre 2011.</p>\n<p>Conform\u00e9ment \u00e0 l'article 7 alin\u00e9a 3 de la loi sur les publications officielles, cette publication extraordinaire permet \u00e0 l'acte de d\u00e9ployer pleinement ses effets \u00e0 partir du 1er janvier 2012. A noter que l'ordonnance sera ensuite publi\u00e9e de mani\u00e8re ordinaire dans le Recueil officiel du 4 janvier 2012.</p>\n<p>La publication extraordinaire se fait sur un site g\u00e9r\u00e9 par la Chancellerie f\u00e9d\u00e9rale. Elle est communiqu\u00e9e au service d\u00e9sign\u00e9 par les cantons sous forme \u00e9lectronique. Elle est en outre indiqu\u00e9e dans l'acte m\u00eame en une note de bas de page ajout\u00e9e \u00e0 l'article 5.</p>\n<p>[VS]</p>\n</pd_text>","MeetingCouncilAbbreviation":"S","MeetingDate":"20111223","MeetingVerbalixOid":2148,"IdSession":"4901","SpeakerFirstName":"Anne","SpeakerLastName":"Seydoux-Christe","SpeakerFullName":"Seydoux-Christe Anne","SpeakerFunction":"Mit-F","CouncilId":2,"CouncilName":"St\u00e4nderat","CantonId":26,"CantonName":"Jura","CantonAbbreviation":"JU","ParlGroupName":"Fraktion CVP-EVP","ParlGroupAbbreviation":"M-E","SortOrder":1,"Start":"\/Date(1324629129623)\/","End":"\/Date(1324629140230)\/","Function":"*","DisplaySpeaker":true,"LanguageOfText":"FR","Modified":"\/Date(1544535174343)\/","StartTimeWithTimezone":"\/Date(1324629129623+0060)\/","EndTimeWithTimezone":"\/Date(1324629140230+0060)\/","VoteBusinessNumber":null,"VoteBusinessShortNumber":null,"VoteBusinessTitle":null}]},"ID":"22762","Language":"DE","IdMeeting":"1501","VerbalixOid":372526,"SortOrder":12,"Modified":"\/Date(1544535174343)\/"}}