{"d":{"__metadata":{"id":"https://ws.parlament.ch/OData.svc/Subject(ID=22763L,Language='DE')","uri":"https://ws.parlament.ch/OData.svc/Subject(ID=22763L,Language='DE')","type":"itsystems.Pd.DataServices.DataModel.Subject"},"Meetings":{"__metadata":{"id":"https://ws.parlament.ch/OData.svc/Meeting(ID=1501L,Language='DE')","uri":"https://ws.parlament.ch/OData.svc/Meeting(ID=1501L,Language='DE')","type":"itsystems.Pd.DataServices.DataModel.Meeting"},"Sessions":{"__deferred":{"uri":"https://ws.parlament.ch/OData.svc/Meeting(ID=1501L,Language='DE')/Sessions"}},"Subjects":{"__deferred":{"uri":"https://ws.parlament.ch/OData.svc/Meeting(ID=1501L,Language='DE')/Subjects"}},"ID":"1501","Language":"DE","MeetingNumber":12,"IdSession":4901,"SessionNumber":1,"SessionName":"Wintersession 2011","Council":2,"CouncilName":"St\u00e4nderat","CouncilAbbreviation":"SR","Date":"\/Date(1324598400000)\/","Begin":"0815","Modified":"\/Date(1447070256760)\/","LegislativePeriodNumber":49,"PublicationStatus":"final","MeetingOrderText":"Zw\u00f6lfte Sitzung","SortOrder":12,"Location":"S"},"SubjectsBusiness":{"results":[{"__metadata":{"id":"https://ws.parlament.ch/OData.svc/SubjectBusiness(BusinessNumber=20100090,IdSubject=22763L,Language='DE')","uri":"https://ws.parlament.ch/OData.svc/SubjectBusiness(BusinessNumber=20100090,IdSubject=22763L,Language='DE')","type":"itsystems.Pd.DataServices.DataModel.SubjectBusiness"},"Subjects":{"__deferred":{"uri":"https://ws.parlament.ch/OData.svc/SubjectBusiness(BusinessNumber=20100090,IdSubject=22763L,Language='DE')/Subjects"}},"Businesses":{"__deferred":{"uri":"https://ws.parlament.ch/OData.svc/SubjectBusiness(BusinessNumber=20100090,IdSubject=22763L,Language='DE')/Businesses"}},"IdSubject":"22763","BusinessNumber":20100090,"Language":"DE","BusinessShortNumber":"10.090","Title":"F\u00fcr die St\u00e4rkung der Volksrechte in der Aussenpolitik (Staatsvertr\u00e4ge vors Volk!). Volksinitiative","SortOrder":1,"PublishedNotes":"Schlussabstimmung - Vote final\n","Modified":"\/Date(1447069448220)\/","TitleDE":"F\u00fcr die St\u00e4rkung\nder Volksrechte\nin der Aussenpolitik\n(Staatsvertr\u00e4ge\nvors Volk!).\nVolksinitiative","TitleFR":"Pour le renforcement\ndes droits populaires\ndans la politique \u00e9trang\u00e8re\n(Accords internationaux:\nla parole au peuple!).\nInitiative populaire","TitleIT":null}]},"Transcripts":{"results":[{"__metadata":{"id":"https://ws.parlament.ch/OData.svc/Transcript(ID=135631L,Language='DE')","uri":"https://ws.parlament.ch/OData.svc/Transcript(ID=135631L,Language='DE')","type":"itsystems.Pd.DataServices.DataModel.Transcript"},"Subjects":{"__deferred":{"uri":"https://ws.parlament.ch/OData.svc/Transcript(ID=135631L,Language='DE')/Subjects"}},"MembersCouncil":{"__deferred":{"uri":"https://ws.parlament.ch/OData.svc/Transcript(ID=135631L,Language='DE')/MembersCouncil"}},"Businesses":{"__deferred":{"uri":"https://ws.parlament.ch/OData.svc/Transcript(ID=135631L,Language='DE')/Businesses"}},"ID":"135631","Language":"DE","IdSubject":"22763","VoteId":null,"PersonNumber":1256,"Type":1,"Text":"<pd_text><p><b>1. Bundesbeschluss \u00fcber die Volksinitiative \"f\u00fcr die St\u00e4rkung der Volksrechte in der Aussenpolitik (Staatsvertr\u00e4ge vors Volk!)\" </b></p>\n<p><b>1. Arr\u00eat\u00e9 f\u00e9d\u00e9ral concernant l'initiative populaire \"pour le renforcement des droits populaires dans la politique \u00e9trang\u00e8re (Accords internationaux: la parole au peuple!)\" </b></p>\n<p>[VS]</p>\n<p><i>Abstimmung - Vote</i></p>\n<p>F\u00fcr Annahme des Entwurfes ... 36 Stimmen</p>\n<p>Dagegen ... 6 Stimmen</p>\n<p>(1 Enthaltung)</p>\n<p>[PAGE 1307] </p>\n</pd_text>","MeetingCouncilAbbreviation":"S","MeetingDate":"20111223","MeetingVerbalixOid":2148,"IdSession":"4901","SpeakerFirstName":"Hans","SpeakerLastName":"Altherr","SpeakerFullName":"Altherr Hans","SpeakerFunction":"Mit-M","CouncilId":2,"CouncilName":"St\u00e4nderat","CantonId":15,"CantonName":"Appenzell A.-Rh.","CantonAbbreviation":"AR","ParlGroupName":"FDP-Liberale Fraktion","ParlGroupAbbreviation":"RL","SortOrder":1,"Start":"\/Date(1324628627377)\/","End":"\/Date(1324628704703)\/","Function":"P-M","DisplaySpeaker":false,"LanguageOfText":null,"Modified":"\/Date(1544535174327)\/","StartTimeWithTimezone":"\/Date(1324628627377+0060)\/","EndTimeWithTimezone":"\/Date(1324628704703+0060)\/","VoteBusinessNumber":null,"VoteBusinessShortNumber":null,"VoteBusinessTitle":null}]},"ID":"22763","Language":"DE","IdMeeting":"1501","VerbalixOid":372494,"SortOrder":7,"Modified":"\/Date(1544535174327)\/"}}