{"d":{"__metadata":{"id":"https://ws.parlament.ch/OData.svc/Subject(ID=22934L,Language='DE')","uri":"https://ws.parlament.ch/OData.svc/Subject(ID=22934L,Language='DE')","type":"itsystems.Pd.DataServices.DataModel.Subject"},"Meetings":{"__metadata":{"id":"https://ws.parlament.ch/OData.svc/Meeting(ID=1518L,Language='DE')","uri":"https://ws.parlament.ch/OData.svc/Meeting(ID=1518L,Language='DE')","type":"itsystems.Pd.DataServices.DataModel.Meeting"},"Sessions":{"__deferred":{"uri":"https://ws.parlament.ch/OData.svc/Meeting(ID=1518L,Language='DE')/Sessions"}},"Subjects":{"__deferred":{"uri":"https://ws.parlament.ch/OData.svc/Meeting(ID=1518L,Language='DE')/Subjects"}},"ID":"1518","Language":"DE","MeetingNumber":13,"IdSession":4716,"SessionNumber":16,"SessionName":"Fr\u00fchjahrssession 2007","Council":2,"CouncilName":"St\u00e4nderat","CouncilAbbreviation":"SR","Date":"\/Date(1174608000000)\/","Begin":"0800","Modified":"\/Date(1447070262737)\/","LegislativePeriodNumber":47,"PublicationStatus":"final","MeetingOrderText":"Dreizehnte Sitzung","SortOrder":13,"Location":"S"},"SubjectsBusiness":{"results":[{"__metadata":{"id":"https://ws.parlament.ch/OData.svc/SubjectBusiness(BusinessNumber=20060104,IdSubject=22934L,Language='DE')","uri":"https://ws.parlament.ch/OData.svc/SubjectBusiness(BusinessNumber=20060104,IdSubject=22934L,Language='DE')","type":"itsystems.Pd.DataServices.DataModel.SubjectBusiness"},"Subjects":{"__deferred":{"uri":"https://ws.parlament.ch/OData.svc/SubjectBusiness(BusinessNumber=20060104,IdSubject=22934L,Language='DE')/Subjects"}},"Businesses":{"__deferred":{"uri":"https://ws.parlament.ch/OData.svc/SubjectBusiness(BusinessNumber=20060104,IdSubject=22934L,Language='DE')/Businesses"}},"IdSubject":"22934","BusinessNumber":20060104,"Language":"DE","BusinessShortNumber":"06.104","Title":"Ordentliche und nebenamtliche Bundesrichter. Verordnung","SortOrder":1,"PublishedNotes":"Schlussabstimmung - Vote final\n","Modified":"\/Date(1447069296856)\/","TitleDE":"Ordentliche\nund nebenamtliche\nBundesrichter.\nVerordnung","TitleFR":"Juges ordinaires\net juges suppl\u00e9ants\ndu Tribunal f\u00e9d\u00e9ral.\nOrdonnance","TitleIT":null}]},"Transcripts":{"results":[{"__metadata":{"id":"https://ws.parlament.ch/OData.svc/Transcript(ID=137114L,Language='DE')","uri":"https://ws.parlament.ch/OData.svc/Transcript(ID=137114L,Language='DE')","type":"itsystems.Pd.DataServices.DataModel.Transcript"},"Subjects":{"__deferred":{"uri":"https://ws.parlament.ch/OData.svc/Transcript(ID=137114L,Language='DE')/Subjects"}},"MembersCouncil":{"__deferred":{"uri":"https://ws.parlament.ch/OData.svc/Transcript(ID=137114L,Language='DE')/MembersCouncil"}},"Businesses":{"__deferred":{"uri":"https://ws.parlament.ch/OData.svc/Transcript(ID=137114L,Language='DE')/Businesses"}},"ID":"137114","Language":"DE","IdSubject":"22934","VoteId":null,"PersonNumber":277,"Type":1,"Text":"<pd_text><p><b>Verordnung der Bundesversammlung \u00fcber die Taggelder der nebenamtlichen Bundesrichter und Bundesrichterinnen sowie \u00fcber die Verg\u00fctungen f\u00fcr Dienstreisen der Bundesrichter und Bundesrichterinnen </b></p>\n<p><b>Ordonnance de l'Assembl\u00e9e f\u00e9d\u00e9rale concernant les indemnit\u00e9s journali\u00e8res des juges suppl\u00e9ants du Tribunal f\u00e9d\u00e9ral et les indemnit\u00e9s de d\u00e9placement des juges ordinaires et des juges suppl\u00e9ants du Tribunal f\u00e9d\u00e9ral </b></p>\n<p>[VS]</p>\n<p><i>Abstimmung - Vote</i></p>\n<p>F\u00fcr Annahme des Entwurfes .... 43 Stimmen</p>\n<p>(Einstimmigkeit)</p>\n<p>(0 Enthaltungen)</p>\n</pd_text>","MeetingCouncilAbbreviation":"S","MeetingDate":"20070323","MeetingVerbalixOid":1547,"IdSession":"4716","SpeakerFirstName":"Peter","SpeakerLastName":"Bieri","SpeakerFullName":"Bieri Peter","SpeakerFunction":"P-M","CouncilId":2,"CouncilName":"St\u00e4nderat","CantonId":9,"CantonName":"Zug","CantonAbbreviation":"ZG","ParlGroupName":"Christlichdemokratische Fraktion","ParlGroupAbbreviation":"M-E","SortOrder":1,"Start":"\/Date(1174637709177)\/","End":"\/Date(1174637751977)\/","Function":"P-M","DisplaySpeaker":false,"LanguageOfText":null,"Modified":"\/Date(1510850202090)\/","StartTimeWithTimezone":"\/Date(1174637709177+0060)\/","EndTimeWithTimezone":"\/Date(1174637751977+0060)\/","VoteBusinessNumber":null,"VoteBusinessShortNumber":null,"VoteBusinessTitle":null}]},"ID":"22934","Language":"DE","IdMeeting":"1518","VerbalixOid":243549,"SortOrder":14,"Modified":"\/Date(1510850202090)\/"}}