{"d":{"__metadata":{"id":"https://ws.parlament.ch/OData.svc/Subject(ID=22943L,Language='DE')","uri":"https://ws.parlament.ch/OData.svc/Subject(ID=22943L,Language='DE')","type":"itsystems.Pd.DataServices.DataModel.Subject"},"Meetings":{"__metadata":{"id":"https://ws.parlament.ch/OData.svc/Meeting(ID=1519L,Language='DE')","uri":"https://ws.parlament.ch/OData.svc/Meeting(ID=1519L,Language='DE')","type":"itsystems.Pd.DataServices.DataModel.Meeting"},"Sessions":{"__deferred":{"uri":"https://ws.parlament.ch/OData.svc/Meeting(ID=1519L,Language='DE')/Sessions"}},"Subjects":{"__deferred":{"uri":"https://ws.parlament.ch/OData.svc/Meeting(ID=1519L,Language='DE')/Subjects"}},"ID":"1519","Language":"DE","MeetingNumber":9,"IdSession":4716,"SessionNumber":16,"SessionName":"Fr\u00fchjahrssession 2007","Council":2,"CouncilName":"St\u00e4nderat","CouncilAbbreviation":"SR","Date":"\/Date(1174262400000)\/","Begin":"1630","Modified":"\/Date(1447070262953)\/","LegislativePeriodNumber":47,"PublicationStatus":"final","MeetingOrderText":"Neunte Sitzung","SortOrder":9,"Location":"S"},"SubjectsBusiness":{"results":[{"__metadata":{"id":"https://ws.parlament.ch/OData.svc/SubjectBusiness(BusinessNumber=20040083,IdSubject=22943L,Language='DE')","uri":"https://ws.parlament.ch/OData.svc/SubjectBusiness(BusinessNumber=20040083,IdSubject=22943L,Language='DE')","type":"itsystems.Pd.DataServices.DataModel.SubjectBusiness"},"Subjects":{"__deferred":{"uri":"https://ws.parlament.ch/OData.svc/SubjectBusiness(BusinessNumber=20040083,IdSubject=22943L,Language='DE')/Subjects"}},"Businesses":{"__deferred":{"uri":"https://ws.parlament.ch/OData.svc/SubjectBusiness(BusinessNumber=20040083,IdSubject=22943L,Language='DE')/Businesses"}},"IdSubject":"22943","BusinessNumber":20040083,"Language":"DE","BusinessShortNumber":"04.083","Title":"Stromversorgungsgesetz und Elektrizit\u00e4tsgesetz. \u00c4nderung","SortOrder":1,"PublishedNotes":"Differenzen - Divergences\n","Modified":"\/Date(1447069235160)\/","TitleDE":"Stromversorgungsgesetz\nund Elektrizit\u00e4tsgesetz.\n\u00c4nderung","TitleFR":"Loi sur les installations \u00e9lectriques\net loi sur l'approvisionnement\nen \u00e9lectricit\u00e9. Modification","TitleIT":null}]},"Transcripts":{"results":[{"__metadata":{"id":"https://ws.parlament.ch/OData.svc/Transcript(ID=137175L,Language='DE')","uri":"https://ws.parlament.ch/OData.svc/Transcript(ID=137175L,Language='DE')","type":"itsystems.Pd.DataServices.DataModel.Transcript"},"Subjects":{"__deferred":{"uri":"https://ws.parlament.ch/OData.svc/Transcript(ID=137175L,Language='DE')/Subjects"}},"MembersCouncil":{"__deferred":{"uri":"https://ws.parlament.ch/OData.svc/Transcript(ID=137175L,Language='DE')/MembersCouncil"}},"Businesses":{"__deferred":{"uri":"https://ws.parlament.ch/OData.svc/Transcript(ID=137175L,Language='DE')/Businesses"}},"ID":"137175","Language":"DE","IdSubject":"22943","VoteId":null,"PersonNumber":277,"Type":1,"Text":"<pd_text><p><i>Angenommen - Adopt\u00e9</i></p>\n<p>[VS]</p>\n<p><b>Pr\u00e4sident</b> (Bieri Peter, Pr\u00e4sident): Die Vorlage geht damit an die Einigungskonferenz.</p>\n</pd_text>","MeetingCouncilAbbreviation":"S","MeetingDate":"20070319","MeetingVerbalixOid":1543,"IdSession":"4716","SpeakerFirstName":"Peter","SpeakerLastName":"Bieri","SpeakerFullName":"Bieri Peter","SpeakerFunction":"P-M","CouncilId":2,"CouncilName":"St\u00e4nderat","CantonId":9,"CantonName":"Zug","CantonAbbreviation":"ZG","ParlGroupName":"Christlichdemokratische Fraktion","ParlGroupAbbreviation":"M-E","SortOrder":11,"Start":"\/Date(1174322555167)\/","End":"\/Date(1174322565617)\/","Function":"P-M","DisplaySpeaker":false,"LanguageOfText":null,"Modified":"\/Date(1510850200370)\/","StartTimeWithTimezone":"\/Date(1174322555167+0060)\/","EndTimeWithTimezone":"\/Date(1174322565617+0060)\/","VoteBusinessNumber":null,"VoteBusinessShortNumber":null,"VoteBusinessTitle":null},{"__metadata":{"id":"https://ws.parlament.ch/OData.svc/Transcript(ID=137176L,Language='DE')","uri":"https://ws.parlament.ch/OData.svc/Transcript(ID=137176L,Language='DE')","type":"itsystems.Pd.DataServices.DataModel.Transcript"},"Subjects":{"__deferred":{"uri":"https://ws.parlament.ch/OData.svc/Transcript(ID=137176L,Language='DE')/Subjects"}},"MembersCouncil":{"__deferred":{"uri":"https://ws.parlament.ch/OData.svc/Transcript(ID=137176L,Language='DE')/MembersCouncil"}},"Businesses":{"__deferred":{"uri":"https://ws.parlament.ch/OData.svc/Transcript(ID=137176L,Language='DE')/Businesses"}},"ID":"137176","Language":"DE","IdSubject":"22943","VoteId":null,"PersonNumber":195,"Type":1,"Text":"<pd_text><p>Bei Artikel 7a sind der Titel, Absatz 2bis und Absatz 5 Litera d in der Differenz. Es geht hier um die Effizienzmassnahmen. Wir sind nach wie vor der Auffassung, dass die Kantone sich hier selbst bem\u00fchen sollten, Effizienzmassnahmen anzustossen und zu unterst\u00fctzen, und dass sie daf\u00fcr keine Bundesunterst\u00fctzung brauchen. Wir halten hier an unserer Fassung fest.</p>\n<p>Bei Artikel 7a Absatz 2 Litera d schliessen wir uns dem Nationalrat an.</p>\n</pd_text>","MeetingCouncilAbbreviation":"S","MeetingDate":"20070319","MeetingVerbalixOid":1543,"IdSession":"4716","SpeakerFirstName":"Carlo","SpeakerLastName":"Schmid-Sutter","SpeakerFullName":"Schmid-Sutter Carlo","SpeakerFunction":"Mit-M","CouncilId":2,"CouncilName":"St\u00e4nderat","CantonId":16,"CantonName":"Appenzell I.-Rh.","CantonAbbreviation":"AI","ParlGroupName":"Christlichdemokratische Fraktion","ParlGroupAbbreviation":"M-E","SortOrder":10,"Start":"\/Date(1174322496353)\/","End":"\/Date(1174322555167)\/","Function":"*","DisplaySpeaker":true,"LanguageOfText":"DE","Modified":"\/Date(1510850200370)\/","StartTimeWithTimezone":"\/Date(1174322496353+0060)\/","EndTimeWithTimezone":"\/Date(1174322555167+0060)\/","VoteBusinessNumber":null,"VoteBusinessShortNumber":null,"VoteBusinessTitle":null},{"__metadata":{"id":"https://ws.parlament.ch/OData.svc/Transcript(ID=137177L,Language='DE')","uri":"https://ws.parlament.ch/OData.svc/Transcript(ID=137177L,Language='DE')","type":"itsystems.Pd.DataServices.DataModel.Transcript"},"Subjects":{"__deferred":{"uri":"https://ws.parlament.ch/OData.svc/Transcript(ID=137177L,Language='DE')/Subjects"}},"MembersCouncil":{"__deferred":{"uri":"https://ws.parlament.ch/OData.svc/Transcript(ID=137177L,Language='DE')/MembersCouncil"}},"Businesses":{"__deferred":{"uri":"https://ws.parlament.ch/OData.svc/Transcript(ID=137177L,Language='DE')/Businesses"}},"ID":"137177","Language":"DE","IdSubject":"22943","VoteId":null,"PersonNumber":277,"Type":1,"Text":"<pd_text><p><i>Angenommen - Adopt\u00e9</i></p>\n<p>[VS]</p>\n<p><b>\u00c4nderung bisherigen Rechts</b></p>\n<p><b>Modification du droit en vigueur</b></p>\n<p>[VS]</p>\n<p><b>Ziff. 2 Art. 7a </b></p>\n<p><i>Antrag der Kommission</i></p>\n<p><i>Titel, Abs. 2bis, 5 Bst. d</i></p>\n<p>Festhalten</p>\n<p><i>Abs. 2 Bst. d</i></p>\n<p>Zustimmung zum Beschluss des Nationalrates</p>\n<p>[VS]</p>\n<p><b>Ziff. 2 art. 7a</b></p>\n<p><i>Proposition de la commission</i></p>\n<p><i>Titre, al. 2bis, 5 let. d</i></p>\n<p>Maintenir</p>\n<p><i>Al. 2 let. d</i></p>\n<p>Adh\u00e9rer \u00e0 la d\u00e9cision du Conseil national</p>\n</pd_text>","MeetingCouncilAbbreviation":"S","MeetingDate":"20070319","MeetingVerbalixOid":1543,"IdSession":"4716","SpeakerFirstName":"Peter","SpeakerLastName":"Bieri","SpeakerFullName":"Bieri Peter","SpeakerFunction":"P-M","CouncilId":2,"CouncilName":"St\u00e4nderat","CantonId":9,"CantonName":"Zug","CantonAbbreviation":"ZG","ParlGroupName":"Christlichdemokratische Fraktion","ParlGroupAbbreviation":"M-E","SortOrder":9,"Start":"\/Date(1174322476557)\/","End":"\/Date(1174322496353)\/","Function":"P-M","DisplaySpeaker":false,"LanguageOfText":null,"Modified":"\/Date(1510850200370)\/","StartTimeWithTimezone":"\/Date(1174322476557+0060)\/","EndTimeWithTimezone":"\/Date(1174322496353+0060)\/","VoteBusinessNumber":null,"VoteBusinessShortNumber":null,"VoteBusinessTitle":null},{"__metadata":{"id":"https://ws.parlament.ch/OData.svc/Transcript(ID=137178L,Language='DE')","uri":"https://ws.parlament.ch/OData.svc/Transcript(ID=137178L,Language='DE')","type":"itsystems.Pd.DataServices.DataModel.Transcript"},"Subjects":{"__deferred":{"uri":"https://ws.parlament.ch/OData.svc/Transcript(ID=137178L,Language='DE')/Subjects"}},"MembersCouncil":{"__deferred":{"uri":"https://ws.parlament.ch/OData.svc/Transcript(ID=137178L,Language='DE')/MembersCouncil"}},"Businesses":{"__deferred":{"uri":"https://ws.parlament.ch/OData.svc/Transcript(ID=137178L,Language='DE')/Businesses"}},"ID":"137178","Language":"DE","IdSubject":"22943","VoteId":null,"PersonNumber":195,"Type":1,"Text":"<pd_text><p>Wir kommen zu den Umschulungsmassnahmen. Hier halten wir ohne weitere Begr\u00fcndung fest. Umschulungsmassnahmen sind diesen Unternehmungen zuzumuten.</p>\n</pd_text>","MeetingCouncilAbbreviation":"S","MeetingDate":"20070319","MeetingVerbalixOid":1543,"IdSession":"4716","SpeakerFirstName":"Carlo","SpeakerLastName":"Schmid-Sutter","SpeakerFullName":"Schmid-Sutter Carlo","SpeakerFunction":"Mit-M","CouncilId":2,"CouncilName":"St\u00e4nderat","CantonId":16,"CantonName":"Appenzell I.-Rh.","CantonAbbreviation":"AI","ParlGroupName":"Christlichdemokratische Fraktion","ParlGroupAbbreviation":"M-E","SortOrder":8,"Start":"\/Date(1174322446697)\/","End":"\/Date(1174322476557)\/","Function":"*","DisplaySpeaker":true,"LanguageOfText":"DE","Modified":"\/Date(1510850200370)\/","StartTimeWithTimezone":"\/Date(1174322446697+0060)\/","EndTimeWithTimezone":"\/Date(1174322476557+0060)\/","VoteBusinessNumber":null,"VoteBusinessShortNumber":null,"VoteBusinessTitle":null},{"__metadata":{"id":"https://ws.parlament.ch/OData.svc/Transcript(ID=137179L,Language='DE')","uri":"https://ws.parlament.ch/OData.svc/Transcript(ID=137179L,Language='DE')","type":"itsystems.Pd.DataServices.DataModel.Transcript"},"Subjects":{"__deferred":{"uri":"https://ws.parlament.ch/OData.svc/Transcript(ID=137179L,Language='DE')/Subjects"}},"MembersCouncil":{"__deferred":{"uri":"https://ws.parlament.ch/OData.svc/Transcript(ID=137179L,Language='DE')/MembersCouncil"}},"Businesses":{"__deferred":{"uri":"https://ws.parlament.ch/OData.svc/Transcript(ID=137179L,Language='DE')/Businesses"}},"ID":"137179","Language":"DE","IdSubject":"22943","VoteId":null,"PersonNumber":277,"Type":1,"Text":"<pd_text><p><i>Angenommen - Adopt\u00e9</i></p>\n<p>[VS]</p>\n<p><b>Art. 26bis</b></p>\n<p><i>Antrag der Kommission</i></p>\n<p>Festhalten</p>\n<p><i>Proposition de la commission</i></p>\n<p>Maintenir</p>\n</pd_text>","MeetingCouncilAbbreviation":"S","MeetingDate":"20070319","MeetingVerbalixOid":1543,"IdSession":"4716","SpeakerFirstName":"Peter","SpeakerLastName":"Bieri","SpeakerFullName":"Bieri Peter","SpeakerFunction":"P-M","CouncilId":2,"CouncilName":"St\u00e4nderat","CantonId":9,"CantonName":"Zug","CantonAbbreviation":"ZG","ParlGroupName":"Christlichdemokratische Fraktion","ParlGroupAbbreviation":"M-E","SortOrder":7,"Start":"\/Date(1174322409587)\/","End":"\/Date(1174322446697)\/","Function":"P-M","DisplaySpeaker":false,"LanguageOfText":null,"Modified":"\/Date(1510850200370)\/","StartTimeWithTimezone":"\/Date(1174322409587+0060)\/","EndTimeWithTimezone":"\/Date(1174322446697+0060)\/","VoteBusinessNumber":null,"VoteBusinessShortNumber":null,"VoteBusinessTitle":null},{"__metadata":{"id":"https://ws.parlament.ch/OData.svc/Transcript(ID=137180L,Language='DE')","uri":"https://ws.parlament.ch/OData.svc/Transcript(ID=137180L,Language='DE')","type":"itsystems.Pd.DataServices.DataModel.Transcript"},"Subjects":{"__deferred":{"uri":"https://ws.parlament.ch/OData.svc/Transcript(ID=137180L,Language='DE')/Subjects"}},"MembersCouncil":{"__deferred":{"uri":"https://ws.parlament.ch/OData.svc/Transcript(ID=137180L,Language='DE')/MembersCouncil"}},"Businesses":{"__deferred":{"uri":"https://ws.parlament.ch/OData.svc/Transcript(ID=137180L,Language='DE')/Businesses"}},"ID":"137180","Language":"DE","IdSubject":"22943","VoteId":null,"PersonNumber":195,"Type":1,"Text":"<pd_text><p>Das ist eine Art Pi\u00e8ce de R\u00e9sistance der ganzen Differenzbereinigung, diese Frage der ber\u00fchmten B\u00fcndelkunden. Der Nationalrat hat nur mit einer Zufallsmehr von 86 zu 82 Stimmen an seiner Fassung festgehalten. Wir haben an unserer Fassung letztmals einstimmig festgehalten.</p>\n<p>Die Kommission beantragt Ihnen, hier noch einmal festzuhalten. Wir gehen dann damit in die Einigungskonferenz. </p>\n<p>Ich m\u00f6chte Ihnen einfach noch einmal, auch zuhanden des Gewerbes, deutlich machen, dass es sich nicht lohnt, hier einen Glaubenskrieg auszutragen und die ganze Vorlage zu gef\u00e4hrden. Ich wiederhole die Rechnung noch einmal, die ich aufgemacht habe: B\u00fcndelkunden sind m\u00f6glich, wenn sie weniger als 100 Megawattstunden pro Jahr an Leistung [PAGE 211] verbrauchen. 100 Megawattstunden zu einem Satz von 20 Rappen pro Kilowattstunde gibt per Saldo am Ende des Jahres eine Faktura von 20 000 Schweizer Franken. Jetzt braucht es aber mindestens zwei, damit sie B\u00fcndelkunden sein k\u00f6nnen. Also geht es f\u00fcr jeden dieser beiden am Ende des Jahres um 10 000 Franken. Von den 10 000 Franken sind die H\u00e4lfte Netzkosten, die Sie nicht \u00e4ndern k\u00f6nnen. Nur die zweite H\u00e4lfte, 5000 Franken, sind Produktionskosten. Von den 5000 Franken holen Sie 10, 15, 20 Prozent heraus; sagen wir einmal, Sie holen 20 Prozent heraus, dann sind das noch 1000 Franken pro Jahr und Kunde. Dann teilen Sie das noch einmal durch 200 Arbeitstage, und dann haben Sie pro Tag einen F\u00fcnfliber. Das ist die Gr\u00f6ssenordnung. Ob das dann auch f\u00fcr KMU eine matchentscheidende Gr\u00f6sse ist, wage ich bei aller Bescheidenheit zu bezweifeln. Es geht um relativ wenig Geld. Es lohnt sich nicht, hier grosse Veranstaltungen zu machen. </p>\n<p>Angesichts dessen, dass wir hier klipp und klar eine Referendumsdrohung haben, sollten wir hier festhalten. Das ist der einstimmig beschlossene Antrag Ihrer Kommission.</p>\n</pd_text>","MeetingCouncilAbbreviation":"S","MeetingDate":"20070319","MeetingVerbalixOid":1543,"IdSession":"4716","SpeakerFirstName":"Carlo","SpeakerLastName":"Schmid-Sutter","SpeakerFullName":"Schmid-Sutter Carlo","SpeakerFunction":"Mit-M","CouncilId":2,"CouncilName":"St\u00e4nderat","CantonId":16,"CantonName":"Appenzell I.-Rh.","CantonAbbreviation":"AI","ParlGroupName":"Christlichdemokratische Fraktion","ParlGroupAbbreviation":"M-E","SortOrder":6,"Start":"\/Date(1174322238977)\/","End":"\/Date(1174322409587)\/","Function":"*","DisplaySpeaker":true,"LanguageOfText":"DE","Modified":"\/Date(1510850200370)\/","StartTimeWithTimezone":"\/Date(1174322238977+0060)\/","EndTimeWithTimezone":"\/Date(1174322409587+0060)\/","VoteBusinessNumber":null,"VoteBusinessShortNumber":null,"VoteBusinessTitle":null},{"__metadata":{"id":"https://ws.parlament.ch/OData.svc/Transcript(ID=137181L,Language='DE')","uri":"https://ws.parlament.ch/OData.svc/Transcript(ID=137181L,Language='DE')","type":"itsystems.Pd.DataServices.DataModel.Transcript"},"Subjects":{"__deferred":{"uri":"https://ws.parlament.ch/OData.svc/Transcript(ID=137181L,Language='DE')/Subjects"}},"MembersCouncil":{"__deferred":{"uri":"https://ws.parlament.ch/OData.svc/Transcript(ID=137181L,Language='DE')/MembersCouncil"}},"Businesses":{"__deferred":{"uri":"https://ws.parlament.ch/OData.svc/Transcript(ID=137181L,Language='DE')/Businesses"}},"ID":"137181","Language":"DE","IdSubject":"22943","VoteId":null,"PersonNumber":277,"Type":1,"Text":"<pd_text><p><i>Angenommen - Adopt\u00e9</i></p>\n<p>[VS]</p>\n<p><b>Art. 6 Abs. 5</b></p>\n<p><i>Antrag der Kommission</i></p>\n<p>Festhalten</p>\n<p>[VS]</p>\n<p><b>Art. 6 al. 5</b></p>\n<p><i>Proposition de la commission</i></p>\n<p>Maintenir</p>\n</pd_text>","MeetingCouncilAbbreviation":"S","MeetingDate":"20070319","MeetingVerbalixOid":1543,"IdSession":"4716","SpeakerFirstName":"Peter","SpeakerLastName":"Bieri","SpeakerFullName":"Bieri Peter","SpeakerFunction":"P-M","CouncilId":2,"CouncilName":"St\u00e4nderat","CantonId":9,"CantonName":"Zug","CantonAbbreviation":"ZG","ParlGroupName":"Christlichdemokratische Fraktion","ParlGroupAbbreviation":"M-E","SortOrder":5,"Start":"\/Date(1174322216493)\/","End":"\/Date(1174322238977)\/","Function":"P-M","DisplaySpeaker":false,"LanguageOfText":null,"Modified":"\/Date(1510850200370)\/","StartTimeWithTimezone":"\/Date(1174322216493+0060)\/","EndTimeWithTimezone":"\/Date(1174322238977+0060)\/","VoteBusinessNumber":null,"VoteBusinessShortNumber":null,"VoteBusinessTitle":null},{"__metadata":{"id":"https://ws.parlament.ch/OData.svc/Transcript(ID=137182L,Language='DE')","uri":"https://ws.parlament.ch/OData.svc/Transcript(ID=137182L,Language='DE')","type":"itsystems.Pd.DataServices.DataModel.Transcript"},"Subjects":{"__deferred":{"uri":"https://ws.parlament.ch/OData.svc/Transcript(ID=137182L,Language='DE')/Subjects"}},"MembersCouncil":{"__deferred":{"uri":"https://ws.parlament.ch/OData.svc/Transcript(ID=137182L,Language='DE')/MembersCouncil"}},"Businesses":{"__deferred":{"uri":"https://ws.parlament.ch/OData.svc/Transcript(ID=137182L,Language='DE')/Businesses"}},"ID":"137182","Language":"DE","IdSubject":"22943","VoteId":null,"PersonNumber":195,"Type":1,"Text":"<pd_text><p>Bevor ich auf Artikel 5 Absatz 4 eingehe, darf ich noch anmerken, Herr Bundesrat: Sie r\u00fchmen mich jetzt nat\u00fcrlich gefahrlos - es ist die letzte Sessionswoche. <i>(Heiterkeit)</i></p>\n<p>Wenn Sie bei Artikel 5 Absatz 2 der Kommission folgen, m\u00fcssen Sie es auch hier bei Artikel 5 Absatz 4 tun, weil wir den Begriff des \"Siedlungsgebietes\" vermeiden wollen. Das ist auch der Sinn von Absatz 2. Konsequenterweise sollten Sie bei Absatz 4 festhalten.</p>\n</pd_text>","MeetingCouncilAbbreviation":"S","MeetingDate":"20070319","MeetingVerbalixOid":1543,"IdSession":"4716","SpeakerFirstName":"Carlo","SpeakerLastName":"Schmid-Sutter","SpeakerFullName":"Schmid-Sutter Carlo","SpeakerFunction":"Mit-M","CouncilId":2,"CouncilName":"St\u00e4nderat","CantonId":16,"CantonName":"Appenzell I.-Rh.","CantonAbbreviation":"AI","ParlGroupName":"Christlichdemokratische Fraktion","ParlGroupAbbreviation":"M-E","SortOrder":4,"Start":"\/Date(1174322171320)\/","End":"\/Date(1174322216493)\/","Function":"*","DisplaySpeaker":true,"LanguageOfText":"DE","Modified":"\/Date(1510850200370)\/","StartTimeWithTimezone":"\/Date(1174322171320+0060)\/","EndTimeWithTimezone":"\/Date(1174322216493+0060)\/","VoteBusinessNumber":null,"VoteBusinessShortNumber":null,"VoteBusinessTitle":null},{"__metadata":{"id":"https://ws.parlament.ch/OData.svc/Transcript(ID=137183L,Language='DE')","uri":"https://ws.parlament.ch/OData.svc/Transcript(ID=137183L,Language='DE')","type":"itsystems.Pd.DataServices.DataModel.Transcript"},"Subjects":{"__deferred":{"uri":"https://ws.parlament.ch/OData.svc/Transcript(ID=137183L,Language='DE')/Subjects"}},"MembersCouncil":{"__deferred":{"uri":"https://ws.parlament.ch/OData.svc/Transcript(ID=137183L,Language='DE')/MembersCouncil"}},"Businesses":{"__deferred":{"uri":"https://ws.parlament.ch/OData.svc/Transcript(ID=137183L,Language='DE')/Businesses"}},"ID":"137183","Language":"DE","IdSubject":"22943","VoteId":null,"PersonNumber":134,"Type":1,"Text":"<pd_text><p>Ich meine, angesichts des einstimmigen Antrages einer Kommission sollte ein Bundesrat weder einen Gegenantrag stellen - das w\u00e4re irgendwie unbotm\u00e4ssig -, noch sollte er das unterst\u00fctzen, was die Kommission will. Er kann dem Kommissionspr\u00e4sidenten in seiner Argumentation ohnehin nicht das Wasser reichen. <i>(Heiterkeit)</i></p>\n</pd_text>","MeetingCouncilAbbreviation":"S","MeetingDate":"20070319","MeetingVerbalixOid":1543,"IdSession":"4716","SpeakerFirstName":"Moritz","SpeakerLastName":"Leuenberger","SpeakerFullName":"Leuenberger Moritz","SpeakerFunction":"BR-M","CouncilId":99,"CouncilName":"Bundesrat","CantonId":1,"CantonName":"Z\u00fcrich","CantonAbbreviation":"ZH","ParlGroupName":null,"ParlGroupAbbreviation":null,"SortOrder":3,"Start":"\/Date(1174322130960)\/","End":"\/Date(1174322161417)\/","Function":"BR-M","DisplaySpeaker":true,"LanguageOfText":"DE","Modified":"\/Date(1510850200370)\/","StartTimeWithTimezone":"\/Date(1174322130960+0060)\/","EndTimeWithTimezone":"\/Date(1174322161417+0060)\/","VoteBusinessNumber":null,"VoteBusinessShortNumber":null,"VoteBusinessTitle":null},{"__metadata":{"id":"https://ws.parlament.ch/OData.svc/Transcript(ID=137184L,Language='DE')","uri":"https://ws.parlament.ch/OData.svc/Transcript(ID=137184L,Language='DE')","type":"itsystems.Pd.DataServices.DataModel.Transcript"},"Subjects":{"__deferred":{"uri":"https://ws.parlament.ch/OData.svc/Transcript(ID=137184L,Language='DE')/Subjects"}},"MembersCouncil":{"__deferred":{"uri":"https://ws.parlament.ch/OData.svc/Transcript(ID=137184L,Language='DE')/MembersCouncil"}},"Businesses":{"__deferred":{"uri":"https://ws.parlament.ch/OData.svc/Transcript(ID=137184L,Language='DE')/Businesses"}},"ID":"137184","Language":"DE","IdSubject":"22943","VoteId":null,"PersonNumber":195,"Type":1,"Text":"<pd_text><p>Ich m\u00f6chte Artikel 5 Abs\u00e4tze 2 und 4 zusammennehmen, da sie inhaltlich zusammengeh\u00f6ren. Es geht hier um die Frage, ob als Versorgungsgebiet das Siedlungsgebiet oder die Bauzone bezeichnet werden soll. Die Kommission m\u00f6chte den Begriff des Siedlungsgebietes nach wie vor vermeiden: Er ist bundesrechtlich nicht definiert; er bezeichnet ein Gebiet, das gr\u00f6sser ist als die Bauzone, aber keine inhaltliche bundesrechtliche Ausgestaltung hat.</p>\n<p>Der Nationalrat m\u00f6chte die Anschlusspflicht \u00fcber die Bauzone hinaus ausdehnen. Diesem Ziel k\u00f6nnen wir uns nicht v\u00f6llig verschliessen, sodass wir nun versuchen, in Artikel 5 Absatz 2 mit einer neuen Formulierung unter der Vermeidung des Begriffes des Siedlungsgebietes das Versorgungsgebiet so einzugrenzen, dass es nach unserer Auffassung Sinn macht. Das Versorgungsgebiet umfasst die Bauzone, dar\u00fcber hinaus aber auch ganzj\u00e4hrig bewohnte Liegenschaften sowie ganze Siedlungen ausserhalb der Bauzone. Konsequenterweise m\u00fcssten wir dann bei Absatz 4 an unserer Fassung festhalten, da wir den Begriff des Siedlungsgebietes nicht ben\u00fctzen.</p>\n<p>Die Kommission beantragt Ihnen einstimmig, diese formale Differenz zu beschliessen.</p>\n</pd_text>","MeetingCouncilAbbreviation":"S","MeetingDate":"20070319","MeetingVerbalixOid":1543,"IdSession":"4716","SpeakerFirstName":"Carlo","SpeakerLastName":"Schmid-Sutter","SpeakerFullName":"Schmid-Sutter Carlo","SpeakerFunction":"Mit-M","CouncilId":2,"CouncilName":"St\u00e4nderat","CantonId":16,"CantonName":"Appenzell I.-Rh.","CantonAbbreviation":"AI","ParlGroupName":"Christlichdemokratische Fraktion","ParlGroupAbbreviation":"M-E","SortOrder":2,"Start":"\/Date(1174321999400)\/","End":"\/Date(1174322103697)\/","Function":"*","DisplaySpeaker":true,"LanguageOfText":"DE","Modified":"\/Date(1510850200357)\/","StartTimeWithTimezone":"\/Date(1174321999400+0060)\/","EndTimeWithTimezone":"\/Date(1174322103697+0060)\/","VoteBusinessNumber":null,"VoteBusinessShortNumber":null,"VoteBusinessTitle":null},{"__metadata":{"id":"https://ws.parlament.ch/OData.svc/Transcript(ID=137185L,Language='DE')","uri":"https://ws.parlament.ch/OData.svc/Transcript(ID=137185L,Language='DE')","type":"itsystems.Pd.DataServices.DataModel.Transcript"},"Subjects":{"__deferred":{"uri":"https://ws.parlament.ch/OData.svc/Transcript(ID=137185L,Language='DE')/Subjects"}},"MembersCouncil":{"__deferred":{"uri":"https://ws.parlament.ch/OData.svc/Transcript(ID=137185L,Language='DE')/MembersCouncil"}},"Businesses":{"__deferred":{"uri":"https://ws.parlament.ch/OData.svc/Transcript(ID=137185L,Language='DE')/Businesses"}},"ID":"137185","Language":"DE","IdSubject":"22943","VoteId":null,"PersonNumber":277,"Type":1,"Text":"<pd_text><p><b>2. Stromversorgungsgesetz </b></p>\n<p><b>2. Loi sur l'approvisionnement en \u00e9lectricit\u00e9 </b></p>\n<p>[VS]</p>\n<p><b>Art. 5</b></p>\n<p><i>Antrag der Kommission</i></p>\n<p><i>Abs. 2</i></p>\n<p>.... innerhalb der Bauzone und ganzj\u00e4hrig bewohnte Liegenschaften und Siedlungen ausserhalb der Bauzone sowie ....</p>\n<p><i>Abs. 4</i></p>\n<p>Festhalten</p>\n<p>[VS]</p>\n<p><b>Art. 5</b></p>\n<p><i>Proposition de la commission</i></p>\n<p><i>Al. 2</i></p>\n<p>.... se trouvant en zone \u00e0 b\u00e2tir ainsi que les propri\u00e9t\u00e9s et les ensembles d'habitation habit\u00e9s \u00e0 l'ann\u00e9e et situ\u00e9s en dehors de la zone \u00e0 b\u00e2tir et tous ....</p>\n<p><i>Al. 4</i></p>\n<p>Maintenir</p>\n</pd_text>","MeetingCouncilAbbreviation":"S","MeetingDate":"20070319","MeetingVerbalixOid":1543,"IdSession":"4716","SpeakerFirstName":"Peter","SpeakerLastName":"Bieri","SpeakerFullName":"Bieri Peter","SpeakerFunction":"P-M","CouncilId":2,"CouncilName":"St\u00e4nderat","CantonId":9,"CantonName":"Zug","CantonAbbreviation":"ZG","ParlGroupName":"Christlichdemokratische Fraktion","ParlGroupAbbreviation":"M-E","SortOrder":1,"Start":"\/Date(1174321888150)\/","End":"\/Date(1174321999400)\/","Function":"P-M","DisplaySpeaker":false,"LanguageOfText":null,"Modified":"\/Date(1510850200357)\/","StartTimeWithTimezone":"\/Date(1174321888150+0060)\/","EndTimeWithTimezone":"\/Date(1174321999400+0060)\/","VoteBusinessNumber":null,"VoteBusinessShortNumber":null,"VoteBusinessTitle":null}]},"ID":"22943","Language":"DE","IdMeeting":"1519","VerbalixOid":241454,"SortOrder":2,"Modified":"\/Date(1510850200357)\/"}}