{"d":{"__metadata":{"id":"https://ws.parlament.ch/OData.svc/Subject(ID=22965L,Language='DE')","uri":"https://ws.parlament.ch/OData.svc/Subject(ID=22965L,Language='DE')","type":"itsystems.Pd.DataServices.DataModel.Subject"},"Meetings":{"__metadata":{"id":"https://ws.parlament.ch/OData.svc/Meeting(ID=1520L,Language='DE')","uri":"https://ws.parlament.ch/OData.svc/Meeting(ID=1520L,Language='DE')","type":"itsystems.Pd.DataServices.DataModel.Meeting"},"Sessions":{"__deferred":{"uri":"https://ws.parlament.ch/OData.svc/Meeting(ID=1520L,Language='DE')/Sessions"}},"Subjects":{"__deferred":{"uri":"https://ws.parlament.ch/OData.svc/Meeting(ID=1520L,Language='DE')/Subjects"}},"ID":"1520","Language":"DE","MeetingNumber":10,"IdSession":4713,"SessionNumber":13,"SessionName":"Sommersession 2006","Council":2,"CouncilName":"St\u00e4nderat","CouncilAbbreviation":"SR","Date":"\/Date(1150761600000)\/","Begin":"0800","Modified":"\/Date(1447070263490)\/","LegislativePeriodNumber":47,"PublicationStatus":"final","MeetingOrderText":"Zehnte Sitzung","SortOrder":10,"Location":"S"},"SubjectsBusiness":{"results":[{"__metadata":{"id":"https://ws.parlament.ch/OData.svc/SubjectBusiness(BusinessNumber=19980458,IdSubject=22965L,Language='DE')","uri":"https://ws.parlament.ch/OData.svc/SubjectBusiness(BusinessNumber=19980458,IdSubject=22965L,Language='DE')","type":"itsystems.Pd.DataServices.DataModel.SubjectBusiness"},"Subjects":{"__deferred":{"uri":"https://ws.parlament.ch/OData.svc/SubjectBusiness(BusinessNumber=19980458,IdSubject=22965L,Language='DE')/Subjects"}},"Businesses":{"__deferred":{"uri":"https://ws.parlament.ch/OData.svc/SubjectBusiness(BusinessNumber=19980458,IdSubject=22965L,Language='DE')/Businesses"}},"IdSubject":"22965","BusinessNumber":19980458,"Language":"DE","BusinessShortNumber":"98.458","Title":"Wohneigentumsf\u00f6rderung","SortOrder":1,"PublishedNotes":"Abschreibung - Classement\n","Modified":"\/Date(1447069088296)\/","TitleDE":"Parlamentarische Initiative\nMaissen Theo.\nWohneigentumsf\u00f6rderung","TitleFR":"Initiative parlementaire\nMaissen Theo.\nLogement. Encourager\nl'accession \u00e0 la propri\u00e9t\u00e9","TitleIT":null},{"__metadata":{"id":"https://ws.parlament.ch/OData.svc/SubjectBusiness(BusinessNumber=19990413,IdSubject=22965L,Language='DE')","uri":"https://ws.parlament.ch/OData.svc/SubjectBusiness(BusinessNumber=19990413,IdSubject=22965L,Language='DE')","type":"itsystems.Pd.DataServices.DataModel.SubjectBusiness"},"Subjects":{"__deferred":{"uri":"https://ws.parlament.ch/OData.svc/SubjectBusiness(BusinessNumber=19990413,IdSubject=22965L,Language='DE')/Subjects"}},"Businesses":{"__deferred":{"uri":"https://ws.parlament.ch/OData.svc/SubjectBusiness(BusinessNumber=19990413,IdSubject=22965L,Language='DE')/Businesses"}},"IdSubject":"22965","BusinessNumber":19990413,"Language":"DE","BusinessShortNumber":"99.413","Title":"Besteuerung des Eigenmietwertes. Neuregelung","SortOrder":2,"PublishedNotes":"Abschreibung - Classement\n","Modified":"\/Date(1447069097670)\/","TitleDE":"Parlamentarische Initiative\nBisig Hans.\nBesteuerung des Eigenmietwertes.\nNeuregelung","TitleFR":"Initiative parlementaire\nBisig Hans.\nImposition de la valeur locative.\nNouvelle r\u00e9glementation","TitleIT":null},{"__metadata":{"id":"https://ws.parlament.ch/OData.svc/SubjectBusiness(BusinessNumber=19990417,IdSubject=22965L,Language='DE')","uri":"https://ws.parlament.ch/OData.svc/SubjectBusiness(BusinessNumber=19990417,IdSubject=22965L,Language='DE')","type":"itsystems.Pd.DataServices.DataModel.SubjectBusiness"},"Subjects":{"__deferred":{"uri":"https://ws.parlament.ch/OData.svc/SubjectBusiness(BusinessNumber=19990417,IdSubject=22965L,Language='DE')/Subjects"}},"Businesses":{"__deferred":{"uri":"https://ws.parlament.ch/OData.svc/SubjectBusiness(BusinessNumber=19990417,IdSubject=22965L,Language='DE')/Businesses"}},"IdSubject":"22965","BusinessNumber":19990417,"Language":"DE","BusinessShortNumber":"99.417","Title":"Ber\u00fccksichtigung der berufsbedingten Kinderbetreuungskosten","SortOrder":3,"PublishedNotes":"Abschreibung - Classement\n","Modified":"\/Date(1447069097746)\/","TitleDE":"Parlamentarische Initiative\nSpoerry Vreni.\nBer\u00fccksichtigung\nder berufsbedingten\nKinderbetreuungskosten","TitleFR":"Initiative parlementaire\nSpoerry Vreni.\nPrise en consid\u00e9ration\ndes frais de garde d'enfants\ndus \u00e0 la profession","TitleIT":null},{"__metadata":{"id":"https://ws.parlament.ch/OData.svc/SubjectBusiness(BusinessNumber=19993066,IdSubject=22965L,Language='DE')","uri":"https://ws.parlament.ch/OData.svc/SubjectBusiness(BusinessNumber=19993066,IdSubject=22965L,Language='DE')","type":"itsystems.Pd.DataServices.DataModel.SubjectBusiness"},"Subjects":{"__deferred":{"uri":"https://ws.parlament.ch/OData.svc/SubjectBusiness(BusinessNumber=19993066,IdSubject=22965L,Language='DE')/Subjects"}},"Businesses":{"__deferred":{"uri":"https://ws.parlament.ch/OData.svc/SubjectBusiness(BusinessNumber=19993066,IdSubject=22965L,Language='DE')/Businesses"}},"IdSubject":"22965","BusinessNumber":19993066,"Language":"DE","BusinessShortNumber":"99.3066","Title":"Besteuerung von Wohneigentum. Systemwechsel","SortOrder":4,"PublishedNotes":null,"Modified":"\/Date(1447069101136)\/","TitleDE":"Motion\nfreisinnig-demokratische Fraktion.\nBesteuerung von Wohneigentum.\nSystemwechsel","TitleFR":"Motion\ngroupe radical-d\u00e9mocratique.\nPropri\u00e9t\u00e9 du logement.\nChanger de syst\u00e8me d'imposition","TitleIT":null}]},"Transcripts":{"results":[{"__metadata":{"id":"https://ws.parlament.ch/OData.svc/Transcript(ID=137312L,Language='DE')","uri":"https://ws.parlament.ch/OData.svc/Transcript(ID=137312L,Language='DE')","type":"itsystems.Pd.DataServices.DataModel.Transcript"},"Subjects":{"__deferred":{"uri":"https://ws.parlament.ch/OData.svc/Transcript(ID=137312L,Language='DE')/Subjects"}},"MembersCouncil":{"__deferred":{"uri":"https://ws.parlament.ch/OData.svc/Transcript(ID=137312L,Language='DE')/MembersCouncil"}},"Businesses":{"__deferred":{"uri":"https://ws.parlament.ch/OData.svc/Transcript(ID=137312L,Language='DE')/Businesses"}},"ID":"137312","Language":"DE","IdSubject":"22965","VoteId":null,"PersonNumber":37,"Type":1,"Text":"<pd_text><p><b>98.458; 99.413; 99.417</b></p>\n<p><i>Abgeschrieben - Class\u00e9</i></p>\n<p>[VS]</p>\n<p><b>99.3066</b></p>\n<p><i>Abgelehnt - Rejet\u00e9</i></p>\n</pd_text>","MeetingCouncilAbbreviation":"S","MeetingDate":"20060620","MeetingVerbalixOid":1456,"IdSession":"4713","SpeakerFirstName":"Rolf","SpeakerLastName":"B\u00fcttiker","SpeakerFullName":"B\u00fcttiker Rolf","SpeakerFunction":"P-M","CouncilId":2,"CouncilName":"St\u00e4nderat","CantonId":11,"CantonName":"Solothurn","CantonAbbreviation":"SO","ParlGroupName":"Freisinnig-demokratische Fraktion","ParlGroupAbbreviation":"RL","SortOrder":3,"Start":"\/Date(1150790690120)\/","End":"\/Date(1150790722087)\/","Function":"P-M","DisplaySpeaker":false,"LanguageOfText":null,"Modified":"\/Date(1510850192557)\/","StartTimeWithTimezone":"\/Date(1150790690120+0120)\/","EndTimeWithTimezone":"\/Date(1150790722087+0120)\/","VoteBusinessNumber":null,"VoteBusinessShortNumber":null,"VoteBusinessTitle":null},{"__metadata":{"id":"https://ws.parlament.ch/OData.svc/Transcript(ID=137313L,Language='DE')","uri":"https://ws.parlament.ch/OData.svc/Transcript(ID=137313L,Language='DE')","type":"itsystems.Pd.DataServices.DataModel.Transcript"},"Subjects":{"__deferred":{"uri":"https://ws.parlament.ch/OData.svc/Transcript(ID=137313L,Language='DE')/Subjects"}},"MembersCouncil":{"__deferred":{"uri":"https://ws.parlament.ch/OData.svc/Transcript(ID=137313L,Language='DE')/MembersCouncil"}},"Businesses":{"__deferred":{"uri":"https://ws.parlament.ch/OData.svc/Transcript(ID=137313L,Language='DE')/Businesses"}},"ID":"137313","Language":"DE","IdSubject":"22965","VoteId":null,"PersonNumber":275,"Type":1,"Text":"<pd_text><p>Wir brauchen hier keine grossen Worte zu verlieren betreffend Wohneigentumsf\u00f6rderung und die Art der Besteuerung des Eigenmietwertes. Die Diskussionen haben wir im Zusammenhang mit dem Steuerpaket gef\u00fchrt. Ich selber sehe aufgrund der Ausgangslage ein, dass der Antrag der Kommission verst\u00e4ndlich ist, aber ich m\u00f6chte doch festhalten, dass f\u00fcr mich das Thema so nicht erledigt ist. Die ganze Frage der Besteuerung des Eigenmietwertes ist nach wie vor problematisch. Wir sind, glaube ich, auch bald das einzige Land, das diese Art der Besteuerung kennt, und wir m\u00fcssen in irgendeiner Form wieder an dieses Problem herangehen.</p>\n<p>Ich selber bedaure es, dass wir beim Steuerpaket das Fuder \u00fcberladen haben, zuletzt noch in der Einigungskonferenz. Aber ich m\u00f6chte hier doch festhalten, dass aus meiner Sicht die Frage der Besteuerung des Eigenmietwertes noch nicht vom Tisch ist.</p>\n</pd_text>","MeetingCouncilAbbreviation":"S","MeetingDate":"20060620","MeetingVerbalixOid":1456,"IdSession":"4713","SpeakerFirstName":"Theo","SpeakerLastName":"Maissen","SpeakerFullName":"Maissen Theo","SpeakerFunction":"Mit-M","CouncilId":2,"CouncilName":"St\u00e4nderat","CantonId":18,"CantonName":"Graub\u00fcnden","CantonAbbreviation":"GR","ParlGroupName":"Christlichdemokratische Fraktion","ParlGroupAbbreviation":"M-E","SortOrder":2,"Start":"\/Date(1150790606683)\/","End":"\/Date(1150790690120)\/","Function":"*","DisplaySpeaker":true,"LanguageOfText":"DE","Modified":"\/Date(1510850192543)\/","StartTimeWithTimezone":"\/Date(1150790606683+0120)\/","EndTimeWithTimezone":"\/Date(1150790690120+0120)\/","VoteBusinessNumber":null,"VoteBusinessShortNumber":null,"VoteBusinessTitle":null},{"__metadata":{"id":"https://ws.parlament.ch/OData.svc/Transcript(ID=137314L,Language='DE')","uri":"https://ws.parlament.ch/OData.svc/Transcript(ID=137314L,Language='DE')","type":"itsystems.Pd.DataServices.DataModel.Transcript"},"Subjects":{"__deferred":{"uri":"https://ws.parlament.ch/OData.svc/Transcript(ID=137314L,Language='DE')/Subjects"}},"MembersCouncil":{"__deferred":{"uri":"https://ws.parlament.ch/OData.svc/Transcript(ID=137314L,Language='DE')/MembersCouncil"}},"Businesses":{"__deferred":{"uri":"https://ws.parlament.ch/OData.svc/Transcript(ID=137314L,Language='DE')/Businesses"}},"ID":"137314","Language":"DE","IdSubject":"22965","VoteId":null,"PersonNumber":37,"Type":1,"Text":"<pd_text><p>Es liegt ein schriftlicher Bericht der Kommission vor. Sie beantragt, die Initiativen abzuschreiben und die Motion abzulehnen.</p>\n</pd_text>","MeetingCouncilAbbreviation":"S","MeetingDate":"20060620","MeetingVerbalixOid":1456,"IdSession":"4713","SpeakerFirstName":"Rolf","SpeakerLastName":"B\u00fcttiker","SpeakerFullName":"B\u00fcttiker Rolf","SpeakerFunction":"P-M","CouncilId":2,"CouncilName":"St\u00e4nderat","CantonId":11,"CantonName":"Solothurn","CantonAbbreviation":"SO","ParlGroupName":"Freisinnig-demokratische Fraktion","ParlGroupAbbreviation":"RL","SortOrder":1,"Start":"\/Date(1150790568730)\/","End":"\/Date(1150790606683)\/","Function":"P-M","DisplaySpeaker":true,"LanguageOfText":"DE","Modified":"\/Date(1510850192543)\/","StartTimeWithTimezone":"\/Date(1150790568730+0120)\/","EndTimeWithTimezone":"\/Date(1150790606683+0120)\/","VoteBusinessNumber":null,"VoteBusinessShortNumber":null,"VoteBusinessTitle":null}]},"ID":"22965","Language":"DE","IdMeeting":"1520","VerbalixOid":225061,"SortOrder":3,"Modified":"\/Date(1510850192543)\/"}}