{"d":{"__metadata":{"id":"https://ws.parlament.ch/OData.svc/Subject(ID=23251L,Language='DE')","uri":"https://ws.parlament.ch/OData.svc/Subject(ID=23251L,Language='DE')","type":"itsystems.Pd.DataServices.DataModel.Subject"},"Meetings":{"__metadata":{"id":"https://ws.parlament.ch/OData.svc/Meeting(ID=1525L,Language='DE')","uri":"https://ws.parlament.ch/OData.svc/Meeting(ID=1525L,Language='DE')","type":"itsystems.Pd.DataServices.DataModel.Meeting"},"Sessions":{"__deferred":{"uri":"https://ws.parlament.ch/OData.svc/Meeting(ID=1525L,Language='DE')/Sessions"}},"Subjects":{"__deferred":{"uri":"https://ws.parlament.ch/OData.svc/Meeting(ID=1525L,Language='DE')/Subjects"}},"ID":"1525","Language":"DE","MeetingNumber":10,"IdSession":4713,"SessionNumber":13,"SessionName":"Sommersession 2006","Council":1,"CouncilName":"Nationalrat","CouncilAbbreviation":"NR","Date":"\/Date(1150675200000)\/","Begin":"1430","Modified":"\/Date(1447070266827)\/","LegislativePeriodNumber":47,"PublicationStatus":"final","MeetingOrderText":"Zehnte Sitzung","SortOrder":10,"Location":"N"},"SubjectsBusiness":{"results":[{"__metadata":{"id":"https://ws.parlament.ch/OData.svc/SubjectBusiness(BusinessNumber=20050072,IdSubject=23251L,Language='DE')","uri":"https://ws.parlament.ch/OData.svc/SubjectBusiness(BusinessNumber=20050072,IdSubject=23251L,Language='DE')","type":"itsystems.Pd.DataServices.DataModel.SubjectBusiness"},"Subjects":{"__deferred":{"uri":"https://ws.parlament.ch/OData.svc/SubjectBusiness(BusinessNumber=20050072,IdSubject=23251L,Language='DE')/Subjects"}},"Businesses":{"__deferred":{"uri":"https://ws.parlament.ch/OData.svc/SubjectBusiness(BusinessNumber=20050072,IdSubject=23251L,Language='DE')/Businesses"}},"IdSubject":"23251","BusinessNumber":20050072,"Language":"DE","BusinessShortNumber":"05.072","Title":"Kollektivanlagengesetz","SortOrder":1,"PublishedNotes":"Differenzen - Divergences\n","Modified":"\/Date(1447069264656)\/","TitleDE":"Kollektivanlagengesetz","TitleFR":"Loi sur les placements collectifs","TitleIT":null}]},"Transcripts":{"results":[{"__metadata":{"id":"https://ws.parlament.ch/OData.svc/Transcript(ID=137911L,Language='DE')","uri":"https://ws.parlament.ch/OData.svc/Transcript(ID=137911L,Language='DE')","type":"itsystems.Pd.DataServices.DataModel.Transcript"},"Subjects":{"__deferred":{"uri":"https://ws.parlament.ch/OData.svc/Transcript(ID=137911L,Language='DE')/Subjects"}},"MembersCouncil":{"__deferred":{"uri":"https://ws.parlament.ch/OData.svc/Transcript(ID=137911L,Language='DE')/MembersCouncil"}},"Businesses":{"__deferred":{"uri":"https://ws.parlament.ch/OData.svc/Transcript(ID=137911L,Language='DE')/Businesses"}},"ID":"137911","Language":"DE","IdSubject":"23251","VoteId":null,"PersonNumber":316,"Type":1,"Text":"<pd_text><p>Auch dieses Gesch\u00e4ft geht noch einmal zur\u00fcck an den St\u00e4nderat.</p>\n</pd_text>","MeetingCouncilAbbreviation":"N","MeetingDate":"20060619","MeetingVerbalixOid":1441,"IdSession":"4713","SpeakerFirstName":"Christine","SpeakerLastName":"Egerszegi-Obrist","SpeakerFullName":"Egerszegi-Obrist Christine","SpeakerFunction":"1VP-F","CouncilId":1,"CouncilName":"Nationalrat","CantonId":19,"CantonName":"Aargau","CantonAbbreviation":"AG","ParlGroupName":"Freisinnig-demokratische Fraktion","ParlGroupAbbreviation":"RL","SortOrder":6,"Start":"\/Date(1150741578924)\/","End":"\/Date(1150741606674)\/","Function":"1VP-F","DisplaySpeaker":true,"LanguageOfText":"DE","Modified":"\/Date(1774877979756)\/","StartTimeWithTimezone":"\/Date(1150741578923+0120)\/","EndTimeWithTimezone":"\/Date(1150741606673+0120)\/","VoteBusinessNumber":null,"VoteBusinessShortNumber":null,"VoteBusinessTitle":null},{"__metadata":{"id":"https://ws.parlament.ch/OData.svc/Transcript(ID=137912L,Language='DE')","uri":"https://ws.parlament.ch/OData.svc/Transcript(ID=137912L,Language='DE')","type":"itsystems.Pd.DataServices.DataModel.Transcript"},"Subjects":{"__deferred":{"uri":"https://ws.parlament.ch/OData.svc/Transcript(ID=137912L,Language='DE')/Subjects"}},"MembersCouncil":{"__deferred":{"uri":"https://ws.parlament.ch/OData.svc/Transcript(ID=137912L,Language='DE')/MembersCouncil"}},"Businesses":{"__deferred":{"uri":"https://ws.parlament.ch/OData.svc/Transcript(ID=137912L,Language='DE')/Businesses"}},"ID":"137912","Language":"DE","IdSubject":"23251","VoteId":null,"PersonNumber":null,"Type":3,"Text":"<pd_text><p><b>Pr\u00e4sidentin </b>(Egerszegi-Obrist Christine, erste Vizepr\u00e4sidentin): Herr Bundesrat Merz verzichtet auf das Wort.</p>\n<p>[VS]</p>\n<p><b>Art. 12 Abs. 1, 1bis</b></p>\n<p><i>Antrag der Kommission</i></p>\n<p>Zustimmung zum Beschluss des St\u00e4nderates</p>\n<p>[VS]</p>\n<p><b>Art. 12 al. 1, 1bis</b></p>\n<p><i>Proposition de la commission</i></p>\n<p>Adh\u00e9rer \u00e0 la d\u00e9cision du Conseil des Etats</p>\n<p>[VS]</p>\n<p><i>Angenommen - Adopt\u00e9</i></p>\n<p>[VS]</p>\n<p><b>Art. 13</b></p>\n<p><i>Antrag der Kommission</i></p>\n<p><i>Abs. 2 Bst. fbis</i></p>\n<p>fbis. der Vertriebstr\u00e4ger;</p>\n<p><i>Abs. 3</i></p>\n<p>.... und -verwalter, Vertriebstr\u00e4ger sowie ....</p>\n<p>[VS]</p>\n<p><b>Art. 13 </b></p>\n<p><i>Proposition de la commission</i></p>\n<p><i>Al. 2 let. fbis</i></p>\n<p>fbis. le distributeur;</p>\n<p><i>Al. 3</i></p>\n<p>.... de fortune, les distributeurs ainsi que les ....</p>\n<p>[VS]</p>\n<p><i>Angenommen - Adopt\u00e9</i></p>\n<p>[VS]</p>\n<p><b>3. Abschnitt Titel</b></p>\n<p><i>Antrag der Kommission</i></p>\n<p>Vertriebstr\u00e4ger</p>\n<p>[VS]</p>\n<p><b>Section 3 titre</b></p>\n<p><i>Proposition de la commission</i></p>\n<p>Les distributeurs</p>\n<p>[VS]</p>\n<p><i>Angenommen - Adopt\u00e9</i></p>\n<p>[VS]</p>\n<p><b>Art. 18a</b></p>\n<p><i>Antrag der Kommission</i></p>\n<p><i>Abs. 1</i></p>\n<p>Wer gewerbsm\u00e4ssig Anteile einer kollektiven Kapitalanlage anbietet oder vertreibt, bedarf dazu einer Bewilligung der Aufsichtsbeh\u00f6rde.</p>\n<p><i>Abs. 2</i></p>\n<p>Der Bundesrat legt die Bewilligungsvoraussetzungen fest.</p>\n<p><i>Abs. 3</i></p>\n<p>Er kann die Bewilligung insbesondere von ausreichenden finanziellen und beruflichen Garantien der Vertriebstr\u00e4ger abh\u00e4ngig machen.</p>\n<p><i>Abs. 4</i></p>\n<p>Er kann Vertriebstr\u00e4ger, die bereits einer anderen staatlichen Aufsicht unterstehen, von der Bewilligungspflicht befreien.</p>\n<p>[VS]</p>\n<p><b>Art. 18a</b></p>\n<p><i>Proposition de la commission</i></p>\n<p><i>Al. 1</i></p>\n<p>Quiconque propose ou distribue des parts d'un placement collectif de capitaux \u00e0 titre professionnel doit y \u00eatre autoris\u00e9 par l'autorit\u00e9 de surveillance.</p>\n<p><i>Al. 2</i></p>\n<p>Le Conseil f\u00e9d\u00e9ral fixe les conditions requises pour l'octroi de l'autorisation.</p>\n<p><i>Al. 3</i></p>\n<p>Il peut faire d\u00e9pendre l'octroi de l'autorisation de garanties suffisantes, notamment financi\u00e8res et professionnelles du distributeur.</p>\n<p><i>Al. 4</i></p>\n<p>Il peut lib\u00e9rer de l'obligation d'obtenir une autorisation les distributeurs soumis \u00e0 une autre surveillance de l'Etat.</p>\n<p>[VS]</p>\n<p><i>Angenommen - Adopt\u00e9</i></p>\n<p>[VS]</p>\n<p><b>Art. 23</b></p>\n<p><i>Antrag der Kommission</i></p>\n<p>Zustimmung zum Beschluss des St\u00e4nderates</p>\n<p><i>Proposition de la commission</i></p>\n<p>Adh\u00e9rer \u00e0 la d\u00e9cision du Conseil des Etats</p>\n<p>[VS]</p>\n<p><i>Angenommen - Adopt\u00e9</i></p>\n<p>[VS]</p>\n<p><b>Art. 145 Abs. 1</b></p>\n<p><i>Antrag der Kommission</i></p>\n<p>.... der Verm\u00f6gensverwaltung, dem Vertrieb, der Revision ....</p>\n<p>....</p>\n<p>ebis. der Vertriebstr\u00e4ger;</p>\n<p>....</p>\n<p>[VS] [PAGE 994] </p>\n<p><b>Art. 145 al. 1</b></p>\n<p><i>Proposition de la commission</i></p>\n<p>.... de la gestion de fortune, de la distribution, de la r\u00e9vision ....</p>\n<p>....</p>\n<p>ebis. un distributeur;</p>\n<p>....</p>\n<p>[VS]</p>\n<p><i>Angenommen - Adopt\u00e9</i></p>\n<p>[VS]</p>\n<p><b>Art. 148 Abs. 1 Bst. a</b></p>\n<p><i>Antrag der Kommission</i></p>\n<p>a. .... Kapitalanlagen, Vertriebstr\u00e4ger oder Vertreter ausl\u00e4ndischer ....</p>\n<p>[VS]</p>\n<p><b>Art. 148 al. 1 let. a</b></p>\n<p><i>Proposition de la commission</i></p>\n<p>a. .... de placements collectifs suisses, de distributeur ou de repr\u00e9sentant ....</p>\n<p>[VS]</p>\n<p><i>Angenommen - Adopt\u00e9</i></p>\n</pd_text>","MeetingCouncilAbbreviation":"N","MeetingDate":"20060619","MeetingVerbalixOid":1441,"IdSession":"4713","SpeakerFirstName":null,"SpeakerLastName":null,"SpeakerFullName":"","SpeakerFunction":null,"CouncilId":null,"CouncilName":null,"CantonId":null,"CantonName":null,"CantonAbbreviation":null,"ParlGroupName":null,"ParlGroupAbbreviation":null,"SortOrder":5,"Start":"\/Date(1150741578924)\/","End":"\/Date(1150741578924)\/","Function":null,"DisplaySpeaker":null,"LanguageOfText":"DE","Modified":"\/Date(1774877979753)\/","StartTimeWithTimezone":"\/Date(1150741578923+0120)\/","EndTimeWithTimezone":"\/Date(1150741578923+0120)\/","VoteBusinessNumber":null,"VoteBusinessShortNumber":null,"VoteBusinessTitle":null},{"__metadata":{"id":"https://ws.parlament.ch/OData.svc/Transcript(ID=137913L,Language='DE')","uri":"https://ws.parlament.ch/OData.svc/Transcript(ID=137913L,Language='DE')","type":"itsystems.Pd.DataServices.DataModel.Transcript"},"Subjects":{"__deferred":{"uri":"https://ws.parlament.ch/OData.svc/Transcript(ID=137913L,Language='DE')/Subjects"}},"MembersCouncil":{"__deferred":{"uri":"https://ws.parlament.ch/OData.svc/Transcript(ID=137913L,Language='DE')/MembersCouncil"}},"Businesses":{"__deferred":{"uri":"https://ws.parlament.ch/OData.svc/Transcript(ID=137913L,Language='DE')/Businesses"}},"ID":"137913","Language":"DE","IdSubject":"23251","VoteId":null,"PersonNumber":463,"Type":1,"Text":"<pd_text><p>Suite aux travaux de notre conseil du 9 juin dernier, nous avons quatre divergences avec le Conseil des Etats.</p>\n<p>Sur deux points, il s'est ralli\u00e9 \u00e0 notre position, \u00e0 savoir \u00e0 l'article 72, qui concerne la responsabilit\u00e9 de la banque d\u00e9positaire, ainsi qu'\u00e0 l'article 12 alin\u00e9a 1ter de la loi sur l'imp\u00f4t anticip\u00e9, article relatif \u00e0 la naissance de la cr\u00e9ance fiscale pour les fonds de th\u00e9saurisation.</p>\n<p>Il reste donc deux divergences sur lesquelles la commission s'est pench\u00e9e tout \u00e0 l'heure.</p>\n<p>A l'article 12, il s'agit de la d\u00e9nomination des fonds de placement collectifs. Nous estimions que pour avoir une d\u00e9nomination coh\u00e9rente, il suffisait que le fonds ait 50 pour cent de tel ou tel type de produit. La loi actuelle pr\u00e9voit les deux tiers; le Conseil des Etats et le Conseil f\u00e9d\u00e9ral sont aussi de cet avis. A l'unanimit\u00e9, la commission consid\u00e8re que la position du Conseil des Etats peut \u00eatre suivie et qu'il s'agit d'une question de transparence vis-\u00e0-vis des gens qui vont souscrire \u00e0 des fonds de ce type.</p>\n<p>Donc, \u00e0 l'article 12, nous pouvons nous aligner sur le Conseil des Etats.</p>\n<p>Une autre divergence se situe \u00e0 l'article 23 \"Distribution\". Celui-ci parle des personnes qui distribuent des parts d'un fonds de placement. La commission propose de maintenir notre d\u00e9cision. L'article 23, pour des raisons de construction de la loi, devient l'article 18a. Nous soutenons que ces personnes doivent avoir une autorisation. C'est la situation actuelle, et il y a n\u00e9cessit\u00e9 de prot\u00e9ger le consommateur. Ce n'est pas l'avis du Conseil f\u00e9d\u00e9ral et du Conseil des Etats qui consid\u00e8rent que contr\u00f4le il y a d\u00e9j\u00e0 puisqu'il est effectu\u00e9 au niveau du produit lui-m\u00eame et de l'\u00e9metteur.</p>\n<p>Ainsi, \u00e0 l'article 18a, la commission vous propose, \u00e0 l'unanimit\u00e9, de maintenir la d\u00e9cision que nous avons prise il y a quelques jours \u00e0 l'article 23. L'introduction de la notion de contr\u00f4le des distributeurs de parts a une incidence sur diff\u00e9rents articles. Ainsi, des corrections ont \u00e9t\u00e9 apport\u00e9es \u00e0 certains articles et elles ne sont que la cons\u00e9quence de cette d\u00e9cision. Il s'agit des articles 13, 145 et 148.</p>\n<p>Je vous demande d'adopter l'article 18a.</p>\n</pd_text>","MeetingCouncilAbbreviation":"N","MeetingDate":"20060619","MeetingVerbalixOid":1441,"IdSession":"4713","SpeakerFirstName":"Charles","SpeakerLastName":"Favre","SpeakerFullName":"Favre Charles","SpeakerFunction":"Mit-M","CouncilId":1,"CouncilName":"Nationalrat","CantonId":22,"CantonName":"Waadt","CantonAbbreviation":"VD","ParlGroupName":"Freisinnig-demokratische Fraktion","ParlGroupAbbreviation":"RL","SortOrder":4,"Start":"\/Date(1150741401049)\/","End":"\/Date(1150741578924)\/","Function":"*","DisplaySpeaker":true,"LanguageOfText":"FR","Modified":"\/Date(1774877979751)\/","StartTimeWithTimezone":"\/Date(1150741401050+0120)\/","EndTimeWithTimezone":"\/Date(1150741578923+0120)\/","VoteBusinessNumber":null,"VoteBusinessShortNumber":null,"VoteBusinessTitle":null},{"__metadata":{"id":"https://ws.parlament.ch/OData.svc/Transcript(ID=137914L,Language='DE')","uri":"https://ws.parlament.ch/OData.svc/Transcript(ID=137914L,Language='DE')","type":"itsystems.Pd.DataServices.DataModel.Transcript"},"Subjects":{"__deferred":{"uri":"https://ws.parlament.ch/OData.svc/Transcript(ID=137914L,Language='DE')/Subjects"}},"MembersCouncil":{"__deferred":{"uri":"https://ws.parlament.ch/OData.svc/Transcript(ID=137914L,Language='DE')/MembersCouncil"}},"Businesses":{"__deferred":{"uri":"https://ws.parlament.ch/OData.svc/Transcript(ID=137914L,Language='DE')/Businesses"}},"ID":"137914","Language":"DE","IdSubject":"23251","VoteId":null,"PersonNumber":34,"Type":1,"Text":"<pd_text><p>Auch beim Kollektivanlagengesetz sind wir auf dem Weg der Endbereinigung der Differenzen.</p>\n<p>Wie Sie der Fahne entnehmen k\u00f6nnen, haben wir uns bei Artikel 12 dem St\u00e4nderat angeschlossen; bei Artikel 12 ging es um die Bezeichnung der kollektiven Kapitalanlageprodukte. Das war eigentlich keine signifikante Differenz. Unser Rat hat hier eine etwas freiz\u00fcgigere Haltung vertreten. Der St\u00e4nderat vertrat die Linie, dass zwei Drittel der Anlagen auf die entsprechende Anlagekategorie entfallen m\u00fcssen, damit - zur Vermeidung von T\u00e4uschung - das Produkt auch so benannt werden kann. Wir haben uns letztlich davon \u00fcberzeugen lassen, dass man mit dieser Regelung leben kann. Vor allem ein Punkt, der im Rat nicht diskutiert worden ist, hat dazu gef\u00fchrt, n\u00e4mlich dass die fl\u00fcssigen Mittel, welche ein Fonds h\u00e4lt - vor allem in einer Periode der Marktverunsicherung -, abgezogen und die zwei Drittel aufgrund der verbleibenden angelegten Mittel bemessen werden. Bei Artikel 12 empfiehlt Ihnen die Kommission wie gesagt die Version des St\u00e4nderates.</p>\n<p>Es verbleibt eine einzige Differenz, auf der Fahne ist sie auf Seite 4 zu finden. Es geht hier um den urspr\u00fcnglichen Artikel 23, n\u00e4mlich um die Frage: Bedarf jemand, der gewerbsm\u00e4ssig Anteile einer kollektiven Kapitalanlage anbietet und nicht gleichzeitig zur Fondsleitung oder zur Depotbank geh\u00f6rt, einer Bewilligung der Aufsichtsbeh\u00f6rde oder nicht? Hier haben wir gesagt: Ja, es braucht eine Bewilligung der Aufsicht, wie dies im geltenden Anlagefondsgesetz verankert ist. Der St\u00e4nderat hat argumentiert, dass man das nicht mehr brauche, und zwar im Sinne einer Verringerung der Regelungsdichte.</p>\n<p>Ihre Kommission ist heute mit 20 zu 0 Stimmen bei 1 Enthaltung zum Schluss gekommen, dass wir diese Kontrolle beibehalten sollen, dass diese Kontrolle aber gesetzessystematisch neu unter Artikel 18a unter dem 3. Abschnitt \"Vertriebstr\u00e4ger\" aufzuf\u00fchren sei. Wie gesagt, die Hauptbegr\u00fcndung ist diese, dass die Zulassung f\u00fcr den gewerbsm\u00e4ssigen Betrieb solcher Produkte nach dem Daf\u00fcrhalten der Kommission nicht bei anderen Finanzdienstleistern selbst liegen kann, sondern dass das eine hoheitsrechtliche, klassische Aufsichtsfunktion ist, nicht zuletzt auch zur [PAGE 993] Vermeidung von Interessenkonflikten; das, wie gesagt, der Hauptgrund.</p>\n<p>Dazu kommt ein zweiter Grund. Wir haben ja erst k\u00fcrzlich das Versicherungsaufsichtsgesetz revidiert, und dort befindet sich in Artikel 24 eine \u00e4hnliche Bestimmung in Bezug auf die unabh\u00e4ngigen Versicherungsvermittler. Auch dort ist von diesem Rat beschlossen worden, dass diese bewilligungs- und registrierungspflichtig sind. </p>\n<p>In diesem Sinne empfehle ich Ihnen, hier bei der einzigen noch verbleibenden Differenz Ihrer Kommission zuzustimmen. Wir gehen davon aus, dass wir dann auch mit dem St\u00e4nderat hier letztlich ein Einvernehmen erzielen k\u00f6nnen, denn es ist auch bei diesem Gesetz wichtig, dass es per Januar 2007 in Kraft gesetzt werden kann.</p>\n</pd_text>","MeetingCouncilAbbreviation":"N","MeetingDate":"20060619","MeetingVerbalixOid":1441,"IdSession":"4713","SpeakerFirstName":"Gerold","SpeakerLastName":"B\u00fchrer","SpeakerFullName":"B\u00fchrer Gerold","SpeakerFunction":"Mit-M","CouncilId":1,"CouncilName":"Nationalrat","CantonId":14,"CantonName":"Schaffhausen","CantonAbbreviation":"SH","ParlGroupName":"Freisinnig-demokratische Fraktion","ParlGroupAbbreviation":"RL","SortOrder":3,"Start":"\/Date(1150741150643)\/","End":"\/Date(1150741401049)\/","Function":"*","DisplaySpeaker":true,"LanguageOfText":"DE","Modified":"\/Date(1774877979747)\/","StartTimeWithTimezone":"\/Date(1150741150643+0120)\/","EndTimeWithTimezone":"\/Date(1150741401050+0120)\/","VoteBusinessNumber":null,"VoteBusinessShortNumber":null,"VoteBusinessTitle":null},{"__metadata":{"id":"https://ws.parlament.ch/OData.svc/Transcript(ID=137915L,Language='DE')","uri":"https://ws.parlament.ch/OData.svc/Transcript(ID=137915L,Language='DE')","type":"itsystems.Pd.DataServices.DataModel.Transcript"},"Subjects":{"__deferred":{"uri":"https://ws.parlament.ch/OData.svc/Transcript(ID=137915L,Language='DE')/Subjects"}},"MembersCouncil":{"__deferred":{"uri":"https://ws.parlament.ch/OData.svc/Transcript(ID=137915L,Language='DE')/MembersCouncil"}},"Businesses":{"__deferred":{"uri":"https://ws.parlament.ch/OData.svc/Transcript(ID=137915L,Language='DE')/Businesses"}},"ID":"137915","Language":"DE","IdSubject":"23251","VoteId":null,"PersonNumber":316,"Type":1,"Text":"<pd_text><p>Anstelle von Herrn Recordon, des franz\u00f6sischsprachigen Berichterstatters, spricht Herr Favre f\u00fcr die Kommission.</p>\n</pd_text>","MeetingCouncilAbbreviation":"N","MeetingDate":"20060619","MeetingVerbalixOid":1441,"IdSession":"4713","SpeakerFirstName":"Christine","SpeakerLastName":"Egerszegi-Obrist","SpeakerFullName":"Egerszegi-Obrist Christine","SpeakerFunction":"1VP-F","CouncilId":1,"CouncilName":"Nationalrat","CantonId":19,"CantonName":"Aargau","CantonAbbreviation":"AG","ParlGroupName":"Freisinnig-demokratische Fraktion","ParlGroupAbbreviation":"RL","SortOrder":2,"Start":"\/Date(1150741120830)\/","End":"\/Date(1150741150643)\/","Function":"1VP-F","DisplaySpeaker":true,"LanguageOfText":"DE","Modified":"\/Date(1774877979744)\/","StartTimeWithTimezone":"\/Date(1150741120830+0120)\/","EndTimeWithTimezone":"\/Date(1150741150643+0120)\/","VoteBusinessNumber":null,"VoteBusinessShortNumber":null,"VoteBusinessTitle":null},{"__metadata":{"id":"https://ws.parlament.ch/OData.svc/Transcript(ID=137916L,Language='DE')","uri":"https://ws.parlament.ch/OData.svc/Transcript(ID=137916L,Language='DE')","type":"itsystems.Pd.DataServices.DataModel.Transcript"},"Subjects":{"__deferred":{"uri":"https://ws.parlament.ch/OData.svc/Transcript(ID=137916L,Language='DE')/Subjects"}},"MembersCouncil":{"__deferred":{"uri":"https://ws.parlament.ch/OData.svc/Transcript(ID=137916L,Language='DE')/MembersCouncil"}},"Businesses":{"__deferred":{"uri":"https://ws.parlament.ch/OData.svc/Transcript(ID=137916L,Language='DE')/Businesses"}},"ID":"137916","Language":"DE","IdSubject":"23251","VoteId":null,"PersonNumber":null,"Type":3,"Text":"<pd_text><p><b>Bundesgesetz \u00fcber die kollektiven Kapitalanlagen </b></p>\n<p><b>Loi f\u00e9d\u00e9rale sur les placements collectifs de capitaux </b></p>\n</pd_text>","MeetingCouncilAbbreviation":"N","MeetingDate":"20060619","MeetingVerbalixOid":1441,"IdSession":"4713","SpeakerFirstName":null,"SpeakerLastName":null,"SpeakerFullName":"","SpeakerFunction":null,"CouncilId":null,"CouncilName":null,"CantonId":null,"CantonName":null,"CantonAbbreviation":null,"ParlGroupName":null,"ParlGroupAbbreviation":null,"SortOrder":1,"Start":"\/Date(1150741120830)\/","End":"\/Date(1150741120830)\/","Function":null,"DisplaySpeaker":null,"LanguageOfText":"DE","Modified":"\/Date(1774877979742)\/","StartTimeWithTimezone":"\/Date(1150741120830+0120)\/","EndTimeWithTimezone":"\/Date(1150741120830+0120)\/","VoteBusinessNumber":null,"VoteBusinessShortNumber":null,"VoteBusinessTitle":null}]},"ID":"23251","Language":"DE","IdMeeting":"1525","VerbalixOid":224849,"SortOrder":28,"Modified":"\/Date(1774877979740)\/"}}