{"d":{"__metadata":{"id":"https://ws.parlament.ch/OData.svc/Subject(ID=23318L,Language='DE')","uri":"https://ws.parlament.ch/OData.svc/Subject(ID=23318L,Language='DE')","type":"itsystems.Pd.DataServices.DataModel.Subject"},"Meetings":{"__metadata":{"id":"https://ws.parlament.ch/OData.svc/Meeting(ID=1531L,Language='DE')","uri":"https://ws.parlament.ch/OData.svc/Meeting(ID=1531L,Language='DE')","type":"itsystems.Pd.DataServices.DataModel.Meeting"},"Sessions":{"__deferred":{"uri":"https://ws.parlament.ch/OData.svc/Meeting(ID=1531L,Language='DE')/Sessions"}},"Subjects":{"__deferred":{"uri":"https://ws.parlament.ch/OData.svc/Meeting(ID=1531L,Language='DE')/Subjects"}},"ID":"1531","Language":"DE","MeetingNumber":6,"IdSession":4907,"SessionNumber":7,"SessionName":"Fr\u00fchjahrssession 2013","Council":1,"CouncilName":"Nationalrat","CouncilAbbreviation":"NR","Date":"\/Date(1362960000000)\/","Begin":"1430","Modified":"\/Date(1447070269940)\/","LegislativePeriodNumber":49,"PublicationStatus":"final","MeetingOrderText":"Sechste Sitzung","SortOrder":6,"Location":"N"},"SubjectsBusiness":{"results":[{"__metadata":{"id":"https://ws.parlament.ch/OData.svc/SubjectBusiness(BusinessNumber=20120077,IdSubject=23318L,Language='DE')","uri":"https://ws.parlament.ch/OData.svc/SubjectBusiness(BusinessNumber=20120077,IdSubject=23318L,Language='DE')","type":"itsystems.Pd.DataServices.DataModel.SubjectBusiness"},"Subjects":{"__deferred":{"uri":"https://ws.parlament.ch/OData.svc/SubjectBusiness(BusinessNumber=20120077,IdSubject=23318L,Language='DE')/Subjects"}},"Businesses":{"__deferred":{"uri":"https://ws.parlament.ch/OData.svc/SubjectBusiness(BusinessNumber=20120077,IdSubject=23318L,Language='DE')/Businesses"}},"IdSubject":"23318","BusinessNumber":20120077,"Language":"DE","BusinessShortNumber":"12.077","Title":"Kantonsverfassungen Glarus, Appenzell Innerrhoden, Aargau, Thurgau, Waadt, Neuenburg und Genf. Gew\u00e4hrleistung","SortOrder":1,"PublishedNotes":"Zweitrat - Deuxi\u00e8me Conseil\n","Modified":"\/Date(1447069534706)\/","TitleDE":"Kantonsverfassungen\n(GL, AI, AG, TG, VD, NE, GE).\nGew\u00e4hrleistung","TitleFR":"Constitutions cantonales\n(GL, AI, AG, TG, VD, NE, GE).\nGarantie","TitleIT":null}]},"Transcripts":{"results":[{"__metadata":{"id":"https://ws.parlament.ch/OData.svc/Transcript(ID=138513L,Language='DE')","uri":"https://ws.parlament.ch/OData.svc/Transcript(ID=138513L,Language='DE')","type":"itsystems.Pd.DataServices.DataModel.Transcript"},"Subjects":{"__deferred":{"uri":"https://ws.parlament.ch/OData.svc/Transcript(ID=138513L,Language='DE')/Subjects"}},"MembersCouncil":{"__deferred":{"uri":"https://ws.parlament.ch/OData.svc/Transcript(ID=138513L,Language='DE')/MembersCouncil"}},"Businesses":{"__deferred":{"uri":"https://ws.parlament.ch/OData.svc/Transcript(ID=138513L,Language='DE')/Businesses"}},"ID":"138513","Language":"DE","IdSubject":"23318","VoteId":null,"PersonNumber":806,"Type":1,"Text":"<pd_text><p><b>Pr\u00e4sidentin </b>(Graf Maya, Pr\u00e4sidentin): Sie haben einen schriftlichen Bericht der Kommission erhalten. Die Kommission beantragt Zustimmung zum Entwurf des Bundesbeschlusses. </p>\n<p>[VS]</p>\n<p><i>Eintreten ist obligatorisch</i></p>\n<p><i>L'entr\u00e9e en mati\u00e8re est acquise de plein droit</i></p>\n<p>[VS]</p>\n<p>[VS]</p>\n<p><b>Bundesbeschluss \u00fcber die Gew\u00e4hrleistung der ge\u00e4nderten Verfassungen der Kantone Glarus, Appenzell Innerrhoden, Aargau, Thurgau, Waadt, Neuenburg und Genf [PAGE 171] </b></p>\n<p><b>Arr\u00eat\u00e9 f\u00e9d\u00e9ral accordant la garantie f\u00e9d\u00e9rale aux constitutions r\u00e9vis\u00e9es des cantons de Glaris, d'Appenzell Rhodes-Int\u00e9rieures, d'Argovie, de Thurgovie, de Vaud, de Neuch\u00e2tel et de Gen\u00e8ve</b></p>\n<p>[VS]</p>\n<p><i>Detailberatung - Discussion par article</i></p>\n<p>[VS]</p>\n<p><b>Titel und Ingress, Art. 1, 2</b></p>\n<p><i>Antrag der Kommission</i></p>\n<p>Zustimmung zum Beschluss des St\u00e4nderates</p>\n<p>[VS]</p>\n<p><b>Titre et pr\u00e9ambule, art. 1, 2</b></p>\n<p><i>Proposition de la commission</i></p>\n<p>Adh\u00e9rer \u00e0 la d\u00e9cision du Conseil des Etats</p>\n<p>[VS]</p>\n<p><i>Angenommen - Adopt\u00e9</i></p>\n<p>[VS]</p>\n<p><b>Pr\u00e4sidentin </b>(Graf Maya, Pr\u00e4sidentin): Da Eintreten obligatorisch ist, findet keine Gesamtabstimmung statt.</p>\n</pd_text>","MeetingCouncilAbbreviation":"N","MeetingDate":"20130311","MeetingVerbalixOid":2290,"IdSession":"4907","SpeakerFirstName":"Maya","SpeakerLastName":"Graf","SpeakerFullName":"Graf Maya","SpeakerFunction":"P-F","CouncilId":1,"CouncilName":"Nationalrat","CantonId":13,"CantonName":"Basel-Landschaft","CantonAbbreviation":"BL","ParlGroupName":"Gr\u00fcne Fraktion","ParlGroupAbbreviation":"G","SortOrder":1,"Start":"\/Date(1363015759093)\/","End":"\/Date(1363015894451)\/","Function":"P-F","DisplaySpeaker":false,"LanguageOfText":null,"Modified":"\/Date(1774877586551)\/","StartTimeWithTimezone":"\/Date(1363015759093+0060)\/","EndTimeWithTimezone":"\/Date(1363015894450+0060)\/","VoteBusinessNumber":null,"VoteBusinessShortNumber":null,"VoteBusinessTitle":null}]},"ID":"23318","Language":"DE","IdMeeting":"1531","VerbalixOid":400383,"SortOrder":71,"Modified":"\/Date(1774877586547)\/"}}