{"d":{"__metadata":{"id":"https://ws.parlament.ch/OData.svc/Subject(ID=23398L,Language='DE')","uri":"https://ws.parlament.ch/OData.svc/Subject(ID=23398L,Language='DE')","type":"itsystems.Pd.DataServices.DataModel.Subject"},"Meetings":{"__metadata":{"id":"https://ws.parlament.ch/OData.svc/Meeting(ID=1532L,Language='DE')","uri":"https://ws.parlament.ch/OData.svc/Meeting(ID=1532L,Language='DE')","type":"itsystems.Pd.DataServices.DataModel.Meeting"},"Sessions":{"__deferred":{"uri":"https://ws.parlament.ch/OData.svc/Meeting(ID=1532L,Language='DE')/Sessions"}},"Subjects":{"__deferred":{"uri":"https://ws.parlament.ch/OData.svc/Meeting(ID=1532L,Language='DE')/Subjects"}},"ID":"1532","Language":"DE","MeetingNumber":14,"IdSession":4819,"SessionNumber":19,"SessionName":"Sommersession 2011","Council":2,"CouncilName":"St\u00e4nderat","CouncilAbbreviation":"SR","Date":"\/Date(1308268800000)\/","Begin":"0815","Modified":"\/Date(1447070270507)\/","LegislativePeriodNumber":48,"PublicationStatus":"final","MeetingOrderText":"Vierzehnte Sitzung","SortOrder":14,"Location":"S"},"SubjectsBusiness":{"results":[{"__metadata":{"id":"https://ws.parlament.ch/OData.svc/SubjectBusiness(BusinessNumber=20080522,IdSubject=23398L,Language='DE')","uri":"https://ws.parlament.ch/OData.svc/SubjectBusiness(BusinessNumber=20080522,IdSubject=23398L,Language='DE')","type":"itsystems.Pd.DataServices.DataModel.SubjectBusiness"},"Subjects":{"__deferred":{"uri":"https://ws.parlament.ch/OData.svc/SubjectBusiness(BusinessNumber=20080522,IdSubject=23398L,Language='DE')/Subjects"}},"Businesses":{"__deferred":{"uri":"https://ws.parlament.ch/OData.svc/SubjectBusiness(BusinessNumber=20080522,IdSubject=23398L,Language='DE')/Businesses"}},"IdSubject":"23398","BusinessNumber":20080522,"Language":"DE","BusinessShortNumber":"08.522","Title":"Vereinfachte Aus\u00fcbung der politischen Rechte f\u00fcr Auslandschweizerinnen und Auslandschweizer","SortOrder":1,"PublishedNotes":"Schlussabstimmung - Vote final\n","Modified":"\/Date(1447069366456)\/","TitleDE":"Parlamentarische Initiative\nMeyer-Kaelin Th\u00e9r\u00e8se.\nVereinfachte Aus\u00fcbung\nder politischen Rechte\nf\u00fcr Auslandschweizerinnen\nund Auslandschweizer","TitleFR":"Initiative parlementaire\nMeyer-Kaelin Th\u00e9r\u00e8se.\nExercice actif\ndes droits politiques facilit\u00e9\npour les Suisses\nde l'\u00e9tranger","TitleIT":null}]},"Transcripts":{"results":[{"__metadata":{"id":"https://ws.parlament.ch/OData.svc/Transcript(ID=138667L,Language='DE')","uri":"https://ws.parlament.ch/OData.svc/Transcript(ID=138667L,Language='DE')","type":"itsystems.Pd.DataServices.DataModel.Transcript"},"Subjects":{"__deferred":{"uri":"https://ws.parlament.ch/OData.svc/Transcript(ID=138667L,Language='DE')/Subjects"}},"MembersCouncil":{"__deferred":{"uri":"https://ws.parlament.ch/OData.svc/Transcript(ID=138667L,Language='DE')/MembersCouncil"}},"Businesses":{"__deferred":{"uri":"https://ws.parlament.ch/OData.svc/Transcript(ID=138667L,Language='DE')/Businesses"}},"ID":"138667","Language":"DE","IdSubject":"23398","VoteId":null,"PersonNumber":372,"Type":1,"Text":"<pd_text><p><b>Bundesgesetz \u00fcber die politischen Rechte der Auslandschweizer (Vereinfachung der Erneuerung der Anmeldung) </b></p>\n<p><b>Loi f\u00e9d\u00e9rale sur les droits politiques des Suisses de l'\u00e9tranger (Simplification du renouvellement de l'inscription au registre des \u00e9lecteurs) </b></p>\n<p>[VS]</p>\n<p><i>Abstimmung - Vote</i></p>\n<p>F\u00fcr Annahme des Entwurfes ... 41 Stimmen</p>\n<p>(Einstimmigkeit)</p>\n<p>(0 Enthaltungen)</p>\n</pd_text>","MeetingCouncilAbbreviation":"S","MeetingDate":"20110617","MeetingVerbalixOid":2090,"IdSession":"4819","SpeakerFirstName":"Hansheiri","SpeakerLastName":"Inderkum","SpeakerFullName":"Inderkum Hansheiri","SpeakerFunction":"P-M","CouncilId":2,"CouncilName":"St\u00e4nderat","CantonId":4,"CantonName":"Uri","CantonAbbreviation":"UR","ParlGroupName":"Fraktion CVP/EVP/glp","ParlGroupAbbreviation":"M-E","SortOrder":1,"Start":"\/Date(1308302806650)\/","End":"\/Date(1308302837827)\/","Function":"P-M","DisplaySpeaker":false,"LanguageOfText":null,"Modified":"\/Date(1544535170393)\/","StartTimeWithTimezone":"\/Date(1308302806650+0120)\/","EndTimeWithTimezone":"\/Date(1308302837827+0120)\/","VoteBusinessNumber":null,"VoteBusinessShortNumber":null,"VoteBusinessTitle":null}]},"ID":"23398","Language":"DE","IdMeeting":"1532","VerbalixOid":359770,"SortOrder":20,"Modified":"\/Date(1544535170393)\/"}}