{"d":{"__metadata":{"id":"https://ws.parlament.ch/OData.svc/Subject(ID=23424L,Language='DE')","uri":"https://ws.parlament.ch/OData.svc/Subject(ID=23424L,Language='DE')","type":"itsystems.Pd.DataServices.DataModel.Subject"},"Meetings":{"__metadata":{"id":"https://ws.parlament.ch/OData.svc/Meeting(ID=1532L,Language='DE')","uri":"https://ws.parlament.ch/OData.svc/Meeting(ID=1532L,Language='DE')","type":"itsystems.Pd.DataServices.DataModel.Meeting"},"Sessions":{"__deferred":{"uri":"https://ws.parlament.ch/OData.svc/Meeting(ID=1532L,Language='DE')/Sessions"}},"Subjects":{"__deferred":{"uri":"https://ws.parlament.ch/OData.svc/Meeting(ID=1532L,Language='DE')/Subjects"}},"ID":"1532","Language":"DE","MeetingNumber":14,"IdSession":4819,"SessionNumber":19,"SessionName":"Sommersession 2011","Council":2,"CouncilName":"St\u00e4nderat","CouncilAbbreviation":"SR","Date":"\/Date(1308268800000)\/","Begin":"0815","Modified":"\/Date(1447070270507)\/","LegislativePeriodNumber":48,"PublicationStatus":"final","MeetingOrderText":"Vierzehnte Sitzung","SortOrder":14,"Location":"S"},"SubjectsBusiness":{"results":[{"__metadata":{"id":"https://ws.parlament.ch/OData.svc/SubjectBusiness(BusinessNumber=20100096,IdSubject=23424L,Language='DE')","uri":"https://ws.parlament.ch/OData.svc/SubjectBusiness(BusinessNumber=20100096,IdSubject=23424L,Language='DE')","type":"itsystems.Pd.DataServices.DataModel.SubjectBusiness"},"Subjects":{"__deferred":{"uri":"https://ws.parlament.ch/OData.svc/SubjectBusiness(BusinessNumber=20100096,IdSubject=23424L,Language='DE')/Subjects"}},"Businesses":{"__deferred":{"uri":"https://ws.parlament.ch/OData.svc/SubjectBusiness(BusinessNumber=20100096,IdSubject=23424L,Language='DE')/Businesses"}},"IdSubject":"23424","BusinessNumber":20100096,"Language":"DE","BusinessShortNumber":"10.096","Title":"Grenz\u00fcberschreitende Zusammenarbeit zwischen Gebietsk\u00f6rperschaften oder Beh\u00f6rden. Zusatzprotokoll","SortOrder":1,"PublishedNotes":"Schlussabstimmung - Vote final\n","Modified":"\/Date(1447069448376)\/","TitleDE":"Grenz\u00fcberschreitende\nZusammenarbeit\nzwischen Gebietsk\u00f6rperschaften\noder Beh\u00f6rden. Zusatzprotokoll","TitleFR":"Coop\u00e9ration transfrontali\u00e8re\ndes collectivit\u00e9s\nou autorit\u00e9s territoriales.\nProtocole additionnel","TitleIT":null}]},"Transcripts":{"results":[{"__metadata":{"id":"https://ws.parlament.ch/OData.svc/Transcript(ID=138695L,Language='DE')","uri":"https://ws.parlament.ch/OData.svc/Transcript(ID=138695L,Language='DE')","type":"itsystems.Pd.DataServices.DataModel.Transcript"},"Subjects":{"__deferred":{"uri":"https://ws.parlament.ch/OData.svc/Transcript(ID=138695L,Language='DE')/Subjects"}},"MembersCouncil":{"__deferred":{"uri":"https://ws.parlament.ch/OData.svc/Transcript(ID=138695L,Language='DE')/MembersCouncil"}},"Businesses":{"__deferred":{"uri":"https://ws.parlament.ch/OData.svc/Transcript(ID=138695L,Language='DE')/Businesses"}},"ID":"138695","Language":"DE","IdSubject":"23424","VoteId":null,"PersonNumber":372,"Type":1,"Text":"<pd_text><p><b>Bundesbeschluss \u00fcber die Genehmigung des Protokolls Nr. 3 zum Europ\u00e4ischen Rahmen\u00fcbereinkommen \u00fcber die grenz\u00fcberschreitende Zusammenarbeit zwischen Gebietsk\u00f6rperschaften oder Beh\u00f6rden betreffend Verb\u00fcnde f\u00fcr euroregionale Zusammenarbeit (VEZ) </b></p>\n<p><b>Arr\u00eat\u00e9 f\u00e9d\u00e9ral portant approbation du Protocole no 3 \u00e0 la Convention-cadre europ\u00e9enne sur la coop\u00e9ration transfrontali\u00e8re des collectivit\u00e9s ou autorit\u00e9s territoriales relatif aux Groupements euror\u00e9gionaux de coop\u00e9ration (GEC) </b></p>\n<p>[VS]</p>\n<p><i>Abstimmung - Vote</i></p>\n<p>F\u00fcr Annahme des Entwurfes ... 40 Stimmen</p>\n<p>(Einstimmigkeit)</p>\n<p>(2 Enthaltungen)</p>\n</pd_text>","MeetingCouncilAbbreviation":"S","MeetingDate":"20110617","MeetingVerbalixOid":2090,"IdSession":"4819","SpeakerFirstName":"Hansheiri","SpeakerLastName":"Inderkum","SpeakerFullName":"Inderkum Hansheiri","SpeakerFunction":"P-M","CouncilId":2,"CouncilName":"St\u00e4nderat","CantonId":4,"CantonName":"Uri","CantonAbbreviation":"UR","ParlGroupName":"Fraktion CVP/EVP/glp","ParlGroupAbbreviation":"M-E","SortOrder":1,"Start":"\/Date(1308303403140)\/","End":"\/Date(1308303444120)\/","Function":"P-M","DisplaySpeaker":false,"LanguageOfText":null,"Modified":"\/Date(1544535170427)\/","StartTimeWithTimezone":"\/Date(1308303403140+0120)\/","EndTimeWithTimezone":"\/Date(1308303444120+0120)\/","VoteBusinessNumber":null,"VoteBusinessShortNumber":null,"VoteBusinessTitle":null}]},"ID":"23424","Language":"DE","IdMeeting":"1532","VerbalixOid":359835,"SortOrder":35,"Modified":"\/Date(1544535170427)\/"}}