{"d":{"__metadata":{"id":"https://ws.parlament.ch/OData.svc/Subject(ID=2352L,Language='DE')","uri":"https://ws.parlament.ch/OData.svc/Subject(ID=2352L,Language='DE')","type":"itsystems.Pd.DataServices.DataModel.Subject"},"Meetings":{"__metadata":{"id":"https://ws.parlament.ch/OData.svc/Meeting(ID=166L,Language='DE')","uri":"https://ws.parlament.ch/OData.svc/Meeting(ID=166L,Language='DE')","type":"itsystems.Pd.DataServices.DataModel.Meeting"},"Sessions":{"__deferred":{"uri":"https://ws.parlament.ch/OData.svc/Meeting(ID=166L,Language='DE')/Sessions"}},"Subjects":{"__deferred":{"uri":"https://ws.parlament.ch/OData.svc/Meeting(ID=166L,Language='DE')/Subjects"}},"ID":"166","Language":"DE","MeetingNumber":4,"IdSession":4608,"SessionNumber":8,"SessionName":"Sommersession 2001","Council":1,"CouncilName":"Nationalrat","CouncilAbbreviation":"NR","Date":"\/Date(991872000000)\/","Begin":"1500","Modified":"\/Date(1447069751757)\/","LegislativePeriodNumber":46,"PublicationStatus":"final","MeetingOrderText":"Vierte Sitzung","SortOrder":4,"Location":"N"},"SubjectsBusiness":{"results":[{"__metadata":{"id":"https://ws.parlament.ch/OData.svc/SubjectBusiness(BusinessNumber=20000069,IdSubject=2352L,Language='DE')","uri":"https://ws.parlament.ch/OData.svc/SubjectBusiness(BusinessNumber=20000069,IdSubject=2352L,Language='DE')","type":"itsystems.Pd.DataServices.DataModel.SubjectBusiness"},"Subjects":{"__deferred":{"uri":"https://ws.parlament.ch/OData.svc/SubjectBusiness(BusinessNumber=20000069,IdSubject=2352L,Language='DE')/Subjects"}},"Businesses":{"__deferred":{"uri":"https://ws.parlament.ch/OData.svc/SubjectBusiness(BusinessNumber=20000069,IdSubject=2352L,Language='DE')/Businesses"}},"IdSubject":"2352","BusinessNumber":20000069,"Language":"DE","BusinessShortNumber":"00.069","Title":"Zusammenarbeit bei der Bek\u00e4mpfung der Kriminalit\u00e4t. Abkommen mit Ungarn","SortOrder":1,"PublishedNotes":"Zweitrat - Deuxi\u00e8me Conseil\n","Modified":"\/Date(1447069112606)\/","TitleDE":"Zusammenarbeit bei der\nBek\u00e4mpfung der Kriminalit\u00e4t.\nAbkommen mit Ungarn","TitleFR":"Coop\u00e9ration en mati\u00e8re\nde lutte contre la criminalit\u00e9.\nAccord avec la Hongrie","TitleIT":null}]},"Transcripts":{"results":[{"__metadata":{"id":"https://ws.parlament.ch/OData.svc/Transcript(ID=12197L,Language='DE')","uri":"https://ws.parlament.ch/OData.svc/Transcript(ID=12197L,Language='DE')","type":"itsystems.Pd.DataServices.DataModel.Transcript"},"Subjects":{"__deferred":{"uri":"https://ws.parlament.ch/OData.svc/Transcript(ID=12197L,Language='DE')/Subjects"}},"MembersCouncil":{"__deferred":{"uri":"https://ws.parlament.ch/OData.svc/Transcript(ID=12197L,Language='DE')/MembersCouncil"}},"Businesses":{"__deferred":{"uri":"https://ws.parlament.ch/OData.svc/Transcript(ID=12197L,Language='DE')/Businesses"}},"ID":"12197","Language":"DE","IdSubject":"2352","VoteId":"1269","PersonNumber":null,"Type":2,"Text":"<pd_text><p><i>Gesamtabstimmung - Vote sur l'ensemble</i></p>\n<p>[NAM]</p>\n<p>F\u00fcr Annahme des Entwurfes .... 117 Stimmen</p>\n<p>Dagegen .... 1 Stimme</p>\n</pd_text>","MeetingCouncilAbbreviation":"N","MeetingDate":"20010607","MeetingVerbalixOid":803,"IdSession":"4608","SpeakerFirstName":null,"SpeakerLastName":null,"SpeakerFullName":"","SpeakerFunction":null,"CouncilId":null,"CouncilName":null,"CantonId":null,"CantonName":null,"CantonAbbreviation":null,"ParlGroupName":null,"ParlGroupAbbreviation":null,"SortOrder":2,"Start":"\/Date(991934556281)\/","End":"\/Date(991934556281)\/","Function":null,"DisplaySpeaker":null,"LanguageOfText":"DE","Modified":"\/Date(1774878225337)\/","StartTimeWithTimezone":"\/Date(991934556280+0120)\/","EndTimeWithTimezone":"\/Date(991934556280+0120)\/","VoteBusinessNumber":20000069,"VoteBusinessShortNumber":"00.069","VoteBusinessTitle":"Zusammenarbeit bei der\nBek\u00e4mpfung der Kriminalit\u00e4t.\nAbkommen mit Ungarn"},{"__metadata":{"id":"https://ws.parlament.ch/OData.svc/Transcript(ID=12198L,Language='DE')","uri":"https://ws.parlament.ch/OData.svc/Transcript(ID=12198L,Language='DE')","type":"itsystems.Pd.DataServices.DataModel.Transcript"},"Subjects":{"__deferred":{"uri":"https://ws.parlament.ch/OData.svc/Transcript(ID=12198L,Language='DE')/Subjects"}},"MembersCouncil":{"__deferred":{"uri":"https://ws.parlament.ch/OData.svc/Transcript(ID=12198L,Language='DE')/MembersCouncil"}},"Businesses":{"__deferred":{"uri":"https://ws.parlament.ch/OData.svc/Transcript(ID=12198L,Language='DE')/Businesses"}},"ID":"12198","Language":"DE","IdSubject":"2352","VoteId":null,"PersonNumber":111,"Type":1,"Text":"<pd_text><p>Die Kommission beantragt mit 13 zu 0 Stimmen bei 1 Enthaltung, auf die Vorlage einzutreten und dem Bundesbeschluss zuzustimmen.</p>\n<p>[VS]</p>\n<p><i>Eintreten wird ohne Gegenantrag beschlossen</i></p>\n<p><i>L'entr\u00e9e en mati\u00e8re est d\u00e9cid\u00e9e sans opposition</i></p>\n<p>[VS]</p>\n<p><b>Bundesbeschluss \u00fcber das Abkommen zwischen dem Schweizerischen Bundesrat und der Regierung der Republik Ungarn \u00fcber die Zusammenarbeit bei der Bek\u00e4mpfung der Kriminalit\u00e4t  </b></p>\n<p><b>Arr\u00eat\u00e9 f\u00e9d\u00e9ral concernant l'Accord entre le Conseil f\u00e9d\u00e9ral suisse et le Gouvernement de la R\u00e9publique de Hongrie sur la coop\u00e9ration en mati\u00e8re de lutte contre la criminalit\u00e9 </b></p>\n<p>[VS] [PAGE 608] </p>\n<p><i>Detailberatung - Examen de d\u00e9tail</i></p>\n<p>[VS]</p>\n<p><b>Titel und Ingress, Art. 1, 2</b></p>\n<p><i>Antrag der Kommission</i></p>\n<p>Zustimmung zum Beschluss des St\u00e4nderates</p>\n<p>[VS]</p>\n<p><b>Titre et pr\u00e9ambule, art. 1, 2</b></p>\n<p><i>Proposition de la commission</i></p>\n<p>Adh\u00e9rer \u00e0 la d\u00e9cision du Conseil des Etats</p>\n<p>[VS]</p>\n<p><i>Angenommen - Adopt\u00e9</i></p>\n</pd_text>","MeetingCouncilAbbreviation":"N","MeetingDate":"20010607","MeetingVerbalixOid":803,"IdSession":"4608","SpeakerFirstName":"Peter","SpeakerLastName":"Hess","SpeakerFullName":"Hess Peter","SpeakerFunction":"P-M","CouncilId":1,"CouncilName":"Nationalrat","CantonId":9,"CantonName":"Zug","CantonAbbreviation":"ZG","ParlGroupName":"Christlichdemokratische Fraktion","ParlGroupAbbreviation":"M-E","SortOrder":1,"Start":"\/Date(991934427187)\/","End":"\/Date(991934556281)\/","Function":"","DisplaySpeaker":true,"LanguageOfText":"DE","Modified":"\/Date(1774878225333)\/","StartTimeWithTimezone":"\/Date(991934427187+0120)\/","EndTimeWithTimezone":"\/Date(991934556280+0120)\/","VoteBusinessNumber":null,"VoteBusinessShortNumber":null,"VoteBusinessTitle":null}]},"ID":"2352","Language":"DE","IdMeeting":"166","VerbalixOid":31024,"SortOrder":2,"Modified":"\/Date(1774878225333)\/"}}