{"d":{"__metadata":{"id":"https://ws.parlament.ch/OData.svc/Subject(ID=23535L,Language='DE')","uri":"https://ws.parlament.ch/OData.svc/Subject(ID=23535L,Language='DE')","type":"itsystems.Pd.DataServices.DataModel.Subject"},"Meetings":{"__metadata":{"id":"https://ws.parlament.ch/OData.svc/Meeting(ID=1544L,Language='DE')","uri":"https://ws.parlament.ch/OData.svc/Meeting(ID=1544L,Language='DE')","type":"itsystems.Pd.DataServices.DataModel.Meeting"},"Sessions":{"__deferred":{"uri":"https://ws.parlament.ch/OData.svc/Meeting(ID=1544L,Language='DE')/Sessions"}},"Subjects":{"__deferred":{"uri":"https://ws.parlament.ch/OData.svc/Meeting(ID=1544L,Language='DE')/Subjects"}},"ID":"1544","Language":"DE","MeetingNumber":4,"IdSession":4904,"SessionNumber":4,"SessionName":"Sommersession 2012","Council":1,"CouncilName":"Nationalrat","CouncilAbbreviation":"NR","Date":"\/Date(1338422400000)\/","Begin":"0800","Modified":"\/Date(1447070274730)\/","LegislativePeriodNumber":49,"PublicationStatus":"final","MeetingOrderText":"Vierte Sitzung","SortOrder":4,"Location":"N"},"SubjectsBusiness":{"results":[{"__metadata":{"id":"https://ws.parlament.ch/OData.svc/SubjectBusiness(BusinessNumber=20100019,IdSubject=23535L,Language='DE')","uri":"https://ws.parlament.ch/OData.svc/SubjectBusiness(BusinessNumber=20100019,IdSubject=23535L,Language='DE')","type":"itsystems.Pd.DataServices.DataModel.SubjectBusiness"},"Subjects":{"__deferred":{"uri":"https://ws.parlament.ch/OData.svc/SubjectBusiness(BusinessNumber=20100019,IdSubject=23535L,Language='DE')/Subjects"}},"Businesses":{"__deferred":{"uri":"https://ws.parlament.ch/OData.svc/SubjectBusiness(BusinessNumber=20100019,IdSubject=23535L,Language='DE')/Businesses"}},"IdSubject":"23535","BusinessNumber":20100019,"Language":"DE","BusinessShortNumber":"10.019","Title":"Raumplanungsgesetz. Teilrevision","SortOrder":1,"PublishedNotes":"Differenzen - Divergences\n","Modified":"\/Date(1447069446310)\/","TitleDE":"Raumplanungsgesetz.\nTeilrevision","TitleFR":"Loi sur l'am\u00e9nagement du territoire.\nR\u00e9vision partielle","TitleIT":null}]},"Transcripts":{"results":[{"__metadata":{"id":"https://ws.parlament.ch/OData.svc/Transcript(ID=139563L,Language='DE')","uri":"https://ws.parlament.ch/OData.svc/Transcript(ID=139563L,Language='DE')","type":"itsystems.Pd.DataServices.DataModel.Transcript"},"Subjects":{"__deferred":{"uri":"https://ws.parlament.ch/OData.svc/Transcript(ID=139563L,Language='DE')/Subjects"}},"MembersCouncil":{"__deferred":{"uri":"https://ws.parlament.ch/OData.svc/Transcript(ID=139563L,Language='DE')/MembersCouncil"}},"Businesses":{"__deferred":{"uri":"https://ws.parlament.ch/OData.svc/Transcript(ID=139563L,Language='DE')/Businesses"}},"ID":"139563","Language":"DE","IdSubject":"23535","VoteId":null,"PersonNumber":519,"Type":1,"Text":"<pd_text><p><i>Angenommen - Adopt\u00e9</i></p>\n</pd_text>","MeetingCouncilAbbreviation":"N","MeetingDate":"20120531","MeetingVerbalixOid":2188,"IdSession":"4904","SpeakerFirstName":"Hansj\u00f6rg","SpeakerLastName":"Walter","SpeakerFullName":"Walter Hansj\u00f6rg","SpeakerFunction":"P-M","CouncilId":1,"CouncilName":"Nationalrat","CantonId":20,"CantonName":"Thurgau","CantonAbbreviation":"TG","ParlGroupName":"Fraktion der Schweizerischen Volkspartei","ParlGroupAbbreviation":"V","SortOrder":4,"Start":"\/Date(1338460335195)\/","End":"\/Date(1338460356747)\/","Function":"P-M","DisplaySpeaker":false,"LanguageOfText":null,"Modified":"\/Date(1774877628792)\/","StartTimeWithTimezone":"\/Date(1338460335197+0120)\/","EndTimeWithTimezone":"\/Date(1338460356747+0120)\/","VoteBusinessNumber":null,"VoteBusinessShortNumber":null,"VoteBusinessTitle":null},{"__metadata":{"id":"https://ws.parlament.ch/OData.svc/Transcript(ID=139564L,Language='DE')","uri":"https://ws.parlament.ch/OData.svc/Transcript(ID=139564L,Language='DE')","type":"itsystems.Pd.DataServices.DataModel.Transcript"},"Subjects":{"__deferred":{"uri":"https://ws.parlament.ch/OData.svc/Transcript(ID=139564L,Language='DE')/Subjects"}},"MembersCouncil":{"__deferred":{"uri":"https://ws.parlament.ch/OData.svc/Transcript(ID=139564L,Language='DE')/MembersCouncil"}},"Businesses":{"__deferred":{"uri":"https://ws.parlament.ch/OData.svc/Transcript(ID=139564L,Language='DE')/Businesses"}},"ID":"139564","Language":"DE","IdSubject":"23535","VoteId":null,"PersonNumber":1138,"Type":1,"Text":"<pd_text><p>Wie anget\u00f6nt spreche ich nicht zur Differenz, die noch besteht; das hat der Sprecher franz\u00f6sischer Sprache gemacht. Ich erlaube mir im Namen der Kommission noch eine allgemeine Bemerkung zu den Materialien betreffend den bedingten R\u00fcckzug der Volksinitiative.</p>\n<p>Es wird ja von den Initianten in Aussicht gestellt, dass sie ihre Initiative zur\u00fcckziehen. Gem\u00e4ss Artikel 73a des Bundesgesetzes \u00fcber die politischen Rechte ist die einzige Voraussetzung f\u00fcr den bedingten R\u00fcckzug einer Volksinitiative, dass die Bundesversammlung sp\u00e4testens gleichzeitig mit der Schlussabstimmung \u00fcber die Volksinitiative einen indirekten Gegenvorschlag in der Form des Bundesgesetzes verabschiedet. Die Verkn\u00fcpfung des indirekten Gegenvorschlags mit der Volksinitiative wird vom Gesetz ausdr\u00fccklich nicht verlangt. Die Bundesversammlung hat die M\u00f6glichkeit, dies zu tun - sie hat dies auch in einzelnen F\u00e4llen bereits gemacht - oder dies eben nicht zu tun. Auch daf\u00fcr gibt es bereits Pr\u00e4zedenzf\u00e4lle; ich denke insbesondere an die Klima-Initiative und das CO2-Gesetz.</p>\n<p>Die Landschafts-Initiative geh\u00f6rt nun in diese zweite Kategorie. Die Bundesversammlung hat jetzt einen indirekten Gegenentwurf vorgelegt, eine Teilrevision des RPG, sie hat aber keine formelle Verkn\u00fcpfung mit der Landschafts-Initiative eingebaut. Die Frage wurde auch in beiden R\u00e4ten diskutiert. Da diese \u00c4nderung des RPG als Gegenentwurf zur Landschafts-Initiative im Sinne von Artikel 73a konzipiert ist und dies vom Parlament in den Beratungen auch mehrmals best\u00e4tigt wurde und mit der Verl\u00e4ngerung der Behandlungsfristen immer ein Bezug zu der Volksinitiative gemacht wurde, h\u00e4lt die Kommission fest, dass die Landschafts-Initiative bedingt zur\u00fcckgezogen werden kann, und zwar gest\u00fctzt auf das Bundesgesetz \u00fcber die politischen Rechte und gest\u00fctzt auf das Parlamentsgesetz. Bedingung ist, dass die vorliegende RPG-Revision, also der indirekte Gegenvorschlag, nicht in einer Volksabstimmung abgelehnt wird. Diese Vorgehensweise wurde bereits bei der Klima-Initiative gew\u00e4hlt.</p>\n<p>Ich sage das einfach zuhanden der Materialien, damit dies festgehalten ist.</p>\n</pd_text>","MeetingCouncilAbbreviation":"N","MeetingDate":"20120531","MeetingVerbalixOid":2188,"IdSession":"4904","SpeakerFirstName":"Martin","SpeakerLastName":"B\u00e4umle","SpeakerFullName":"B\u00e4umle Martin","SpeakerFunction":"Mit-M","CouncilId":1,"CouncilName":"Nationalrat","CantonId":1,"CantonName":"Z\u00fcrich","CantonAbbreviation":"ZH","ParlGroupName":"Gr\u00fcnliberale Fraktion","ParlGroupAbbreviation":"GL","SortOrder":3,"Start":"\/Date(1338460206534)\/","End":"\/Date(1338460335195)\/","Function":"*","DisplaySpeaker":true,"LanguageOfText":"DE","Modified":"\/Date(1774877628790)\/","StartTimeWithTimezone":"\/Date(1338460206533+0120)\/","EndTimeWithTimezone":"\/Date(1338460335197+0120)\/","VoteBusinessNumber":null,"VoteBusinessShortNumber":null,"VoteBusinessTitle":null},{"__metadata":{"id":"https://ws.parlament.ch/OData.svc/Transcript(ID=139565L,Language='DE')","uri":"https://ws.parlament.ch/OData.svc/Transcript(ID=139565L,Language='DE')","type":"itsystems.Pd.DataServices.DataModel.Transcript"},"Subjects":{"__deferred":{"uri":"https://ws.parlament.ch/OData.svc/Transcript(ID=139565L,Language='DE')/Subjects"}},"MembersCouncil":{"__deferred":{"uri":"https://ws.parlament.ch/OData.svc/Transcript(ID=139565L,Language='DE')/MembersCouncil"}},"Businesses":{"__deferred":{"uri":"https://ws.parlament.ch/OData.svc/Transcript(ID=139565L,Language='DE')/Businesses"}},"ID":"139565","Language":"DE","IdSubject":"23535","VoteId":null,"PersonNumber":1279,"Type":1,"Text":"<pd_text><p>Ce matin, la commission s'est ralli\u00e9e \u00e0 la d\u00e9cision du Conseil des Etats; il n'y a donc plus de divergences. Le dernier enjeu \u00e9tait de savoir \u00e0 quelles conditions la plus-value ne serait pas tax\u00e9e lorsque le b\u00e9n\u00e9fice issu d'un reclassement est investi dans un outil de production, agricole en particulier. L'id\u00e9e venait de Monsieur Hausammann; elle avait \u00e9t\u00e9 accept\u00e9e par notre conseil. Le Conseil des Etats l'a accept\u00e9e, mais en la restreignant vraiment pour le cas d'un r\u00e9investissement dans le b\u00e2timent agricole. Donc, dans le cas o\u00f9 le b\u00e9n\u00e9fice est r\u00e9investi dans un b\u00e2timent agricole par un agriculteur pour remplacer sans agrandir son b\u00e2timent agricole dans un d\u00e9lai raisonnable \u00e0 partir de l'\u00e9ch\u00e9ance de l'imp\u00f4t et pour une exploitation par l'agriculteur lui-m\u00eame, dans ce cas la plus-value sur cette part n'est pas tax\u00e9e. Cette solution est raisonnable. Le Conseil des Etats n'\u00e9tait pas enthousiaste, mais il a fait un pas dans notre direction et c'est la raison pour laquelle la commission s'y est ralli\u00e9e. </p>\n<p>Je vous prie donc \u00e9videmment de vous rallier \u00e0 cette d\u00e9cision, m\u00eame s'il n'y aura probablement pas de vote \u00e0 ce sujet. Monsieur B\u00e4umle ajoutera encore une pr\u00e9cision sur la question du retrait conditionnel de l'initiative populaire dans ce projet et dans le contre-projet.</p>\n</pd_text>","MeetingCouncilAbbreviation":"N","MeetingDate":"20120531","MeetingVerbalixOid":2188,"IdSession":"4904","SpeakerFirstName":"Roger","SpeakerLastName":"Nordmann","SpeakerFullName":"Nordmann Roger","SpeakerFunction":"Mit-M","CouncilId":1,"CouncilName":"Nationalrat","CantonId":22,"CantonName":"Waadt","CantonAbbreviation":"VD","ParlGroupName":"Sozialdemokratische Fraktion","ParlGroupAbbreviation":"S","SortOrder":2,"Start":"\/Date(1338460108962)\/","End":"\/Date(1338460206534)\/","Function":"*","DisplaySpeaker":true,"LanguageOfText":"FR","Modified":"\/Date(1774877628788)\/","StartTimeWithTimezone":"\/Date(1338460108963+0120)\/","EndTimeWithTimezone":"\/Date(1338460206533+0120)\/","VoteBusinessNumber":null,"VoteBusinessShortNumber":null,"VoteBusinessTitle":null},{"__metadata":{"id":"https://ws.parlament.ch/OData.svc/Transcript(ID=139566L,Language='DE')","uri":"https://ws.parlament.ch/OData.svc/Transcript(ID=139566L,Language='DE')","type":"itsystems.Pd.DataServices.DataModel.Transcript"},"Subjects":{"__deferred":{"uri":"https://ws.parlament.ch/OData.svc/Transcript(ID=139566L,Language='DE')/Subjects"}},"MembersCouncil":{"__deferred":{"uri":"https://ws.parlament.ch/OData.svc/Transcript(ID=139566L,Language='DE')/MembersCouncil"}},"Businesses":{"__deferred":{"uri":"https://ws.parlament.ch/OData.svc/Transcript(ID=139566L,Language='DE')/Businesses"}},"ID":"139566","Language":"DE","IdSubject":"23535","VoteId":null,"PersonNumber":519,"Type":1,"Text":"<pd_text><p><b>Bundesgesetz \u00fcber die Raumplanung </b></p>\n<p><b>Loi f\u00e9d\u00e9rale sur l'am\u00e9nagement du territoire </b></p>\n<p>[VS]</p>\n<p><b>Art. 5 Abs. 1ter a</b></p>\n<p><i>Antrag der Kommission</i></p>\n<p>Zustimmung zum Beschluss des St\u00e4nderates</p>\n<p>[VS]</p>\n<p><b>Art. 5 al. 1ter a</b></p>\n<p><i>Proposition de la commission</i></p>\n<p>Adh\u00e9rer \u00e0 la d\u00e9cision du Conseil des Etats</p>\n</pd_text>","MeetingCouncilAbbreviation":"N","MeetingDate":"20120531","MeetingVerbalixOid":2188,"IdSession":"4904","SpeakerFirstName":"Hansj\u00f6rg","SpeakerLastName":"Walter","SpeakerFullName":"Walter Hansj\u00f6rg","SpeakerFunction":"P-M","CouncilId":1,"CouncilName":"Nationalrat","CantonId":20,"CantonName":"Thurgau","CantonAbbreviation":"TG","ParlGroupName":"Fraktion der Schweizerischen Volkspartei","ParlGroupAbbreviation":"V","SortOrder":1,"Start":"\/Date(1338460033791)\/","End":"\/Date(1338460108962)\/","Function":"P-M","DisplaySpeaker":false,"LanguageOfText":null,"Modified":"\/Date(1774877628787)\/","StartTimeWithTimezone":"\/Date(1338460033790+0120)\/","EndTimeWithTimezone":"\/Date(1338460108963+0120)\/","VoteBusinessNumber":null,"VoteBusinessShortNumber":null,"VoteBusinessTitle":null}]},"ID":"23535","Language":"DE","IdMeeting":"1544","VerbalixOid":381051,"SortOrder":2,"Modified":"\/Date(1774877628785)\/"}}