{"d":{"__metadata":{"id":"https://ws.parlament.ch/OData.svc/Subject(ID=23821L,Language='DE')","uri":"https://ws.parlament.ch/OData.svc/Subject(ID=23821L,Language='DE')","type":"itsystems.Pd.DataServices.DataModel.Subject"},"Meetings":{"__metadata":{"id":"https://ws.parlament.ch/OData.svc/Meeting(ID=1552L,Language='DE')","uri":"https://ws.parlament.ch/OData.svc/Meeting(ID=1552L,Language='DE')","type":"itsystems.Pd.DataServices.DataModel.Meeting"},"Sessions":{"__deferred":{"uri":"https://ws.parlament.ch/OData.svc/Meeting(ID=1552L,Language='DE')/Sessions"}},"Subjects":{"__deferred":{"uri":"https://ws.parlament.ch/OData.svc/Meeting(ID=1552L,Language='DE')/Subjects"}},"ID":"1552","Language":"DE","MeetingNumber":7,"IdSession":4806,"SessionNumber":6,"SessionName":"Wintersession 2008","Council":2,"CouncilName":"St\u00e4nderat","CouncilAbbreviation":"SR","Date":"\/Date(1228867200000)\/","Begin":"1120","Modified":"\/Date(1447070278510)\/","LegislativePeriodNumber":48,"PublicationStatus":"final","MeetingOrderText":"Siebte Sitzung","SortOrder":7,"Location":"S"},"SubjectsBusiness":{"results":[{"__metadata":{"id":"https://ws.parlament.ch/OData.svc/SubjectBusiness(BusinessNumber=20080412,IdSubject=23821L,Language='DE')","uri":"https://ws.parlament.ch/OData.svc/SubjectBusiness(BusinessNumber=20080412,IdSubject=23821L,Language='DE')","type":"itsystems.Pd.DataServices.DataModel.SubjectBusiness"},"Subjects":{"__deferred":{"uri":"https://ws.parlament.ch/OData.svc/SubjectBusiness(BusinessNumber=20080412,IdSubject=23821L,Language='DE')/Subjects"}},"Businesses":{"__deferred":{"uri":"https://ws.parlament.ch/OData.svc/SubjectBusiness(BusinessNumber=20080412,IdSubject=23821L,Language='DE')/Businesses"}},"IdSubject":"23821","BusinessNumber":20080412,"Language":"DE","BusinessShortNumber":"08.412","Title":"Extranet. Zugang f\u00fcr Fraktionssekretariate zu Unterlagen kommissionseigener Gesch\u00e4fte","SortOrder":1,"PublishedNotes":"Zweitrat - Deuxi\u00e8me Conseil\n","Modified":"\/Date(1447069364036)\/","TitleDE":"Parlamentarische Initiative\nfreisinnig-demokratische Fraktion.\nExtranet. Zugang\nf\u00fcr Fraktionssekretariate\nzu Unterlagen\nkommissionseigener Gesch\u00e4fte","TitleFR":"Initiative parlementaire\ngroupe radical-lib\u00e9ral.\nExtranet. Acc\u00e8s\ndes secr\u00e9tariats des groupes\naux documents relatifs\naux affaires internes des commissions","TitleIT":null},{"__metadata":{"id":"https://ws.parlament.ch/OData.svc/SubjectBusiness(BusinessNumber=20080413,IdSubject=23821L,Language='DE')","uri":"https://ws.parlament.ch/OData.svc/SubjectBusiness(BusinessNumber=20080413,IdSubject=23821L,Language='DE')","type":"itsystems.Pd.DataServices.DataModel.SubjectBusiness"},"Subjects":{"__deferred":{"uri":"https://ws.parlament.ch/OData.svc/SubjectBusiness(BusinessNumber=20080413,IdSubject=23821L,Language='DE')/Subjects"}},"Businesses":{"__deferred":{"uri":"https://ws.parlament.ch/OData.svc/SubjectBusiness(BusinessNumber=20080413,IdSubject=23821L,Language='DE')/Businesses"}},"IdSubject":"23821","BusinessNumber":20080413,"Language":"DE","BusinessShortNumber":"08.413","Title":"Extranet. Zugang f\u00fcr Fraktionssekretariate zu Unterlagen kommissionseigener Gesch\u00e4fte","SortOrder":2,"PublishedNotes":"Zweitrat - Deuxi\u00e8me Conseil\n","Modified":"\/Date(1447069364063)\/","TitleDE":"Parlamentarische Initiative\nsozialdemokratische Fraktion.\nExtranet. Zugang\nf\u00fcr Fraktionssekretariate\nzu Unterlagen\nkommissionseigener Gesch\u00e4fte","TitleFR":"Initiative parlementaire\ngroupe socialiste.\nExtranet. Acc\u00e8s\ndes secr\u00e9tariats des groupes\naux documents relatifs\naux affaires internes des commissions","TitleIT":null},{"__metadata":{"id":"https://ws.parlament.ch/OData.svc/SubjectBusiness(BusinessNumber=20080414,IdSubject=23821L,Language='DE')","uri":"https://ws.parlament.ch/OData.svc/SubjectBusiness(BusinessNumber=20080414,IdSubject=23821L,Language='DE')","type":"itsystems.Pd.DataServices.DataModel.SubjectBusiness"},"Subjects":{"__deferred":{"uri":"https://ws.parlament.ch/OData.svc/SubjectBusiness(BusinessNumber=20080414,IdSubject=23821L,Language='DE')/Subjects"}},"Businesses":{"__deferred":{"uri":"https://ws.parlament.ch/OData.svc/SubjectBusiness(BusinessNumber=20080414,IdSubject=23821L,Language='DE')/Businesses"}},"IdSubject":"23821","BusinessNumber":20080414,"Language":"DE","BusinessShortNumber":"08.414","Title":"Extranet. Zugang f\u00fcr Fraktionssekretariate zu Unterlagen kommissionseigener Gesch\u00e4fte","SortOrder":3,"PublishedNotes":"Zweitrat - Deuxi\u00e8me Conseil\n","Modified":"\/Date(1447069364090)\/","TitleDE":"Parlamentarische Initiative\ngr\u00fcne Fraktion.\nExtranet. Zugang\nf\u00fcr Fraktionssekretariate\nzu Unterlagen\nkommissionseigener Gesch\u00e4fte","TitleFR":"Initiative parlementaire\ngroupe des Verts.\nExtranet. Acc\u00e8s\ndes secr\u00e9tariats des groupes\naux documents relatifs\naux affaires internes des commissions","TitleIT":null},{"__metadata":{"id":"https://ws.parlament.ch/OData.svc/SubjectBusiness(BusinessNumber=20080415,IdSubject=23821L,Language='DE')","uri":"https://ws.parlament.ch/OData.svc/SubjectBusiness(BusinessNumber=20080415,IdSubject=23821L,Language='DE')","type":"itsystems.Pd.DataServices.DataModel.SubjectBusiness"},"Subjects":{"__deferred":{"uri":"https://ws.parlament.ch/OData.svc/SubjectBusiness(BusinessNumber=20080415,IdSubject=23821L,Language='DE')/Subjects"}},"Businesses":{"__deferred":{"uri":"https://ws.parlament.ch/OData.svc/SubjectBusiness(BusinessNumber=20080415,IdSubject=23821L,Language='DE')/Businesses"}},"IdSubject":"23821","BusinessNumber":20080415,"Language":"DE","BusinessShortNumber":"08.415","Title":"Extranet. Zugang f\u00fcr Fraktionssekretariate zu Unterlagen kommissionseigener Gesch\u00e4fte","SortOrder":4,"PublishedNotes":"Zweitrat - Deuxi\u00e8me Conseil\n","Modified":"\/Date(1447069364116)\/","TitleDE":"Parlamentarische Initiative Fraktion\nder Schweizerischen Volkspartei.\nExtranet. Zugang\nf\u00fcr Fraktionssekretariate\nzu Unterlagen\nkommissionseigener Gesch\u00e4fte","TitleFR":"Initiative parlementaire groupe\nde l'Union d\u00e9mocratique du Centre.\nExtranet. Acc\u00e8s\ndes secr\u00e9tariats des groupes\naux documents relatifs\naux affaires internes des commissions","TitleIT":null}]},"Transcripts":{"results":[{"__metadata":{"id":"https://ws.parlament.ch/OData.svc/Transcript(ID=140561L,Language='DE')","uri":"https://ws.parlament.ch/OData.svc/Transcript(ID=140561L,Language='DE')","type":"itsystems.Pd.DataServices.DataModel.Transcript"},"Subjects":{"__deferred":{"uri":"https://ws.parlament.ch/OData.svc/Transcript(ID=140561L,Language='DE')/Subjects"}},"MembersCouncil":{"__deferred":{"uri":"https://ws.parlament.ch/OData.svc/Transcript(ID=140561L,Language='DE')/MembersCouncil"}},"Businesses":{"__deferred":{"uri":"https://ws.parlament.ch/OData.svc/Transcript(ID=140561L,Language='DE')/Businesses"}},"ID":"140561","Language":"DE","IdSubject":"23821","VoteId":null,"PersonNumber":1161,"Type":1,"Text":"<pd_text><p><i>Angenommen - Adopt\u00e9</i></p>\n<p>[VS]</p>\n<p><b>Ziff. II</b></p>\n<p><i>Antrag des B\u00fcros</i></p>\n<p>Zustimmung zum Beschluss des Nationalrates</p>\n<p>[VS]</p>\n<p><b>Ch. II</b></p>\n<p><i>Proposition du Bureau</i></p>\n<p>Adh\u00e9rer \u00e0 la d\u00e9cision du Conseil national</p>\n<p>[VS]</p>\n<p><i>Angenommen - Adopt\u00e9</i></p>\n<p>[VS]</p>\n<p>[VS]</p>\n<p><i>Gesamtabstimmung - Vote sur l'ensemble</i></p>\n<p>F\u00fcr Annahme des Entwurfes ... 26 Stimmen</p>\n<p>(Einstimmigkeit)</p>\n<p>(1 Enthaltung)</p>\n<p>[PAGE 944] </p>\n</pd_text>","MeetingCouncilAbbreviation":"S","MeetingDate":"20081210","MeetingVerbalixOid":1753,"IdSession":"4806","SpeakerFirstName":"Alain","SpeakerLastName":"Berset","SpeakerFullName":"Berset Alain","SpeakerFunction":"P-M","CouncilId":2,"CouncilName":"St\u00e4nderat","CantonId":10,"CantonName":"Freiburg","CantonAbbreviation":"FR","ParlGroupName":"Sozialdemokratische Fraktion","ParlGroupAbbreviation":"S","SortOrder":5,"Start":"\/Date(1228908623167)\/","End":"\/Date(1228908716430)\/","Function":"P-M","DisplaySpeaker":false,"LanguageOfText":null,"Modified":"\/Date(1510850219307)\/","StartTimeWithTimezone":"\/Date(1228908623167+0060)\/","EndTimeWithTimezone":"\/Date(1228908716430+0060)\/","VoteBusinessNumber":null,"VoteBusinessShortNumber":null,"VoteBusinessTitle":null},{"__metadata":{"id":"https://ws.parlament.ch/OData.svc/Transcript(ID=140562L,Language='DE')","uri":"https://ws.parlament.ch/OData.svc/Transcript(ID=140562L,Language='DE')","type":"itsystems.Pd.DataServices.DataModel.Transcript"},"Subjects":{"__deferred":{"uri":"https://ws.parlament.ch/OData.svc/Transcript(ID=140562L,Language='DE')/Subjects"}},"MembersCouncil":{"__deferred":{"uri":"https://ws.parlament.ch/OData.svc/Transcript(ID=140562L,Language='DE')/MembersCouncil"}},"Businesses":{"__deferred":{"uri":"https://ws.parlament.ch/OData.svc/Transcript(ID=140562L,Language='DE')/Businesses"}},"ID":"140562","Language":"DE","IdSubject":"23821","VoteId":null,"PersonNumber":370,"Type":1,"Text":"<pd_text><p>Das B\u00fcro des Nationalrates hat den von den vier Fraktionen geforderten Zugang zu Protokollen und Unterlagen des B\u00fcros in Eigeninitiative ausgedehnt. Der Nationalrat hat diese Bestimmung \u00fcbernommen. Die Forderung wird damit begr\u00fcndet, dass die Protokolle und Unterlagen des B\u00fcros, welche die Sessionsplanung, die Jahresplanung oder die Zuteilung der Gesch\u00e4fte an die Kommissionen betreffen, f\u00fcr die Vorbereitungsarbeiten der Fraktionssekretariate sehr wichtig seien.</p>\n<p>Ihr B\u00fcro empfiehlt Ihnen einstimmig, diesen Buchstaben nicht in die ParlVV aufzunehmen. Wir verstehen die Argumentation des Nationalrates betreffend Sessionsplanung, Jahresplanung oder Zuteilung der Gesch\u00e4fte. Diese Daten werden aber bereits publiziert. Die Protokolle und Unterlagen des B\u00fcros beinhalten auch verschiedenste andere Traktanden, welche ausschliesslich die Ratsarbeit betreffen und f\u00fcr die Fraktionssekretariate von geringem Nutzen sind; dies umso mehr, als der Ratspr\u00e4sident gem\u00e4ss Verordnung befugt ist, Ausnahmen von dieser Regel vorzusehen.</p>\n<p>In diesem Sinn bitte ich Sie, diese \u00c4nderung nicht anzunehmen, d. h., Buchstabe c von Artikel 6b Absatz 1 zu streichen.</p>\n</pd_text>","MeetingCouncilAbbreviation":"S","MeetingDate":"20081210","MeetingVerbalixOid":1753,"IdSession":"4806","SpeakerFirstName":"Erika","SpeakerLastName":"Forster-Vannini","SpeakerFullName":"Forster-Vannini Erika","SpeakerFunction":"1VP-F","CouncilId":2,"CouncilName":"St\u00e4nderat","CantonId":17,"CantonName":"St. Gallen","CantonAbbreviation":"SG","ParlGroupName":"Freisinnig-demokratische Fraktion","ParlGroupAbbreviation":"RL","SortOrder":4,"Start":"\/Date(1228908536090)\/","End":"\/Date(1228908623167)\/","Function":"B","DisplaySpeaker":true,"LanguageOfText":"DE","Modified":"\/Date(1510850219307)\/","StartTimeWithTimezone":"\/Date(1228908536090+0060)\/","EndTimeWithTimezone":"\/Date(1228908623167+0060)\/","VoteBusinessNumber":null,"VoteBusinessShortNumber":null,"VoteBusinessTitle":null},{"__metadata":{"id":"https://ws.parlament.ch/OData.svc/Transcript(ID=140563L,Language='DE')","uri":"https://ws.parlament.ch/OData.svc/Transcript(ID=140563L,Language='DE')","type":"itsystems.Pd.DataServices.DataModel.Transcript"},"Subjects":{"__deferred":{"uri":"https://ws.parlament.ch/OData.svc/Transcript(ID=140563L,Language='DE')/Subjects"}},"MembersCouncil":{"__deferred":{"uri":"https://ws.parlament.ch/OData.svc/Transcript(ID=140563L,Language='DE')/MembersCouncil"}},"Businesses":{"__deferred":{"uri":"https://ws.parlament.ch/OData.svc/Transcript(ID=140563L,Language='DE')/Businesses"}},"ID":"140563","Language":"DE","IdSubject":"23821","VoteId":null,"PersonNumber":1161,"Type":1,"Text":"<pd_text><p><i>Eintreten wird ohne Gegenantrag beschlossen</i></p>\n<p><i>L'entr\u00e9e en mati\u00e8re est d\u00e9cid\u00e9e sans opposition</i></p>\n<p>[VS]</p>\n<p>[VS]</p>\n<p><b>Verordnung der Bundesversammlung zum Parlamentsgesetz und \u00fcber die Parlamentsverwaltung </b></p>\n<p><b>Ordonnance de l'Assembl\u00e9e f\u00e9d\u00e9rale portant application de la loi sur le Parlement et relative \u00e0 l'administration du Parlement </b></p>\n<p>[VS]</p>\n<p><i>Detailberatung - Discussion par article</i></p>\n<p>[VS]</p>\n<p><b>Titel und Ingress, Ziff. I Einleitung, Art. 6 Abs. 4, Art. 6a Abs. 2 Bst. d</b></p>\n<p><i>Antrag des B\u00fcros</i></p>\n<p>Zustimmung zum Beschluss des Nationalrates</p>\n<p>[VS]</p>\n<p><b>Titre et pr\u00e9ambule, ch. I introduction, art. 6 al. 4, art. 6a al. 2 let. d</b></p>\n<p><i>Proposition du Bureau</i></p>\n<p>Adh\u00e9rer \u00e0 la d\u00e9cision du Conseil national</p>\n<p>[VS]</p>\n<p><i>Angenommen - Adopt\u00e9</i></p>\n<p>[VS]</p>\n<p><b>Art. 6b</b></p>\n<p><i>Antrag des B\u00fcros</i></p>\n<p><i>Abs. 1</i></p>\n<p>...</p>\n<p>c. Streichen</p>\n<p><i>Abs. 2, 3</i></p>\n<p>Zustimmung zum Beschluss des Nationalrates</p>\n<p>[VS]</p>\n<p><b>Art. 6b</b></p>\n<p><i>Proposition du Bureau</i></p>\n<p><i>Al. 1</i></p>\n<p>...</p>\n<p>c. Biffer</p>\n<p><i>Al. 2, 3</i></p>\n<p>Adh\u00e9rer \u00e0 la d\u00e9cision du Conseil national</p>\n</pd_text>","MeetingCouncilAbbreviation":"S","MeetingDate":"20081210","MeetingVerbalixOid":1753,"IdSession":"4806","SpeakerFirstName":"Alain","SpeakerLastName":"Berset","SpeakerFullName":"Berset Alain","SpeakerFunction":"P-M","CouncilId":2,"CouncilName":"St\u00e4nderat","CantonId":10,"CantonName":"Freiburg","CantonAbbreviation":"FR","ParlGroupName":"Sozialdemokratische Fraktion","ParlGroupAbbreviation":"S","SortOrder":3,"Start":"\/Date(1228908474977)\/","End":"\/Date(1228908536090)\/","Function":"P-M","DisplaySpeaker":false,"LanguageOfText":null,"Modified":"\/Date(1510850219293)\/","StartTimeWithTimezone":"\/Date(1228908474977+0060)\/","EndTimeWithTimezone":"\/Date(1228908536090+0060)\/","VoteBusinessNumber":null,"VoteBusinessShortNumber":null,"VoteBusinessTitle":null},{"__metadata":{"id":"https://ws.parlament.ch/OData.svc/Transcript(ID=140564L,Language='DE')","uri":"https://ws.parlament.ch/OData.svc/Transcript(ID=140564L,Language='DE')","type":"itsystems.Pd.DataServices.DataModel.Transcript"},"Subjects":{"__deferred":{"uri":"https://ws.parlament.ch/OData.svc/Transcript(ID=140564L,Language='DE')/Subjects"}},"MembersCouncil":{"__deferred":{"uri":"https://ws.parlament.ch/OData.svc/Transcript(ID=140564L,Language='DE')/MembersCouncil"}},"Businesses":{"__deferred":{"uri":"https://ws.parlament.ch/OData.svc/Transcript(ID=140564L,Language='DE')/Businesses"}},"ID":"140564","Language":"DE","IdSubject":"23821","VoteId":null,"PersonNumber":173,"Type":1,"Text":"<pd_text><p>Ich habe volles Verst\u00e4ndnis f\u00fcr die Fraktionssekretariate, die wollen, dass sie k\u00fcnftig, wenn auch nur in beschr\u00e4nktem Rahmen, von den hervorragenden Diensten des Extranets Gebrauch machen d\u00fcrfen. Ich verschliesse mich diesem Wunsch nicht, hoffe aber, dass den Fraktionssekretariaten dieses Vorrecht nur in beschr\u00e4nktem Umfang einger\u00e4umt wird.</p>\n<p>Ich bitte Sie aber, auch an die W\u00fcnsche derjenigen zu denken, die als Parlamentarier in diesem Haus ebenso sehr auf das Internet angewiesen sind. Viele Informationen stehen uns nur \u00fcber das Internet, eventuell sogar nur \u00fcber das Extranet zur Verf\u00fcgung. Aber wir d\u00fcrfen bei unserer t\u00e4glichen Arbeit hier drin nicht von unserem Personal Computer Gebrauch machen. Ich habe vorletztes Jahr einmal den Versuch unternommen, daf\u00fcr zu sorgen, dass uns das gestattet wird. Sie haben mich letzte Woche ins B\u00fcro gew\u00e4hlt, ich danke Ihnen noch einmal daf\u00fcr. Ich m\u00f6chte Ihnen hiermit kundtun, dass ich versuchen werde, im B\u00fcro die Frage des Gebrauchs des Personal Computers hier drin noch einmal zur Diskussion zu stellen. Was wir den Fraktionssekretariaten einr\u00e4umen, sollten wir auch denen einr\u00e4umen, die hier drin von ihrem Personal Computer und vom Internet Gebrauch machen wollen.</p>\n</pd_text>","MeetingCouncilAbbreviation":"S","MeetingDate":"20081210","MeetingVerbalixOid":1753,"IdSession":"4806","SpeakerFirstName":"Maximilian","SpeakerLastName":"Reimann","SpeakerFullName":"Reimann Maximilian","SpeakerFunction":"Mit-M","CouncilId":2,"CouncilName":"St\u00e4nderat","CantonId":19,"CantonName":"Aargau","CantonAbbreviation":"AG","ParlGroupName":"Fraktion der Schweizerischen Volkspartei","ParlGroupAbbreviation":"V","SortOrder":2,"Start":"\/Date(1228908373247)\/","End":"\/Date(1228908474977)\/","Function":"Mit-M","DisplaySpeaker":true,"LanguageOfText":"DE","Modified":"\/Date(1510850219293)\/","StartTimeWithTimezone":"\/Date(1228908373247+0060)\/","EndTimeWithTimezone":"\/Date(1228908474977+0060)\/","VoteBusinessNumber":null,"VoteBusinessShortNumber":null,"VoteBusinessTitle":null},{"__metadata":{"id":"https://ws.parlament.ch/OData.svc/Transcript(ID=140565L,Language='DE')","uri":"https://ws.parlament.ch/OData.svc/Transcript(ID=140565L,Language='DE')","type":"itsystems.Pd.DataServices.DataModel.Transcript"},"Subjects":{"__deferred":{"uri":"https://ws.parlament.ch/OData.svc/Transcript(ID=140565L,Language='DE')/Subjects"}},"MembersCouncil":{"__deferred":{"uri":"https://ws.parlament.ch/OData.svc/Transcript(ID=140565L,Language='DE')/MembersCouncil"}},"Businesses":{"__deferred":{"uri":"https://ws.parlament.ch/OData.svc/Transcript(ID=140565L,Language='DE')/Businesses"}},"ID":"140565","Language":"DE","IdSubject":"23821","VoteId":null,"PersonNumber":370,"Type":1,"Text":"<pd_text><p>Seit Januar 2008 stehen den Ratsmitgliedern alle Kommissionsunterlagen und -protokolle auf dem Extranet zur Verf\u00fcgung. Gleichzeitig wurde die Regelung der Zugangsrechte der Ratsmitglieder, der Mitarbeiter der Parlamentsdienste und der Fraktionssekretariate erlassen. In Bezug auf den Zugang der Fraktionssekretariate st\u00fctzen sich die Parlamentsdienste auf den neuen Artikel 6 Absatz 4 der Parlamentsverwaltungsverordnung. Gem\u00e4ss dieser Bestimmung haben die Mitarbeiterinnen und Mitarbeiter der Fraktionssekretariate umfassende Zugangsrechte betreffend die Protokolle und Unterlagen zu den Erlassentw\u00fcrfen, den parlamentarischen und den Standesinitiativen, den Motionen im Zweitrat und den Petitionen. Die Protokolle und Unterlagen zu kommissionseigenen Gesch\u00e4ften der Legislativkommissionen sollen den Sekretariaten gem\u00e4ss [PAGE 943] geltenden rechtlichen Bestimmungen nicht zugestellt werden. </p>\n<p>Mit den vorliegenden Initiativen wird nun verlangt, dass die Fraktionssekretariate k\u00fcnftig auch die Protokolle und Unterlagen zu den kommissionseigenen Gesch\u00e4ften der Legislativkommissionen erhalten sollen. Die Verwaltungsdelegation hat zur Kenntnis genommen, dass die Fraktionssekretariate entgegen der rechtlichen Regelung teilweise bereits bisher Protokolle und Unterlagen zu kommissionseigenen Gesch\u00e4ften der Legislativkommissionen erhalten haben. Um k\u00fcnftig solche uneinheitlichen Praktiken zu vermeiden und mit Hinweis auf das Amtsgeheimnis, dem alle Fraktionsmitarbeiterinnen und -mitarbeiter unterstehen, sieht der Entwurf vor, dass die Fraktionssekretariate grunds\u00e4tzlich Anspruch auf alle Kommissionsprotokolle und -unterlagen der Legislativkommissionen haben sollen. Der Entwurf nimmt zudem R\u00fccksicht auf die gesetzlichen Bestimmungen \u00fcber die Vertraulichkeit und den Geheimnisschutz. Diese verlangen, dass besonders sensible Daten nur einem eingeschr\u00e4nkten Personenkreis zug\u00e4nglich gemacht werden. Die Kommissionspr\u00e4sidentin respektive der Kommissionspr\u00e4sident kann auf eine Zustellung oder Bereitstellung f\u00fcr die Fraktionssekretariate verzichten, wenn dies wegen \u00fcberwiegender privater oder \u00f6ffentlicher Interessen gerechtfertigt ist. </p>\n<p>Die beiden B\u00fcros haben den Anliegen der Fraktionen zugestimmt, und ich bitte Sie ebenfalls, den parlamentarischen Initiativen Folge zu geben.</p>\n</pd_text>","MeetingCouncilAbbreviation":"S","MeetingDate":"20081210","MeetingVerbalixOid":1753,"IdSession":"4806","SpeakerFirstName":"Erika","SpeakerLastName":"Forster-Vannini","SpeakerFullName":"Forster-Vannini Erika","SpeakerFunction":"1VP-F","CouncilId":2,"CouncilName":"St\u00e4nderat","CantonId":17,"CantonName":"St. Gallen","CantonAbbreviation":"SG","ParlGroupName":"Freisinnig-demokratische Fraktion","ParlGroupAbbreviation":"RL","SortOrder":1,"Start":"\/Date(1228908199610)\/","End":"\/Date(1228908364313)\/","Function":"B","DisplaySpeaker":true,"LanguageOfText":"DE","Modified":"\/Date(1510850219293)\/","StartTimeWithTimezone":"\/Date(1228908199610+0060)\/","EndTimeWithTimezone":"\/Date(1228908364313+0060)\/","VoteBusinessNumber":null,"VoteBusinessShortNumber":null,"VoteBusinessTitle":null}]},"ID":"23821","Language":"DE","IdMeeting":"1552","VerbalixOid":287025,"SortOrder":1,"Modified":"\/Date(1447070278517)\/"}}