{"d":{"__metadata":{"id":"https://ws.parlament.ch/OData.svc/Subject(ID=23844L,Language='DE')","uri":"https://ws.parlament.ch/OData.svc/Subject(ID=23844L,Language='DE')","type":"itsystems.Pd.DataServices.DataModel.Subject"},"Meetings":{"__metadata":{"id":"https://ws.parlament.ch/OData.svc/Meeting(ID=1553L,Language='DE')","uri":"https://ws.parlament.ch/OData.svc/Meeting(ID=1553L,Language='DE')","type":"itsystems.Pd.DataServices.DataModel.Meeting"},"Sessions":{"__deferred":{"uri":"https://ws.parlament.ch/OData.svc/Meeting(ID=1553L,Language='DE')/Sessions"}},"Subjects":{"__deferred":{"uri":"https://ws.parlament.ch/OData.svc/Meeting(ID=1553L,Language='DE')/Subjects"}},"ID":"1553","Language":"DE","MeetingNumber":3,"IdSession":4802,"SessionNumber":2,"SessionName":"Fr\u00fchjahrssession 2008","Council":1,"CouncilName":"Nationalrat","CouncilAbbreviation":"NR","Date":"\/Date(1204675200000)\/","Begin":"0800","Modified":"\/Date(1447070278800)\/","LegislativePeriodNumber":48,"PublicationStatus":"final","MeetingOrderText":"Dritte Sitzung","SortOrder":3,"Location":"N"},"SubjectsBusiness":{"results":[{"__metadata":{"id":"https://ws.parlament.ch/OData.svc/SubjectBusiness(BusinessNumber=20060300,IdSubject=23844L,Language='DE')","uri":"https://ws.parlament.ch/OData.svc/SubjectBusiness(BusinessNumber=20060300,IdSubject=23844L,Language='DE')","type":"itsystems.Pd.DataServices.DataModel.SubjectBusiness"},"Subjects":{"__deferred":{"uri":"https://ws.parlament.ch/OData.svc/SubjectBusiness(BusinessNumber=20060300,IdSubject=23844L,Language='DE')/Subjects"}},"Businesses":{"__deferred":{"uri":"https://ws.parlament.ch/OData.svc/SubjectBusiness(BusinessNumber=20060300,IdSubject=23844L,Language='DE')/Businesses"}},"IdSubject":"23844","BusinessNumber":20060300,"Language":"DE","BusinessShortNumber":"06.300","Title":"Bundesgesetz \u00fcber die Krankenversicherung. \u00c4nderung","SortOrder":1,"PublishedNotes":"Vorpr\u00fcfung - Examen pr\u00e9alable\n","Modified":"\/Date(1447069297283)\/","TitleDE":"Standesinitiative Genf.\nBundesgesetz\n\u00fcber die Krankenversicherung.\n\u00c4nderung","TitleFR":"Initiative cantonale Gen\u00e8ve.\nLoi f\u00e9d\u00e9rale\nsur l'assurance-maladie.\nModification","TitleIT":null}]},"Transcripts":{"results":[{"__metadata":{"id":"https://ws.parlament.ch/OData.svc/Transcript(ID=140702L,Language='DE')","uri":"https://ws.parlament.ch/OData.svc/Transcript(ID=140702L,Language='DE')","type":"itsystems.Pd.DataServices.DataModel.Transcript"},"Subjects":{"__deferred":{"uri":"https://ws.parlament.ch/OData.svc/Transcript(ID=140702L,Language='DE')/Subjects"}},"MembersCouncil":{"__deferred":{"uri":"https://ws.parlament.ch/OData.svc/Transcript(ID=140702L,Language='DE')/MembersCouncil"}},"Businesses":{"__deferred":{"uri":"https://ws.parlament.ch/OData.svc/Transcript(ID=140702L,Language='DE')/Businesses"}},"ID":"140702","Language":"DE","IdSubject":"23844","VoteId":"310","PersonNumber":null,"Type":2,"Text":"<pd_text><p><i>Abstimmung - Vote</i></p>\n<p>[NAM]</p>\n<p>F\u00fcr Folgegeben ... 65 Stimmen</p>\n<p>Dagegen ... 119 Stimmen</p>\n</pd_text>","MeetingCouncilAbbreviation":"N","MeetingDate":"20080305","MeetingVerbalixOid":1643,"IdSession":"4802","SpeakerFirstName":null,"SpeakerLastName":null,"SpeakerFullName":"","SpeakerFunction":null,"CouncilId":null,"CouncilName":null,"CantonId":null,"CantonName":null,"CantonAbbreviation":null,"ParlGroupName":null,"ParlGroupAbbreviation":null,"SortOrder":9,"Start":"\/Date(1204709439355)\/","End":"\/Date(1204709439355)\/","Function":null,"DisplaySpeaker":null,"LanguageOfText":"DE","Modified":"\/Date(1774877886998)\/","StartTimeWithTimezone":"\/Date(1204709439357+0060)\/","EndTimeWithTimezone":"\/Date(1204709439357+0060)\/","VoteBusinessNumber":20060300,"VoteBusinessShortNumber":"06.300","VoteBusinessTitle":"Standesinitiative Genf.\nBundesgesetz\n\u00fcber die Krankenversicherung.\n\u00c4nderung"},{"__metadata":{"id":"https://ws.parlament.ch/OData.svc/Transcript(ID=140703L,Language='DE')","uri":"https://ws.parlament.ch/OData.svc/Transcript(ID=140703L,Language='DE')","type":"itsystems.Pd.DataServices.DataModel.Transcript"},"Subjects":{"__deferred":{"uri":"https://ws.parlament.ch/OData.svc/Transcript(ID=140703L,Language='DE')/Subjects"}},"MembersCouncil":{"__deferred":{"uri":"https://ws.parlament.ch/OData.svc/Transcript(ID=140703L,Language='DE')/MembersCouncil"}},"Businesses":{"__deferred":{"uri":"https://ws.parlament.ch/OData.svc/Transcript(ID=140703L,Language='DE')/Businesses"}},"ID":"140703","Language":"DE","IdSubject":"23844","VoteId":null,"PersonNumber":50,"Type":1,"Text":"<pd_text><p>Je remercie Monsieur Steiert de l'expos\u00e9 des faits qu'il a choisi de faire en allemand pour faciliter le dialogue. Le Conseil f\u00e9d\u00e9ral sait qu'il y a parfois des diff\u00e9rences. Certaines sont choquantes, d'autres ne le sont pas. Je m'en remets \u00e0 la sagesse de votre commission qui pense qu'il n'y a pas lieu de donner suite \u00e0 l'initiative d\u00e9pos\u00e9e par le canton de Gen\u00e8ve.</p>\n</pd_text>","MeetingCouncilAbbreviation":"N","MeetingDate":"20080305","MeetingVerbalixOid":1643,"IdSession":"4802","SpeakerFirstName":"Pascal","SpeakerLastName":"Couchepin","SpeakerFullName":"Couchepin Pascal","SpeakerFunction":"BPR-M","CouncilId":99,"CouncilName":"Bundesrat","CantonId":23,"CantonName":"Wallis","CantonAbbreviation":"VS","ParlGroupName":null,"ParlGroupAbbreviation":null,"SortOrder":8,"Start":"\/Date(1204709298433)\/","End":"\/Date(1204709439355)\/","Function":"BPR-M","DisplaySpeaker":true,"LanguageOfText":"FR","Modified":"\/Date(1774877886995)\/","StartTimeWithTimezone":"\/Date(1204709298433+0060)\/","EndTimeWithTimezone":"\/Date(1204709439357+0060)\/","VoteBusinessNumber":null,"VoteBusinessShortNumber":null,"VoteBusinessTitle":null},{"__metadata":{"id":"https://ws.parlament.ch/OData.svc/Transcript(ID=140704L,Language='DE')","uri":"https://ws.parlament.ch/OData.svc/Transcript(ID=140704L,Language='DE')","type":"itsystems.Pd.DataServices.DataModel.Transcript"},"Subjects":{"__deferred":{"uri":"https://ws.parlament.ch/OData.svc/Transcript(ID=140704L,Language='DE')/Subjects"}},"MembersCouncil":{"__deferred":{"uri":"https://ws.parlament.ch/OData.svc/Transcript(ID=140704L,Language='DE')/MembersCouncil"}},"Businesses":{"__deferred":{"uri":"https://ws.parlament.ch/OData.svc/Transcript(ID=140704L,Language='DE')/Businesses"}},"ID":"140704","Language":"DE","IdSubject":"23844","VoteId":null,"PersonNumber":3865,"Type":1,"Text":"<pd_text><p>Ich habe noch eine Frage: Hat der Bundesrat Kenntnis von den relativ massiven und groben Ungleichbehandlungen unter den R\u00fcckzahlungsfragen betreffend Transportkosten f\u00fcr KVG-F\u00e4lle? Ich denke an folgende F\u00e4lle: Wenn Sie wegen eines Beinbruchs bei einem ambulant arbeitenden Arzt behandelt werden und es Komplikationen gibt, werden Sie ans Spital \u00fcberwiesen, und es gibt nach KVG keine R\u00fcckzahlung der Transportkosten. Wenn Sie genau das Gleiche zum Beispiel im ambulatorisch behandelnden Teil eines Bergspitals erleben und wegen der gleichen Komplikation ein Transport in ein anderes Spital erfolgen muss, dann werden die Transportkosten nach dem neuesten Entscheid des Eidgen\u00f6ssischen Versicherungsgerichtes, den auch Herr Ruey erw\u00e4hnt hat, zur\u00fcckbezahlt.</p>\n<p>Wir haben also die gleiche Komplikation und die gleichen Transportkosten; einmal werden sie im Rahmen des KVG zur\u00fcckbezahlt und einmal nicht. Hat der Bundesrat Kenntnis von dieser Ungleichbehandlung, und gedenkt er etwas dagegen zu unternehmen?</p>\n</pd_text>","MeetingCouncilAbbreviation":"N","MeetingDate":"20080305","MeetingVerbalixOid":1643,"IdSession":"4802","SpeakerFirstName":"Jean-Fran\u00e7ois","SpeakerLastName":"Steiert","SpeakerFullName":"Steiert Jean-Fran\u00e7ois","SpeakerFunction":"Mit-M","CouncilId":1,"CouncilName":"Nationalrat","CantonId":10,"CantonName":"Freiburg","CantonAbbreviation":"FR","ParlGroupName":"Sozialdemokratische Fraktion","ParlGroupAbbreviation":"S","SortOrder":7,"Start":"\/Date(1204709236901)\/","End":"\/Date(1204709298433)\/","Function":"Mit-M","DisplaySpeaker":true,"LanguageOfText":"DE","Modified":"\/Date(1774877886994)\/","StartTimeWithTimezone":"\/Date(1204709236900+0060)\/","EndTimeWithTimezone":"\/Date(1204709298433+0060)\/","VoteBusinessNumber":null,"VoteBusinessShortNumber":null,"VoteBusinessTitle":null},{"__metadata":{"id":"https://ws.parlament.ch/OData.svc/Transcript(ID=140705L,Language='DE')","uri":"https://ws.parlament.ch/OData.svc/Transcript(ID=140705L,Language='DE')","type":"itsystems.Pd.DataServices.DataModel.Transcript"},"Subjects":{"__deferred":{"uri":"https://ws.parlament.ch/OData.svc/Transcript(ID=140705L,Language='DE')/Subjects"}},"MembersCouncil":{"__deferred":{"uri":"https://ws.parlament.ch/OData.svc/Transcript(ID=140705L,Language='DE')/MembersCouncil"}},"Businesses":{"__deferred":{"uri":"https://ws.parlament.ch/OData.svc/Transcript(ID=140705L,Language='DE')/Businesses"}},"ID":"140705","Language":"DE","IdSubject":"23844","VoteId":null,"PersonNumber":505,"Type":1,"Text":"<pd_text><p>Nous ne voulons pas imposer \u00e0 l'assurance obligatoire des soins de prendre en charge des co\u00fbts suppl\u00e9mentaires, fussent-ils minimes. Cela dit, je n'ai pas paraphras\u00e9 ce qu'a dit le rapporteur de langue allemande, mais vous l'avez certainement tr\u00e8s bien compris puisque vous \u00eates bilingue. Les chiffres en question sont difficiles \u00e0 \u00e9tablir. Pour l'instant, ils ne l'ont pas \u00e9t\u00e9, on ne sait pas combien \u00e7a co\u00fbterait. Ce qui est certain, c'est que \u00e7a co\u00fbterait plus cher.</p>\n</pd_text>","MeetingCouncilAbbreviation":"N","MeetingDate":"20080305","MeetingVerbalixOid":1643,"IdSession":"4802","SpeakerFirstName":"Claude","SpeakerLastName":"Ruey","SpeakerFullName":"Ruey Claude","SpeakerFunction":"Mit-M","CouncilId":1,"CouncilName":"Nationalrat","CantonId":22,"CantonName":"Waadt","CantonAbbreviation":"VD","ParlGroupName":"Freisinnig-demokratische Fraktion","ParlGroupAbbreviation":"RL","SortOrder":6,"Start":"\/Date(1204709185558)\/","End":"\/Date(1204709207714)\/","Function":"*","DisplaySpeaker":true,"LanguageOfText":"FR","Modified":"\/Date(1774877886992)\/","StartTimeWithTimezone":"\/Date(1204709185557+0060)\/","EndTimeWithTimezone":"\/Date(1204709207713+0060)\/","VoteBusinessNumber":null,"VoteBusinessShortNumber":null,"VoteBusinessTitle":null},{"__metadata":{"id":"https://ws.parlament.ch/OData.svc/Transcript(ID=140706L,Language='DE')","uri":"https://ws.parlament.ch/OData.svc/Transcript(ID=140706L,Language='DE')","type":"itsystems.Pd.DataServices.DataModel.Transcript"},"Subjects":{"__deferred":{"uri":"https://ws.parlament.ch/OData.svc/Transcript(ID=140706L,Language='DE')/Subjects"}},"MembersCouncil":{"__deferred":{"uri":"https://ws.parlament.ch/OData.svc/Transcript(ID=140706L,Language='DE')/MembersCouncil"}},"Businesses":{"__deferred":{"uri":"https://ws.parlament.ch/OData.svc/Transcript(ID=140706L,Language='DE')/Businesses"}},"ID":"140706","Language":"DE","IdSubject":"23844","VoteId":null,"PersonNumber":1065,"Type":1,"Text":"<pd_text><p>Monsieur Ruey, je ne comprends pas tr\u00e8s bien votre argument selon lequel vous ne voulez pas modifier la pratique juste parce que le nombre de cas de transport est faible. Donc, si ces cas - et ce ne sont par ailleurs jamais les patients mais les m\u00e9decins, le personnel m\u00e9dical qui font appel \u00e0 ce genre de transport - \u00e9taient plus nombreux, vous seriez d'accord de donner suite \u00e0 l'initiative. Quelque part, il n'y a donc pas de logique dans votre [PAGE 72] argumentation. Je ne comprends pas tr\u00e8s bien pourquoi il ne faut pas changer de pratique, c'est-\u00e0-dire ne pas prendre en charge les frais de transport, juste parce que les situations sont rares.</p>\n</pd_text>","MeetingCouncilAbbreviation":"N","MeetingDate":"20080305","MeetingVerbalixOid":1643,"IdSession":"4802","SpeakerFirstName":"Ueli","SpeakerLastName":"Leuenberger","SpeakerFullName":"Leuenberger Ueli","SpeakerFunction":"Mit-M","CouncilId":1,"CouncilName":"Nationalrat","CantonId":25,"CantonName":"Genf","CantonAbbreviation":"GE","ParlGroupName":"Gr\u00fcne Fraktion","ParlGroupAbbreviation":"G","SortOrder":5,"Start":"\/Date(1204709130167)\/","End":"\/Date(1204709185558)\/","Function":"Mit-M","DisplaySpeaker":true,"LanguageOfText":"FR","Modified":"\/Date(1774877886991)\/","StartTimeWithTimezone":"\/Date(1204709130167+0060)\/","EndTimeWithTimezone":"\/Date(1204709185557+0060)\/","VoteBusinessNumber":null,"VoteBusinessShortNumber":null,"VoteBusinessTitle":null},{"__metadata":{"id":"https://ws.parlament.ch/OData.svc/Transcript(ID=140707L,Language='DE')","uri":"https://ws.parlament.ch/OData.svc/Transcript(ID=140707L,Language='DE')","type":"itsystems.Pd.DataServices.DataModel.Transcript"},"Subjects":{"__deferred":{"uri":"https://ws.parlament.ch/OData.svc/Transcript(ID=140707L,Language='DE')/Subjects"}},"MembersCouncil":{"__deferred":{"uri":"https://ws.parlament.ch/OData.svc/Transcript(ID=140707L,Language='DE')/MembersCouncil"}},"Businesses":{"__deferred":{"uri":"https://ws.parlament.ch/OData.svc/Transcript(ID=140707L,Language='DE')/Businesses"}},"ID":"140707","Language":"DE","IdSubject":"23844","VoteId":null,"PersonNumber":505,"Type":1,"Text":"<pd_text><p>L'objet en question est le fruit d'une initiative cantonale genevoise qui a \u00e9t\u00e9 d\u00e9pos\u00e9e au d\u00e9but de l'ann\u00e9e 2006. Elle a \u00e9t\u00e9 trait\u00e9e par le Conseil des Etats relativement rapidement, puisqu'\u00e0 l'automne 2006 il a d\u00e9cid\u00e9 de ne pas y donner suite.</p>\n<p>Que pr\u00e9voit cette initiative? En fait, elle pr\u00e9voit une modification de l'article 25 alin\u00e9a 2 lettre g de la loi f\u00e9d\u00e9rale sur l'assurance-maladie (LAMal). L'initiative pr\u00e9voit principalement que les frais de transport, qui sont indemnis\u00e9s aujourd'hui \u00e0 50 pour cent par les caisses-maladie jusqu'\u00e0 concurrence de 500 francs, soient dor\u00e9navant enti\u00e8rement pris en charge par l'assurance-maladie.</p>\n<p>Or il est vrai que dans ce domaine, des diff\u00e9rences existent entre la loi f\u00e9d\u00e9rale sur l'assurance-accidents (LAA) et la LAMal. Dans la LAA, l'ensemble des frais de transport est pris en charge, alors que dans le cas de la LAMal, le l\u00e9gislateur, \u00e0 l'\u00e9poque, a n\u00e9goci\u00e9 ce point et s'est mis d'accord sur un montant limit\u00e9 de prise en charge des frais de transport. Ceci a \u00e9t\u00e9 fait de mani\u00e8re consciente et voulue par le Parlement. Depuis lors, la situation a quelque peu chang\u00e9, suite notamment \u00e0 une d\u00e9cision du Tribunal f\u00e9d\u00e9ral des assurances. Les frais de transport en ambulance sont d\u00e9sormais pris en charge par les caisses-maladie en suppl\u00e9ment des frais de transport. Cela est valable aussi pour les frais de transport d'un patient d'un h\u00f4pital \u00e0 l'autre; ce dernier \u00e9l\u00e9ment est notamment pris en charge par les forfaits hospitaliers. Ainsi, pour vous donner un exemple, les soins m\u00e9dicaux apport\u00e9s dans le cadre d'un transport et \u00e0 l'int\u00e9rieur d'un v\u00e9hicule - par exemple en cas de crise cardiaque - sont aujourd'hui d\u00e9j\u00e0 rembours\u00e9s enti\u00e8rement par l'assurance-maladie, en plus de la participation aux frais de transport.</p>\n<p>Le Conseil des Etats a d\u00e9cid\u00e9, par 23 voix contre 7, de ne pas donner suite \u00e0 l'initiative cantonale de Gen\u00e8ve. La majorit\u00e9 de la commission vous demande de faire de m\u00eame. Elle le fait pour des raisons pragmatiques. En effet, dans le cadre de l'assurance-maladie, les cas o\u00f9 les transports sont n\u00e9cessaires sont beaucoup plus rares que les transports \u00e0 cause d'accidents, puisque la plupart du temps, les transports en cas d'urgence sont effectu\u00e9s \u00e0 la suite d'accidents, donc ils sont couverts par l'assurance-accidents. Il n'y a donc que de tr\u00e8s rares cas o\u00f9 des co\u00fbts de transport devraient \u00eatre pris en charge par des patients puisque, l\u00e0 encore, les soins donn\u00e9s sont pris en charge dans le cadre du transport.</p>\n<p>Cette initiative du canton de Gen\u00e8ve est donc peut-\u00eatre souhaitable, mais pas indispensable. Ce qui nous a convaincus, c'est que ce n'est pas le moment d'imposer \u00e0 l'assurance-maladie obligatoire de prendre en charge des co\u00fbts suppl\u00e9mentaires. C'est vraiment la raison principale pour laquelle la commission vous invite \u00e0 ne pas donner suite \u00e0 l'initiative cantonale de Gen\u00e8ve qui lui para\u00eet superflue, et ce d'autant plus que la possibilit\u00e9 existe pour chacun d'avoir aussi des assurances compl\u00e9mentaires dans ce domaine.</p>\n</pd_text>","MeetingCouncilAbbreviation":"N","MeetingDate":"20080305","MeetingVerbalixOid":1643,"IdSession":"4802","SpeakerFirstName":"Claude","SpeakerLastName":"Ruey","SpeakerFullName":"Ruey Claude","SpeakerFunction":"Mit-M","CouncilId":1,"CouncilName":"Nationalrat","CantonId":22,"CantonName":"Waadt","CantonAbbreviation":"VD","ParlGroupName":"Freisinnig-demokratische Fraktion","ParlGroupAbbreviation":"RL","SortOrder":4,"Start":"\/Date(1204708953089)\/","End":"\/Date(1204709130167)\/","Function":"*","DisplaySpeaker":true,"LanguageOfText":"FR","Modified":"\/Date(1774877886989)\/","StartTimeWithTimezone":"\/Date(1204708953090+0060)\/","EndTimeWithTimezone":"\/Date(1204709130167+0060)\/","VoteBusinessNumber":null,"VoteBusinessShortNumber":null,"VoteBusinessTitle":null},{"__metadata":{"id":"https://ws.parlament.ch/OData.svc/Transcript(ID=140708L,Language='DE')","uri":"https://ws.parlament.ch/OData.svc/Transcript(ID=140708L,Language='DE')","type":"itsystems.Pd.DataServices.DataModel.Transcript"},"Subjects":{"__deferred":{"uri":"https://ws.parlament.ch/OData.svc/Transcript(ID=140708L,Language='DE')/Subjects"}},"MembersCouncil":{"__deferred":{"uri":"https://ws.parlament.ch/OData.svc/Transcript(ID=140708L,Language='DE')/MembersCouncil"}},"Businesses":{"__deferred":{"uri":"https://ws.parlament.ch/OData.svc/Transcript(ID=140708L,Language='DE')/Businesses"}},"ID":"140708","Language":"DE","IdSubject":"23844","VoteId":null,"PersonNumber":514,"Type":1,"Text":"<pd_text><p>Im Jahr 2005 hat die Republik und der Kanton Genf eine Standesinitiative eingereicht. Sie haben den Vertreter der Kommissionsminderheit soeben geh\u00f6rt. Diese Initiative fordert, dass das Bundesgesetz \u00fcber die Krankenversicherung leistungsseitig um die Abgeltung der Kosten f\u00fcr medizinisch notwendige Transporte erg\u00e4nzt wird. Begr\u00fcndet wird dieses Anliegen mit der unterschiedlichen Handhabung im Unfallversicherungsgesetz und im KVG. Diese Differenz in der Kosten\u00fcbernahme ist laut den Initianten sachlich nicht begr\u00fcndet.</p>\n<p>Der St\u00e4nderat hat als Erstrat die vorliegende Initiative am 25. September 2006 beraten und ihr mit 23 zu 7 Stimmen keine Folge gegeben. Der St\u00e4nderat wollte die Grundleistungen in der obligatorischen Krankenpflegeversicherung nicht ausweiten und somit die Krankenkassen nicht zur \u00dcbernahme von neuen Leistungen verpflichten. Unklar blieb auch die Berechnung der m\u00f6glichen Folgekosten.</p>\n<p>In der Folge hat die SGK Ihres Rates am 9. November 2007 diese Standesinitiative beraten. Mit 13 zu 10 Stimmen empfiehlt Ihnen die Kommission, der Initiative keine Folge zu geben. F\u00fcr die Kommissionsmehrheit besteht kein Anlass, die unterschiedliche Regelung der Transportkosten im UVG und im KVG aufzuheben. Im Rahmen der Krankenversicherung sind Notfalltransporte seltener als im Rahmen der Unfallversicherung. Die Standesinitiative Genf enth\u00e4lt deshalb ein Anliegen, das eigentlich nicht die grosse \u00d6ffentlichkeit betrifft; es ist auch unklar, welche Kostenfolgen das nach sich ziehen w\u00fcrde. </p>\n<p>Medizinisch notwendige Leistungen w\u00e4hrend eines Krankentransportes werden - das scheint mir wichtig - schon heute zus\u00e4tzlich zu der Beteiligung an den Transportkosten von den Krankenkassen \u00fcbernommen. Ebenso sind die \u00dcberf\u00fchrungstransporte von einem Spital zu einer anderen station\u00e4ren Einrichtung von der Beitragslimite ausgenommen.</p>\n<p>Darum empfehle ich Ihnen namens der Kommission, dieser Standesinitiative Genf keine Folge zu geben. Die Kommission beantragt das mit 13 zu 10 Stimmen, und ich bitte Sie, ihr zu folgen.</p>\n</pd_text>","MeetingCouncilAbbreviation":"N","MeetingDate":"20080305","MeetingVerbalixOid":1643,"IdSession":"4802","SpeakerFirstName":"J\u00fcrg","SpeakerLastName":"Stahl","SpeakerFullName":"Stahl J\u00fcrg","SpeakerFunction":"Mit-M","CouncilId":1,"CouncilName":"Nationalrat","CantonId":1,"CantonName":"Z\u00fcrich","CantonAbbreviation":"ZH","ParlGroupName":"Fraktion der Schweizerischen Volkspartei","ParlGroupAbbreviation":"V","SortOrder":3,"Start":"\/Date(1204708770573)\/","End":"\/Date(1204708953089)\/","Function":"*","DisplaySpeaker":true,"LanguageOfText":"DE","Modified":"\/Date(1774877886988)\/","StartTimeWithTimezone":"\/Date(1204708770573+0060)\/","EndTimeWithTimezone":"\/Date(1204708953090+0060)\/","VoteBusinessNumber":null,"VoteBusinessShortNumber":null,"VoteBusinessTitle":null},{"__metadata":{"id":"https://ws.parlament.ch/OData.svc/Transcript(ID=140709L,Language='DE')","uri":"https://ws.parlament.ch/OData.svc/Transcript(ID=140709L,Language='DE')","type":"itsystems.Pd.DataServices.DataModel.Transcript"},"Subjects":{"__deferred":{"uri":"https://ws.parlament.ch/OData.svc/Transcript(ID=140709L,Language='DE')/Subjects"}},"MembersCouncil":{"__deferred":{"uri":"https://ws.parlament.ch/OData.svc/Transcript(ID=140709L,Language='DE')/MembersCouncil"}},"Businesses":{"__deferred":{"uri":"https://ws.parlament.ch/OData.svc/Transcript(ID=140709L,Language='DE')/Businesses"}},"ID":"140709","Language":"DE","IdSubject":"23844","VoteId":null,"PersonNumber":504,"Type":1,"Text":"<pd_text><p>Je vous invite \u00e0 donner suite \u00e0 l'initiative d\u00e9pos\u00e9e par le canton de Gen\u00e8ve concernant la loi f\u00e9d\u00e9rale sur l'assurance-maladie, qui pr\u00e9voit que les frais de transport m\u00e9dicalement n\u00e9cessaires ainsi que les frais de sauvetage soient enti\u00e8rement pris en charge par l'assurance-maladie, comme c'est le cas pour l'assurance-accidents.</p>\n<p>La question qui nous pr\u00e9occupe ici et qui pr\u00e9occupe non seulement le canton de Gen\u00e8ve, mais aussi la Conf\u00e9rence romande des affaires sanitaires et sociales, est une question d'abord de coordination et d'harmonisation des prestations entre la loi f\u00e9d\u00e9rale sur l'assurance-maladie et la loi f\u00e9d\u00e9rale sur l'assurance-accidents. Comme dans de nombreux cas, nous sommes confront\u00e9s \u00e0 des difficult\u00e9s de prestations identiques qui sont pay\u00e9es selon des tarifs diff\u00e9rents et qui sont aussi \u00e0 la charge des patients de mani\u00e8re diff\u00e9rente. Il existe donc, avec ces pratiques diff\u00e9renci\u00e9es entre l'assurance-maladie et l'assurance-accidents, des in\u00e9galit\u00e9s de traitement entre les patients pour des prestations identiques.</p>\n<p>Dans le cas qui nous pr\u00e9occupe ici, \u00e0 savoir la question tr\u00e8s pr\u00e9cise des frais de sauvetage et de transport, il y a par ailleurs une inad\u00e9quation avec la r\u00e9alit\u00e9 de ces pratiques de transport qui ont \u00e9volu\u00e9 passablement dans le temps avec le d\u00e9veloppement des transports m\u00e9dicalis\u00e9s, en raison de la professionnalisation des ambulanciers et du d\u00e9veloppement de la m\u00e9decine d'urgence, notamment dans le cadre de l'accompagnement m\u00e9dicalis\u00e9 des ambulances. Vous avez dans le document \u00e0 votre disposition les explications plut\u00f4t techniques. Dans le cadre de l'assurance-maladie, les frais de transport sont pris en charge \u00e0 50 pour cent par les assureurs-maladie et leur participation est au maximum de 500 francs par an; pour les frais de sauvetage, elle est au [PAGE 71] maximum de 5000 francs par an. Les patients doivent donc payer, en situation de maladie, 50 pour cent de la facture, alors qu'ils n'ont pas \u00e0 le faire dans le cas de l'assurance-accidents.</p>\n<p>Alors, pourquoi le canton de Gen\u00e8ve a-t-il d\u00e9pos\u00e9 cette initiative cantonale? J'expose les arguments principaux qui ont \u00e9t\u00e9 d\u00e9fendus: d'abord il y a le fait de r\u00e9tribuer diff\u00e9remment l'acte m\u00eame du transport du patient selon qu'il s'agisse de l'assurance-maladie ou de l'assurance-accidents. Cette r\u00e9mun\u00e9ration diff\u00e9renci\u00e9e peut poser des probl\u00e8mes financiers non n\u00e9gligeables pour les assur\u00e9s dans le cadre de l'assurance-maladie, puisque le montant \u00e0 la charge de l'assur\u00e9 peut \u00eatre relativement \u00e9lev\u00e9.</p>\n<p>Une autre question qui se pose est celle du montant m\u00eame qui est pris en compte dans le cadre de l'assurance-maladie. Le montant maximal de 500 francs n'a plus aucune correspondance avec les co\u00fbts effectifs de la prise en charge, qui sont aujourd'hui nettement plus \u00e9lev\u00e9s, en raison surtout des progr\u00e8s de l'intervention pr\u00e9hospitali\u00e8re, de l'organisation des triages par les centrales 144 et de la professionnalisation que j'ai \u00e9voqu\u00e9e tout \u00e0 l'heure, qui g\u00e9n\u00e8re bien \u00e9videmment des co\u00fbts plus \u00e9lev\u00e9s, mais qui am\u00e9liore aussi tr\u00e8s nettement la qualit\u00e9 de la prise en charge.</p>\n<p>Il faut relever aussi que la distinction entre la prise en charge par l'assurance-maladie et l'assurance-accidents est th\u00e9orique, parce qu'en d\u00e9finitive, il n'en existe aucune pour le patient. D'ailleurs, les commissions - aussi bien celle du Conseil des Etats que celle du Conseil national - n'ont absolument pas discut\u00e9 la question de fond, \u00e0 savoir les types de prise en charge et les diff\u00e9rences qui pourraient exister entre eux. Elles se sont simplement pr\u00e9occup\u00e9es des co\u00fbts suppl\u00e9mentaires que cette initiative cantonale pourrait occasionner \u00e0 l'assurance-maladie.</p>\n<p>En conclusion, quand une ambulance arrive quelque part, ou quand un h\u00e9licopt\u00e8re d\u00e9colle pour prendre en charge une personne, on ne se pose pas la question de savoir si elle est couverte par l'assurance-maladie ou l'assurance-accidents. On sait juste qu'une r\u00e9tribution est allou\u00e9e. Or, une fois l'intervention termin\u00e9e, la personne peut se trouver p\u00e9nalis\u00e9e parce qu'elle est prise en charge par l'assurance-maladie, ce qui est injuste par rapport aux patients couverts par l'assurance-accidents.</p>\n<p>Je vous invite donc \u00e0 d\u00e9passer ici les enjeux strictement financiers et id\u00e9ologiques pour contribuer \u00e0 r\u00e9soudre tr\u00e8s concr\u00e8tement un probl\u00e8me auquel sont confront\u00e9es les personnes en situation d'urgence.</p>\n</pd_text>","MeetingCouncilAbbreviation":"N","MeetingDate":"20080305","MeetingVerbalixOid":1643,"IdSession":"4802","SpeakerFirstName":"St\u00e9phane","SpeakerLastName":"Rossini","SpeakerFullName":"Rossini St\u00e9phane","SpeakerFunction":"Mit-M","CouncilId":1,"CouncilName":"Nationalrat","CantonId":23,"CantonName":"Wallis","CantonAbbreviation":"VS","ParlGroupName":"Sozialdemokratische Fraktion","ParlGroupAbbreviation":"S","SortOrder":2,"Start":"\/Date(1204708445526)\/","End":"\/Date(1204708770573)\/","Function":"Mit-M","DisplaySpeaker":true,"LanguageOfText":"FR","Modified":"\/Date(1774877886986)\/","StartTimeWithTimezone":"\/Date(1204708445527+0060)\/","EndTimeWithTimezone":"\/Date(1204708770573+0060)\/","VoteBusinessNumber":null,"VoteBusinessShortNumber":null,"VoteBusinessTitle":null},{"__metadata":{"id":"https://ws.parlament.ch/OData.svc/Transcript(ID=140710L,Language='DE')","uri":"https://ws.parlament.ch/OData.svc/Transcript(ID=140710L,Language='DE')","type":"itsystems.Pd.DataServices.DataModel.Transcript"},"Subjects":{"__deferred":{"uri":"https://ws.parlament.ch/OData.svc/Transcript(ID=140710L,Language='DE')/Subjects"}},"MembersCouncil":{"__deferred":{"uri":"https://ws.parlament.ch/OData.svc/Transcript(ID=140710L,Language='DE')/MembersCouncil"}},"Businesses":{"__deferred":{"uri":"https://ws.parlament.ch/OData.svc/Transcript(ID=140710L,Language='DE')/Businesses"}},"ID":"140710","Language":"DE","IdSubject":"23844","VoteId":null,"PersonNumber":null,"Type":3,"Text":"<pd_text><p><i>Antrag der Mehrheit</i></p>\n<p>Der Initiative keine Folge geben</p>\n<p>[VS]</p>\n<p><i>Antrag der Minderheit</i></p>\n<p>(Rossini, Carobbio Guscetti, Goll, Heim Bea, Leuenberger-Gen\u00e8ve, Rechsteiner-Basel, Schenker Silvia, Teuscher, Widmer)</p>\n<p>Der Initiative Folge geben</p>\n<p>[VS]</p>\n<p><i>Proposition de la majorit\u00e9</i></p>\n<p>Ne pas donner suite \u00e0 l'initiative </p>\n<p>[VS]</p>\n<p><i>Proposition de la minorit\u00e9</i></p>\n<p>(Rossini, Carobbio Guscetti, Goll, Heim Bea, Leuenberger-Gen\u00e8ve, Rechsteiner-Basel, Schenker Silvia, Teuscher, Widmer)</p>\n<p>Donner suite \u00e0 l'initiative</p>\n</pd_text>","MeetingCouncilAbbreviation":"N","MeetingDate":"20080305","MeetingVerbalixOid":1643,"IdSession":"4802","SpeakerFirstName":null,"SpeakerLastName":null,"SpeakerFullName":"","SpeakerFunction":null,"CouncilId":null,"CouncilName":null,"CantonId":null,"CantonName":null,"CantonAbbreviation":null,"ParlGroupName":null,"ParlGroupAbbreviation":null,"SortOrder":1,"Start":null,"End":null,"Function":null,"DisplaySpeaker":null,"LanguageOfText":"DE","Modified":"\/Date(1774877886983)\/","StartTimeWithTimezone":null,"EndTimeWithTimezone":null,"VoteBusinessNumber":null,"VoteBusinessShortNumber":null,"VoteBusinessTitle":null}]},"ID":"23844","Language":"DE","IdMeeting":"1553","VerbalixOid":263928,"SortOrder":3,"Modified":"\/Date(1774877886981)\/"}}