{"d":{"__metadata":{"id":"https://ws.parlament.ch/OData.svc/Subject(ID=24047L,Language='DE')","uri":"https://ws.parlament.ch/OData.svc/Subject(ID=24047L,Language='DE')","type":"itsystems.Pd.DataServices.DataModel.Subject"},"Meetings":{"__metadata":{"id":"https://ws.parlament.ch/OData.svc/Meeting(ID=1559L,Language='DE')","uri":"https://ws.parlament.ch/OData.svc/Meeting(ID=1559L,Language='DE')","type":"itsystems.Pd.DataServices.DataModel.Meeting"},"Sessions":{"__deferred":{"uri":"https://ws.parlament.ch/OData.svc/Meeting(ID=1559L,Language='DE')/Sessions"}},"Subjects":{"__deferred":{"uri":"https://ws.parlament.ch/OData.svc/Meeting(ID=1559L,Language='DE')/Subjects"}},"ID":"1559","Language":"DE","MeetingNumber":2,"IdSession":4909,"SessionNumber":9,"SessionName":"Sommersession 2013","Council":2,"CouncilName":"St\u00e4nderat","CouncilAbbreviation":"SR","Date":"\/Date(1370304000000)\/","Begin":"0815","Modified":"\/Date(1447070281073)\/","LegislativePeriodNumber":49,"PublicationStatus":"final","MeetingOrderText":"Zweite Sitzung","SortOrder":2,"Location":"S"},"SubjectsBusiness":{"results":[{"__metadata":{"id":"https://ws.parlament.ch/OData.svc/SubjectBusiness(BusinessNumber=20123337,IdSubject=24047L,Language='DE')","uri":"https://ws.parlament.ch/OData.svc/SubjectBusiness(BusinessNumber=20123337,IdSubject=24047L,Language='DE')","type":"itsystems.Pd.DataServices.DataModel.SubjectBusiness"},"Subjects":{"__deferred":{"uri":"https://ws.parlament.ch/OData.svc/SubjectBusiness(BusinessNumber=20123337,IdSubject=24047L,Language='DE')/Subjects"}},"Businesses":{"__deferred":{"uri":"https://ws.parlament.ch/OData.svc/SubjectBusiness(BusinessNumber=20123337,IdSubject=24047L,Language='DE')/Businesses"}},"IdSubject":"24047","BusinessNumber":20123337,"Language":"DE","BusinessShortNumber":"12.3337","Title":"Grenzkontrollen, wenn Dublin nicht eingehalten wird","SortOrder":1,"PublishedNotes":null,"Modified":"\/Date(1447069549523)\/","TitleDE":"Motion SPK-NR.\nGrenzkontrollen,\nwenn Dublin\nnicht eingehalten wird","TitleFR":"Motion CIP-CN.\nContr\u00f4les aux fronti\u00e8res\nen cas de non-respect\nde l'accord de Dublin","TitleIT":null}]},"Transcripts":{"results":[{"__metadata":{"id":"https://ws.parlament.ch/OData.svc/Transcript(ID=141205L,Language='DE')","uri":"https://ws.parlament.ch/OData.svc/Transcript(ID=141205L,Language='DE')","type":"itsystems.Pd.DataServices.DataModel.Transcript"},"Subjects":{"__deferred":{"uri":"https://ws.parlament.ch/OData.svc/Transcript(ID=141205L,Language='DE')/Subjects"}},"MembersCouncil":{"__deferred":{"uri":"https://ws.parlament.ch/OData.svc/Transcript(ID=141205L,Language='DE')/MembersCouncil"}},"Businesses":{"__deferred":{"uri":"https://ws.parlament.ch/OData.svc/Transcript(ID=141205L,Language='DE')/Businesses"}},"ID":"141205","Language":"DE","IdSubject":"24047","VoteId":null,"PersonNumber":540,"Type":1,"Text":"<pd_text><p><i>Abstimmung - Vote</i></p>\n<p>F\u00fcr Annahme der Motion ... 17 Stimmen</p>\n<p>Dagegen ... 6 Stimmen</p>\n<p>(2 Enthaltungen)</p>\n</pd_text>","MeetingCouncilAbbreviation":"S","MeetingDate":"20130604","MeetingVerbalixOid":2324,"IdSession":"4909","SpeakerFirstName":"Filippo","SpeakerLastName":"Lombardi","SpeakerFullName":"Lombardi Filippo","SpeakerFunction":"P-M","CouncilId":2,"CouncilName":"St\u00e4nderat","CantonId":27,"CantonName":"Tessin","CantonAbbreviation":"TI","ParlGroupName":"Fraktion CVP-EVP","ParlGroupAbbreviation":"M-E","SortOrder":4,"Start":"\/Date(1370342787957)\/","End":"\/Date(1370342854520)\/","Function":"P-M","DisplaySpeaker":false,"LanguageOfText":null,"Modified":"\/Date(1510850471363)\/","StartTimeWithTimezone":"\/Date(1370342787957+0120)\/","EndTimeWithTimezone":"\/Date(1370342854520+0120)\/","VoteBusinessNumber":null,"VoteBusinessShortNumber":null,"VoteBusinessTitle":null},{"__metadata":{"id":"https://ws.parlament.ch/OData.svc/Transcript(ID=141206L,Language='DE')","uri":"https://ws.parlament.ch/OData.svc/Transcript(ID=141206L,Language='DE')","type":"itsystems.Pd.DataServices.DataModel.Transcript"},"Subjects":{"__deferred":{"uri":"https://ws.parlament.ch/OData.svc/Transcript(ID=141206L,Language='DE')/Subjects"}},"MembersCouncil":{"__deferred":{"uri":"https://ws.parlament.ch/OData.svc/Transcript(ID=141206L,Language='DE')/MembersCouncil"}},"Businesses":{"__deferred":{"uri":"https://ws.parlament.ch/OData.svc/Transcript(ID=141206L,Language='DE')/Businesses"}},"ID":"141206","Language":"DE","IdSubject":"24047","VoteId":null,"PersonNumber":3934,"Type":1,"Text":"<pd_text><p>Der Bundesrat beantragt Ihnen die Ablehnung dieser Motion, und zwar aus folgenden Gr\u00fcnden: Wir haben heute ein System, das an sich funktioniert. Auch wenn es gewisse L\u00fccken hat: Die Zusammenarbeit im Schengen-Raum und mit Italien im Rahmen von Dublin funktioniert. Wir haben Ihnen die Zahlen gegeben, die zeigen, dass wir im Jahr 2012 pro Monat durchschnittlich 248 Personen \u00fcberstellen konnten. 2011 waren es nur 190; die Situation verbessert sich also, und die Zusammenarbeit funktioniert besser. </p>\n<p>Wir sind der Auffassung - das hat Herr St\u00e4nderat Niederberger auch gesagt -, dass die rechtlichen Voraussetzungen f\u00fcr die Wiedereinf\u00fchrung von Grenzkontrollen an sich nicht erf\u00fcllt sind. Vor allem kann man heute, obwohl zunehmend Probleme entstehen, nicht sagen, dass wegen der Migrationsstr\u00f6me aus Nordafrika eine schwerwiegende Bedrohung der \u00f6ffentlichen Ordnung oder der inneren Sicherheit vorliegen w\u00fcrde - das w\u00e4re ja eine der Voraussetzungen f\u00fcr eine unilaterale Massnahme. Die EU-Organe haben sich darauf geeinigt - das haben Sie sicher, wie wir auch, den Medien entnommen -, dass es k\u00fcnftig m\u00f6glich sein soll, Grenzkontrollen auch dann wiedereinzuf\u00fchren, wenn die massenhafte Ankunft von Fl\u00fcchtlingen bef\u00fcrchtet wird. Das war der Inhalt einer Medienmitteilung, die wir auch erhalten haben. Aber dieser Meccano kann nicht von einem Mitgliedstaat allein ausgel\u00f6st werden, sondern die Mitgliedstaaten m\u00fcssen ihn gemeinsam ausl\u00f6sen.</p>\n<p>Der Ablauf ist dann folgender: Die EU-Kommission unterbreitet den Mitgliedstaaten einen Vorschlag f\u00fcr die Wiedereinf\u00fchrung der nationalen Grenzkontrollen; der Entscheid dar\u00fcber obliegt dann den EU-Innenministern und geht als Empfehlung an die Mitgliedstaaten. Mit anderen Worten: Ein blosser Migrationsdruck reicht nicht aus; es m\u00fcsste der Schutz der Schengen-Zone als Ganzes bedroht sein. Das sind die Voraussetzungen. Hier l\u00e4uft etwas, aber wir haben nicht die M\u00f6glichkeit, von unserer Seite her unilateral etwas zu machen. </p>\n<p>Worauf wir auch immer wieder hinweisen: Wir sind nicht in der Zollunion, und damit haben wir nat\u00fcrlich eine M\u00f6glichkeit, die andere L\u00e4nder nicht haben. Unsere Zollbeamten - d. h. die Beamten des administrativen Zolls - haben die M\u00f6glichkeit, zusammen mit dem Grenzwachtkorps [PAGE 412] Kontrollen durchzuf\u00fchren. Wenn eine Warenkontrolle stattfindet, haben wir damit immer auch die M\u00f6glichkeit, eine eigentliche Grenzkontrolle zu machen. Ich denke, wir sind hier in einer guten Position. </p>\n<p>Wir m\u00f6chten Ihnen beantragen, die Motion abzulehnen. Ich habe darauf hingewiesen, dass auf EU-Niveau, d. h. im Schengen-Raum, Bestrebungen laufen, die dann ein einheitliches Vorgehen erm\u00f6glichen w\u00fcrden.</p>\n</pd_text>","MeetingCouncilAbbreviation":"S","MeetingDate":"20130604","MeetingVerbalixOid":2324,"IdSession":"4909","SpeakerFirstName":"Eveline","SpeakerLastName":"Widmer-Schlumpf","SpeakerFullName":"Widmer-Schlumpf Eveline","SpeakerFunction":"BR-F","CouncilId":99,"CouncilName":"Bundesrat","CantonId":18,"CantonName":"Graub\u00fcnden","CantonAbbreviation":"GR","ParlGroupName":null,"ParlGroupAbbreviation":null,"SortOrder":3,"Start":"\/Date(1370342586537)\/","End":"\/Date(1370342787957)\/","Function":"BR-F","DisplaySpeaker":true,"LanguageOfText":"DE","Modified":"\/Date(1510850471363)\/","StartTimeWithTimezone":"\/Date(1370342586537+0120)\/","EndTimeWithTimezone":"\/Date(1370342787957+0120)\/","VoteBusinessNumber":null,"VoteBusinessShortNumber":null,"VoteBusinessTitle":null},{"__metadata":{"id":"https://ws.parlament.ch/OData.svc/Transcript(ID=141207L,Language='DE')","uri":"https://ws.parlament.ch/OData.svc/Transcript(ID=141207L,Language='DE')","type":"itsystems.Pd.DataServices.DataModel.Transcript"},"Subjects":{"__deferred":{"uri":"https://ws.parlament.ch/OData.svc/Transcript(ID=141207L,Language='DE')/Subjects"}},"MembersCouncil":{"__deferred":{"uri":"https://ws.parlament.ch/OData.svc/Transcript(ID=141207L,Language='DE')/MembersCouncil"}},"Businesses":{"__deferred":{"uri":"https://ws.parlament.ch/OData.svc/Transcript(ID=141207L,Language='DE')/Businesses"}},"ID":"141207","Language":"DE","IdSubject":"24047","VoteId":null,"PersonNumber":3919,"Type":1,"Text":"<pd_text><p>Die SPK-NR verlangt in der Motion 12.3337 vom 18. April 2012 Folgendes: Der Bundesrat soll beauftragt werden, die Kontrolle an den Grenzen zu jenen Staaten zu verst\u00e4rken, die das Dublin-Abkommen nicht befriedigend umsetzen. Am 14. Juni 2012 hat der Nationalrat die Motion mit 105 zu 68 Stimmen angenommen. Der Bundesrat beantragt Ablehnung der Motion.</p>\n<p>Es geht bei der Motion nicht darum, eine systematische Grenzkontrolle einzuf\u00fchren. Das ist gem\u00e4ss Artikel 23 der Verordnung (EG) Nr. 562/2006 des Schengener Grenzkodex ausgeschlossen. Es w\u00e4re bei rund einer Million Menschen, welche t\u00e4glich die Grenze \u00fcberschreiten, auch nicht m\u00f6glich, das umzusetzen. Es geht aber darum, mehr zu tun als heute. </p>\n<p>Dem Bundesrat kann zugutegehalten werden, dass er dem Grenzwachtkorps (GWK) 24 zus\u00e4tzliche Stellen bewilligt hat. Nach Meinung der Kommission sollten die Verbesserung und die Verst\u00e4rkung kontinuierlich fortgesetzt werden. Die Gesch\u00e4ftspr\u00fcfungskommission des St\u00e4nderates hat im Jahre 2010 die strategische F\u00fchrung sowie das Aufgaben- und Ressourcenmanagement der Eidgen\u00f6ssischen Zollverwaltung (EZV) gepr\u00fcft. Es wurden in diesem Zusammenhang dem Bundesrat Empfehlungen unterbreitet. Ich greife eine dieser Empfehlungen heraus, es ist die Empfehlung Nummer 5. Es ging darum, Aufgaben und Kompetenzen des GWK klar zu regeln. Zu dieser Empfehlung schreibt der Bundesrat unter anderem: \"Er\" - der Bundesrat - \"h\u00e4lt fest, dass sowohl der zivile Teil der EZV als auch das GWK einen Beitrag zur Sicherheitspolitik leisten ... Das GWK leistet zudem einen Beitrag zur Bek\u00e4mpfung der illegalen Migration, zu den Personen-, Fahrzeug- und Sachfahndungen und zur Aufdeckung von Dokumentenf\u00e4lschungen.\" So weit der Bundesrat. </p>\n<p>Nach Meinung der vorberatenden Kommission, der SPK-SR, sollte diese Aufgabe eben noch verst\u00e4rkt werden. Deshalb beantragt sie Ihnen mit 8 zu 0 Stimmen bei 4 Enthaltungen, die Motion anzunehmen.</p>\n</pd_text>","MeetingCouncilAbbreviation":"S","MeetingDate":"20130604","MeetingVerbalixOid":2324,"IdSession":"4909","SpeakerFirstName":"Paul","SpeakerLastName":"Niederberger","SpeakerFullName":"Niederberger Paul","SpeakerFunction":"Mit-M","CouncilId":2,"CouncilName":"St\u00e4nderat","CantonId":7,"CantonName":"Nidwalden","CantonAbbreviation":"NW","ParlGroupName":"Fraktion CVP-EVP","ParlGroupAbbreviation":"M-E","SortOrder":2,"Start":"\/Date(1370342413073)\/","End":"\/Date(1370342586537)\/","Function":"*","DisplaySpeaker":true,"LanguageOfText":"DE","Modified":"\/Date(1510850471363)\/","StartTimeWithTimezone":"\/Date(1370342413073+0120)\/","EndTimeWithTimezone":"\/Date(1370342586537+0120)\/","VoteBusinessNumber":null,"VoteBusinessShortNumber":null,"VoteBusinessTitle":null},{"__metadata":{"id":"https://ws.parlament.ch/OData.svc/Transcript(ID=141208L,Language='DE')","uri":"https://ws.parlament.ch/OData.svc/Transcript(ID=141208L,Language='DE')","type":"itsystems.Pd.DataServices.DataModel.Transcript"},"Subjects":{"__deferred":{"uri":"https://ws.parlament.ch/OData.svc/Transcript(ID=141208L,Language='DE')/Subjects"}},"MembersCouncil":{"__deferred":{"uri":"https://ws.parlament.ch/OData.svc/Transcript(ID=141208L,Language='DE')/MembersCouncil"}},"Businesses":{"__deferred":{"uri":"https://ws.parlament.ch/OData.svc/Transcript(ID=141208L,Language='DE')/Businesses"}},"ID":"141208","Language":"DE","IdSubject":"24047","VoteId":null,"PersonNumber":540,"Type":1,"Text":"<pd_text><p><b>Il presidente</b> (Lombardi Filippo, presidente): Avete ricevuto un rapporto scritto della commissione. La commissione chiede con 8 voti contro 0 e con 4 astensioni di accogliere la mozione. Il Consiglio federale propone di respingere la mozione.</p>\n</pd_text>","MeetingCouncilAbbreviation":"S","MeetingDate":"20130604","MeetingVerbalixOid":2324,"IdSession":"4909","SpeakerFirstName":"Filippo","SpeakerLastName":"Lombardi","SpeakerFullName":"Lombardi Filippo","SpeakerFunction":"P-M","CouncilId":2,"CouncilName":"St\u00e4nderat","CantonId":27,"CantonName":"Tessin","CantonAbbreviation":"TI","ParlGroupName":"Fraktion CVP-EVP","ParlGroupAbbreviation":"M-E","SortOrder":1,"Start":"\/Date(1370342393353)\/","End":"\/Date(1370342413073)\/","Function":"P-M","DisplaySpeaker":false,"LanguageOfText":null,"Modified":"\/Date(1510850471363)\/","StartTimeWithTimezone":"\/Date(1370342393353+0120)\/","EndTimeWithTimezone":"\/Date(1370342413073+0120)\/","VoteBusinessNumber":null,"VoteBusinessShortNumber":null,"VoteBusinessTitle":null}]},"ID":"24047","Language":"DE","IdMeeting":"1559","VerbalixOid":406564,"SortOrder":7,"Modified":"\/Date(1510850471363)\/"}}