{"d":{"__metadata":{"id":"https://ws.parlament.ch/OData.svc/Subject(ID=24056L,Language='DE')","uri":"https://ws.parlament.ch/OData.svc/Subject(ID=24056L,Language='DE')","type":"itsystems.Pd.DataServices.DataModel.Subject"},"Meetings":{"__metadata":{"id":"https://ws.parlament.ch/OData.svc/Meeting(ID=1560L,Language='DE')","uri":"https://ws.parlament.ch/OData.svc/Meeting(ID=1560L,Language='DE')","type":"itsystems.Pd.DataServices.DataModel.Meeting"},"Sessions":{"__deferred":{"uri":"https://ws.parlament.ch/OData.svc/Meeting(ID=1560L,Language='DE')/Sessions"}},"Subjects":{"__deferred":{"uri":"https://ws.parlament.ch/OData.svc/Meeting(ID=1560L,Language='DE')/Subjects"}},"ID":"1560","Language":"DE","MeetingNumber":12,"IdSession":4819,"SessionNumber":19,"SessionName":"Sommersession 2011","Council":2,"CouncilName":"St\u00e4nderat","CouncilAbbreviation":"SR","Date":"\/Date(1308182400000)\/","Begin":"0815","Modified":"\/Date(1447070281493)\/","LegislativePeriodNumber":48,"PublicationStatus":"final","MeetingOrderText":"Zw\u00f6lfte Sitzung","SortOrder":12,"Location":"S"},"SubjectsBusiness":{"results":[{"__metadata":{"id":"https://ws.parlament.ch/OData.svc/SubjectBusiness(BusinessNumber=20110300,IdSubject=24056L,Language='DE')","uri":"https://ws.parlament.ch/OData.svc/SubjectBusiness(BusinessNumber=20110300,IdSubject=24056L,Language='DE')","type":"itsystems.Pd.DataServices.DataModel.SubjectBusiness"},"Subjects":{"__deferred":{"uri":"https://ws.parlament.ch/OData.svc/SubjectBusiness(BusinessNumber=20110300,IdSubject=24056L,Language='DE')/Subjects"}},"Businesses":{"__deferred":{"uri":"https://ws.parlament.ch/OData.svc/SubjectBusiness(BusinessNumber=20110300,IdSubject=24056L,Language='DE')/Businesses"}},"IdSubject":"24056","BusinessNumber":20110300,"Language":"DE","BusinessShortNumber":"11.300","Title":"Einf\u00fchrung eines Aus- und Weiterbildungsabzuges f\u00fcr Kinder und Jugendliche in der Steuergesetzgebung","SortOrder":1,"PublishedNotes":"Vorpr\u00fcfung - Examen pr\u00e9alable\n","Modified":"\/Date(1447069493243)\/","TitleDE":"Standesinitiative Zug.\nEinf\u00fchrung\neines Aus- und Weiterbildungsabzuges\nf\u00fcr Kinder und Jugendliche\nin der Steuergesetzgebung","TitleFR":"Initiative cantonale Zoug.\nIntroduction d'une d\u00e9duction pour\nla formation et la formation continue\ndes enfants et des jeunes\ndans la l\u00e9gislation fiscale","TitleIT":null}]},"Transcripts":{"results":[{"__metadata":{"id":"https://ws.parlament.ch/OData.svc/Transcript(ID=141300L,Language='DE')","uri":"https://ws.parlament.ch/OData.svc/Transcript(ID=141300L,Language='DE')","type":"itsystems.Pd.DataServices.DataModel.Transcript"},"Subjects":{"__deferred":{"uri":"https://ws.parlament.ch/OData.svc/Transcript(ID=141300L,Language='DE')/Subjects"}},"MembersCouncil":{"__deferred":{"uri":"https://ws.parlament.ch/OData.svc/Transcript(ID=141300L,Language='DE')/MembersCouncil"}},"Businesses":{"__deferred":{"uri":"https://ws.parlament.ch/OData.svc/Transcript(ID=141300L,Language='DE')/Businesses"}},"ID":"141300","Language":"DE","IdSubject":"24056","VoteId":null,"PersonNumber":372,"Type":1,"Text":"<pd_text><p><b>Pr\u00e4sident </b>(Inderkum Hansheiri, Pr\u00e4sident): Sie haben einen schriftlichen Bericht der Kommission erhalten.</p>\n<p>[VS]</p>\n<p><i>Abstimmung - Vote</i></p>\n<p>F\u00fcr Folgegeben ... 12 Stimmen</p>\n<p>Dagegen ... 19 Stimmen</p>\n<p>[PAGE 654] </p>\n</pd_text>","MeetingCouncilAbbreviation":"S","MeetingDate":"20110616","MeetingVerbalixOid":2088,"IdSession":"4819","SpeakerFirstName":"Hansheiri","SpeakerLastName":"Inderkum","SpeakerFullName":"Inderkum Hansheiri","SpeakerFunction":"P-M","CouncilId":2,"CouncilName":"St\u00e4nderat","CantonId":4,"CantonName":"Uri","CantonAbbreviation":"UR","ParlGroupName":"Fraktion CVP/EVP/glp","ParlGroupAbbreviation":"M-E","SortOrder":5,"Start":"\/Date(1308222532177)\/","End":"\/Date(1308222609077)\/","Function":"P-M","DisplaySpeaker":false,"LanguageOfText":null,"Modified":"\/Date(1510850221667)\/","StartTimeWithTimezone":"\/Date(1308222532177+0120)\/","EndTimeWithTimezone":"\/Date(1308222609077+0120)\/","VoteBusinessNumber":null,"VoteBusinessShortNumber":null,"VoteBusinessTitle":null},{"__metadata":{"id":"https://ws.parlament.ch/OData.svc/Transcript(ID=141301L,Language='DE')","uri":"https://ws.parlament.ch/OData.svc/Transcript(ID=141301L,Language='DE')","type":"itsystems.Pd.DataServices.DataModel.Transcript"},"Subjects":{"__deferred":{"uri":"https://ws.parlament.ch/OData.svc/Transcript(ID=141301L,Language='DE')/Subjects"}},"MembersCouncil":{"__deferred":{"uri":"https://ws.parlament.ch/OData.svc/Transcript(ID=141301L,Language='DE')/MembersCouncil"}},"Businesses":{"__deferred":{"uri":"https://ws.parlament.ch/OData.svc/Transcript(ID=141301L,Language='DE')/Businesses"}},"ID":"141301","Language":"DE","IdSubject":"24056","VoteId":null,"PersonNumber":57,"Type":1,"Text":"<pd_text><p>Ich m\u00f6chte noch ein Argument beif\u00fcgen: Es gibt zahlreiche Kantone, die bisher Ausbildungsabz\u00fcge zugelassen haben. Eigentlich ist das nicht gestattet, es ist widerrechtlich, wie der Pr\u00e4sident der Finanzkommission sagte, aber den Kantonen bzw. den kantonalen Parlamenten und der Bev\u00f6lkerung ist es wichtig, dass diese M\u00f6glichkeit der Ausbildungsabz\u00fcge besteht. Ich stimme der Frau Bundesr\u00e4tin zu: Wir m\u00fcssen das sauber ordnen und abgrenzen, ich bin auch ganz gegen Doppeleffekte. Aber das Anliegen ist in vielen Kantonen auf dem Tisch. Wollen wir diesen rechtswidrigen Zustand weiter andauern lassen, oder wollen wir das Anliegen pr\u00fcfen und nachher inhaltliche Entscheide treffen? Ich sage jetzt nicht, dass ich dann in allen Punkten und ohne Weiteres f\u00fcr die Zuger L\u00f6sung bin; wir m\u00fcssen auch die Kantone anh\u00f6ren. </p>\n<p>In dem Sinne finde ich, ist es berechtigt, dass wir auf die Thematik einsteigen, um am Schluss eine gute L\u00f6sung zu haben. Ich bitte Sie also, der Minderheit zu folgen.</p>\n</pd_text>","MeetingCouncilAbbreviation":"S","MeetingDate":"20110616","MeetingVerbalixOid":2088,"IdSession":"4819","SpeakerFirstName":"Eugen","SpeakerLastName":"David","SpeakerFullName":"David Eugen","SpeakerFunction":"Mit-M","CouncilId":2,"CouncilName":"St\u00e4nderat","CantonId":17,"CantonName":"St. Gallen","CantonAbbreviation":"SG","ParlGroupName":"Fraktion CVP/EVP/glp","ParlGroupAbbreviation":"M-E","SortOrder":4,"Start":"\/Date(1308222452557)\/","End":"\/Date(1308222532177)\/","Function":"Mit-M","DisplaySpeaker":true,"LanguageOfText":"DE","Modified":"\/Date(1510850221667)\/","StartTimeWithTimezone":"\/Date(1308222452557+0120)\/","EndTimeWithTimezone":"\/Date(1308222532177+0120)\/","VoteBusinessNumber":null,"VoteBusinessShortNumber":null,"VoteBusinessTitle":null},{"__metadata":{"id":"https://ws.parlament.ch/OData.svc/Transcript(ID=141302L,Language='DE')","uri":"https://ws.parlament.ch/OData.svc/Transcript(ID=141302L,Language='DE')","type":"itsystems.Pd.DataServices.DataModel.Transcript"},"Subjects":{"__deferred":{"uri":"https://ws.parlament.ch/OData.svc/Transcript(ID=141302L,Language='DE')/Subjects"}},"MembersCouncil":{"__deferred":{"uri":"https://ws.parlament.ch/OData.svc/Transcript(ID=141302L,Language='DE')/MembersCouncil"}},"Businesses":{"__deferred":{"uri":"https://ws.parlament.ch/OData.svc/Transcript(ID=141302L,Language='DE')/Businesses"}},"ID":"141302","Language":"DE","IdSubject":"24056","VoteId":null,"PersonNumber":85,"Type":1,"Text":"<pd_text><p>Ich kann es sehr kurz machen. Die Argumente f\u00fcr die Zuger Standesinitiative wurden dargelegt. Sie liegt im Interesse der Familien, von Eltern, die ihre Kinder ausbilden lassen m\u00fcssen, und vor allem ist es eine politische Frage, wie der Mittelstand behandelt werden soll. Herr Marty hat vorhin mit einem gewissen Recht gesagt, dass damit auch die sehr hohen Einkommen entlastet werden k\u00f6nnten. Die Wirkung ist beim Mittelstand aber am gr\u00f6ssten. Daher ist die Initiative des Kantons Zug politisch gerechtfertigt, in dem Sinn, dass wir die Arbeit in Angriff nehmen und in der Kommission eine L\u00f6sung suchen sollten. </p>\n</pd_text>","MeetingCouncilAbbreviation":"S","MeetingDate":"20110616","MeetingVerbalixOid":2088,"IdSession":"4819","SpeakerFirstName":"Bruno","SpeakerLastName":"Frick","SpeakerFullName":"Frick Bruno","SpeakerFunction":"Mit-M","CouncilId":2,"CouncilName":"St\u00e4nderat","CantonId":5,"CantonName":"Schwyz","CantonAbbreviation":"SZ","ParlGroupName":"Fraktion CVP/EVP/glp","ParlGroupAbbreviation":"M-E","SortOrder":3,"Start":"\/Date(1308222368380)\/","End":"\/Date(1308222452557)\/","Function":"Mit-M","DisplaySpeaker":true,"LanguageOfText":"DE","Modified":"\/Date(1510850221667)\/","StartTimeWithTimezone":"\/Date(1308222368380+0120)\/","EndTimeWithTimezone":"\/Date(1308222452557+0120)\/","VoteBusinessNumber":null,"VoteBusinessShortNumber":null,"VoteBusinessTitle":null},{"__metadata":{"id":"https://ws.parlament.ch/OData.svc/Transcript(ID=141303L,Language='DE')","uri":"https://ws.parlament.ch/OData.svc/Transcript(ID=141303L,Language='DE')","type":"itsystems.Pd.DataServices.DataModel.Transcript"},"Subjects":{"__deferred":{"uri":"https://ws.parlament.ch/OData.svc/Transcript(ID=141303L,Language='DE')/Subjects"}},"MembersCouncil":{"__deferred":{"uri":"https://ws.parlament.ch/OData.svc/Transcript(ID=141303L,Language='DE')/MembersCouncil"}},"Businesses":{"__deferred":{"uri":"https://ws.parlament.ch/OData.svc/Transcript(ID=141303L,Language='DE')/Businesses"}},"ID":"141303","Language":"DE","IdSubject":"24056","VoteId":null,"PersonNumber":374,"Type":1,"Text":"<pd_text><p>Il s'agit de l'initiative du canton de Zoug \u00e0 laquelle on a d\u00e9j\u00e0 fait allusion \u00e0 plusieurs reprises. J'ai d\u00e9j\u00e0 annonc\u00e9 que la commission, par 8 voix contre 4, vous proposait de ne pas y donner suite.</p>\n<p>Vous avez un rapport \u00e9crit et vous voyez qu'il y a d\u00e9j\u00e0 toute une s\u00e9rie de d\u00e9ductions pour les enfants dans notre syst\u00e8me fiscal. Au niveau f\u00e9d\u00e9ral, il s'agit d'un montant de 6400 francs sur le revenu imposable et d'une r\u00e9duction annuelle du montant de l'imp\u00f4t de 250 francs par enfant. En plus, il y a des d\u00e9ductions sociales forfaitaires, \u00e9galement accord\u00e9es au niveau cantonal, d'un montant qui varie entre 6000 et 12 000 francs. Nous ne voyons donc vraiment pas pour quelle raison nous devrions encore introduire une nouvelle d\u00e9duction, telle qu'elle est propos\u00e9e par le canton de Zoug, d'autant moins que, si ma m\u00e9moire ne me trahit pas, il y a quelques ann\u00e9es, une initiative analogue du canton de Saint-Gall a \u00e9t\u00e9 aussi repouss\u00e9e.</p>\n<p>Je vous prie donc d'adopter la proposition de la majorit\u00e9.</p>\n</pd_text>","MeetingCouncilAbbreviation":"S","MeetingDate":"20110616","MeetingVerbalixOid":2088,"IdSession":"4819","SpeakerFirstName":"Dick","SpeakerLastName":"Marty","SpeakerFullName":"Marty Dick","SpeakerFunction":"Mit-M","CouncilId":2,"CouncilName":"St\u00e4nderat","CantonId":27,"CantonName":"Tessin","CantonAbbreviation":"TI","ParlGroupName":"Freisinnig-demokratische Fraktion","ParlGroupAbbreviation":"RL","SortOrder":2,"Start":"\/Date(1308222271967)\/","End":"\/Date(1308222368380)\/","Function":"*","DisplaySpeaker":true,"LanguageOfText":"FR","Modified":"\/Date(1510850221667)\/","StartTimeWithTimezone":"\/Date(1308222271967+0120)\/","EndTimeWithTimezone":"\/Date(1308222368380+0120)\/","VoteBusinessNumber":null,"VoteBusinessShortNumber":null,"VoteBusinessTitle":null},{"__metadata":{"id":"https://ws.parlament.ch/OData.svc/Transcript(ID=141304L,Language='DE')","uri":"https://ws.parlament.ch/OData.svc/Transcript(ID=141304L,Language='DE')","type":"itsystems.Pd.DataServices.DataModel.Transcript"},"Subjects":{"__deferred":{"uri":"https://ws.parlament.ch/OData.svc/Transcript(ID=141304L,Language='DE')/Subjects"}},"MembersCouncil":{"__deferred":{"uri":"https://ws.parlament.ch/OData.svc/Transcript(ID=141304L,Language='DE')/MembersCouncil"}},"Businesses":{"__deferred":{"uri":"https://ws.parlament.ch/OData.svc/Transcript(ID=141304L,Language='DE')/Businesses"}},"ID":"141304","Language":"DE","IdSubject":"24056","VoteId":null,"PersonNumber":null,"Type":3,"Text":"<pd_text><p><i>Antrag der Mehrheit</i></p>\n<p>Der Initiative keine Folge geben</p>\n<p>[VS]</p>\n<p><i>Antrag der Minderheit</i></p>\n<p>(Schweiger, David, Frick, Germann)</p>\n<p>Der Initiative Folge geben</p>\n<p>[VS]</p>\n<p><i>Proposition de la majorit\u00e9</i></p>\n<p>Ne pas donner suite \u00e0 l'initiative</p>\n<p>[VS]</p>\n<p><i>Proposition de la minorit\u00e9</i></p>\n<p>(Schweiger, David, Frick, Germann)</p>\n<p>Donner suite \u00e0 l'initiative</p>\n</pd_text>","MeetingCouncilAbbreviation":"S","MeetingDate":"20110616","MeetingVerbalixOid":2088,"IdSession":"4819","SpeakerFirstName":null,"SpeakerLastName":null,"SpeakerFullName":"","SpeakerFunction":null,"CouncilId":null,"CouncilName":null,"CantonId":null,"CantonName":null,"CantonAbbreviation":null,"ParlGroupName":null,"ParlGroupAbbreviation":null,"SortOrder":1,"Start":"\/Date(1308222260217)\/","End":"\/Date(1308222271967)\/","Function":null,"DisplaySpeaker":null,"LanguageOfText":"DE","Modified":"\/Date(1510850221667)\/","StartTimeWithTimezone":"\/Date(1308222260217+0120)\/","EndTimeWithTimezone":"\/Date(1308222271967+0120)\/","VoteBusinessNumber":null,"VoteBusinessShortNumber":null,"VoteBusinessTitle":null}]},"ID":"24056","Language":"DE","IdMeeting":"1560","VerbalixOid":359080,"SortOrder":8,"Modified":"\/Date(1510850221653)\/"}}