{"d":{"__metadata":{"id":"https://ws.parlament.ch/OData.svc/Subject(ID=24150L,Language='DE')","uri":"https://ws.parlament.ch/OData.svc/Subject(ID=24150L,Language='DE')","type":"itsystems.Pd.DataServices.DataModel.Subject"},"Meetings":{"__metadata":{"id":"https://ws.parlament.ch/OData.svc/Meeting(ID=1570L,Language='DE')","uri":"https://ws.parlament.ch/OData.svc/Meeting(ID=1570L,Language='DE')","type":"itsystems.Pd.DataServices.DataModel.Meeting"},"Sessions":{"__deferred":{"uri":"https://ws.parlament.ch/OData.svc/Meeting(ID=1570L,Language='DE')/Sessions"}},"Subjects":{"__deferred":{"uri":"https://ws.parlament.ch/OData.svc/Meeting(ID=1570L,Language='DE')/Subjects"}},"ID":"1570","Language":"DE","MeetingNumber":6,"IdSession":4816,"SessionNumber":16,"SessionName":"Wintersession 2010","Council":2,"CouncilName":"St\u00e4nderat","CouncilAbbreviation":"SR","Date":"\/Date(1291680000000)\/","Begin":"0815","Modified":"\/Date(1447070284800)\/","LegislativePeriodNumber":48,"PublicationStatus":"final","MeetingOrderText":"Sechste Sitzung","SortOrder":6,"Location":"S"},"SubjectsBusiness":{"results":[{"__metadata":{"id":"https://ws.parlament.ch/OData.svc/SubjectBusiness(BusinessNumber=20100041,IdSubject=24150L,Language='DE')","uri":"https://ws.parlament.ch/OData.svc/SubjectBusiness(BusinessNumber=20100041,IdSubject=24150L,Language='DE')","type":"itsystems.Pd.DataServices.DataModel.SubjectBusiness"},"Subjects":{"__deferred":{"uri":"https://ws.parlament.ch/OData.svc/SubjectBusiness(BusinessNumber=20100041,IdSubject=24150L,Language='DE')/Subjects"}},"Businesses":{"__deferred":{"uri":"https://ws.parlament.ch/OData.svc/SubjectBusiness(BusinessNumber=20100041,IdSubject=24150L,Language='DE')/Businesses"}},"IdSubject":"24150","BusinessNumber":20100041,"Language":"DE","BusinessShortNumber":"10.041","Title":"Voranschlag 2011","SortOrder":1,"PublishedNotes":"Fortsetzung - Suite\n","Modified":"\/Date(1447069446823)\/","TitleDE":"Voranschlag der Eidgenossenschaft 2011","TitleFR":"Budget de la Conf\u00e9d\u00e9ration 2011","TitleIT":null}]},"Transcripts":{"results":[{"__metadata":{"id":"https://ws.parlament.ch/OData.svc/Transcript(ID=142028L,Language='DE')","uri":"https://ws.parlament.ch/OData.svc/Transcript(ID=142028L,Language='DE')","type":"itsystems.Pd.DataServices.DataModel.Transcript"},"Subjects":{"__deferred":{"uri":"https://ws.parlament.ch/OData.svc/Transcript(ID=142028L,Language='DE')/Subjects"}},"MembersCouncil":{"__deferred":{"uri":"https://ws.parlament.ch/OData.svc/Transcript(ID=142028L,Language='DE')/MembersCouncil"}},"Businesses":{"__deferred":{"uri":"https://ws.parlament.ch/OData.svc/Transcript(ID=142028L,Language='DE')/Businesses"}},"ID":"142028","Language":"DE","IdSubject":"24150","VoteId":null,"PersonNumber":372,"Type":1,"Text":"<pd_text><p>Wir haben gestern im Zusammenhang mit den mit dem Voranschlag 2011 beantragten Verpflichtungskrediten bereits \u00fcber den Antrag der Minderheit zu Absatz 2 entschieden.</p>\n<p>[VS]</p>\n<p><i>Angenommen gem\u00e4ss Antrag der Minderheit</i></p>\n<p><i>Adopt\u00e9 selon la proposition de la minorit\u00e9</i></p>\n<p>[VS]</p>\n<p><i>\u00dcbrige Bestimmungen angenommen</i></p>\n<p><i>Les autres dispositions sont adopt\u00e9es</i></p>\n<p>[VS]</p>\n<p><i>Ausgabenbremse - Frein aux d\u00e9penses</i></p>\n<p>[VS]</p>\n<p><i>Abstimmung - Vote</i></p>\n<p>F\u00fcr Annahme der Ausgabe ... 40 Stimmen</p>\n<p>(Einstimmigkeit)</p>\n<p>(0 Enthaltungen)</p>\n<p>[VS]</p>\n<p><i>Das qualifizierte Mehr ist erreicht</i></p>\n<p><i>La majorit\u00e9 qualifi\u00e9e est acquise</i></p>\n<p>[VS]</p>\n<p><b>Art. 8-13</b></p>\n<p><i>Antrag der Kommission</i></p>\n<p>Zustimmung zum Beschluss des Nationalrates</p>\n<p><i>Proposition de la commission</i></p>\n<p>Adh\u00e9rer \u00e0 la d\u00e9cision du Conseil national</p>\n<p>[VS]</p>\n<p><i>Angenommen - Adopt\u00e9</i></p>\n<p>[VS]</p>\n<p><i>Gesamtabstimmung - Vote sur l'ensemble</i></p>\n<p>F\u00fcr Annahme des Entwurfes ... 41 Stimmen</p>\n<p>(Einstimmigkeit)</p>\n<p>(0 Enthaltungen)</p>\n<p>[VS]</p>\n<p>[VS]</p>\n<p><b>3. Bundesbeschluss II \u00fcber die Entnahmen aus dem Fonds f\u00fcr die Eisenbahn-Grossprojekte f\u00fcr das Jahr 2011 </b></p>\n<p><b>3. Arr\u00eat\u00e9 f\u00e9d\u00e9ral II concernant les pr\u00e9l\u00e8vements sur le fonds pour les grands projets ferroviaires pour l'ann\u00e9e 2011 </b></p>\n<p>[VS]</p>\n<p><i>Detailberatung - Discussion par article</i></p>\n<p>[VS]</p>\n<p><b>Titel und Ingress, Art. 1-3</b></p>\n<p><i>Antrag der Kommission</i></p>\n<p>Zustimmung zum Beschluss des Nationalrates</p>\n<p>[VS]</p>\n<p><b>Titre et pr\u00e9ambule, art. 1-3</b></p>\n<p><i>Proposition de la commission</i></p>\n<p>Adh\u00e9rer \u00e0 la d\u00e9cision du Conseil national</p>\n<p>[VS]</p>\n<p><i>Angenommen - Adopt\u00e9</i></p>\n<p>[VS]</p>\n<p><i>Gesamtabstimmung - Vote sur l'ensemble</i></p>\n<p>F\u00fcr Annahme des Entwurfes ... 41 Stimmen</p>\n<p>(Einstimmigkeit)</p>\n<p>(0 Enthaltungen)</p>\n<p>[VS] [PAGE 1144] </p>\n<p>[VS]</p>\n<p><b>4. Bundesbeschluss III \u00fcber die Entnahmen aus dem Infrastrukturfonds f\u00fcr das Jahr 2011 </b></p>\n<p><b>4. Arr\u00eat\u00e9 f\u00e9d\u00e9ral III concernant les pr\u00e9l\u00e8vements sur le fonds d'infrastructure en 2011 </b></p>\n<p>[VS]</p>\n<p><i>Detailberatung - Discussion par article</i></p>\n<p>[VS]</p>\n<p><b>Titel und Ingress, Art. 1-3</b></p>\n<p><i>Antrag der Kommission</i></p>\n<p>Zustimmung zum Beschluss des Nationalrates</p>\n<p>[VS]</p>\n<p><b>Titre et pr\u00e9ambule, art. 1-3</b></p>\n<p><i>Proposition de la commission</i></p>\n<p>Adh\u00e9rer \u00e0 la d\u00e9cision du Conseil national</p>\n<p>[VS]</p>\n<p><i>Angenommen - Adopt\u00e9</i></p>\n<p>[VS]</p>\n<p><i>Gesamtabstimmung - Vote sur l'ensemble</i></p>\n<p>F\u00fcr Annahme des Entwurfes ... 41 Stimmen</p>\n<p>(Einstimmigkeit)</p>\n<p>(0 Enthaltungen)</p>\n<p>[VS]</p>\n<p>[VS]</p>\n<p><b>5. Bundesbeschluss IV \u00fcber den Voranschlag 2011 des Bereichs der Eidgen\u00f6ssischen Technischen Hochschulen (ETH-Bereich) </b></p>\n<p><b>5. Arr\u00eat\u00e9 f\u00e9d\u00e9ral IV concernant le budget du domaine des \u00e9coles polytechniques f\u00e9d\u00e9rales (domaine des EPF) pour l'ann\u00e9e 2011 </b></p>\n<p>[VS]</p>\n<p><i>Detailberatung - Discussion par article</i></p>\n<p>[VS]</p>\n<p><b>Titel und Ingress, Art. 1, 2</b></p>\n<p><i>Antrag der Kommission</i></p>\n<p>Zustimmung zum Beschluss des Nationalrates</p>\n<p>[VS]</p>\n<p><b>Titre et pr\u00e9ambule, art. 1, 2</b></p>\n<p><i>Proposition de la commission</i></p>\n<p>Adh\u00e9rer \u00e0 la d\u00e9cision du Conseil national</p>\n<p>[VS]</p>\n<p><i>Angenommen - Adopt\u00e9</i></p>\n<p>[VS]</p>\n<p><i>Gesamtabstimmung - Vote sur l'ensemble</i></p>\n<p>F\u00fcr Annahme des Entwurfes ... 41 Stimmen</p>\n<p>(Einstimmigkeit)</p>\n<p>(0 Enthaltungen)</p>\n<p>[VS]</p>\n<p>[VS]</p>\n<p><b>6. Bundesbeschluss V \u00fcber den Voranschlag der Eidgen\u00f6ssischen Alkoholverwaltung f\u00fcr das Jahr 2011 </b></p>\n<p><b>6. Arr\u00eat\u00e9 f\u00e9d\u00e9ral V concernant le budget de la R\u00e9gie f\u00e9d\u00e9rale des alcools pour l'ann\u00e9e 2011 </b></p>\n<p>[VS]</p>\n<p><i>Detailberatung - Discussion par article</i></p>\n<p>[VS]</p>\n<p><b>Titel und Ingress, Art. 1, 2</b></p>\n<p><i>Antrag der Kommission</i></p>\n<p>Zustimmung zum Beschluss des Nationalrates</p>\n<p>[VS]</p>\n<p><b>Titre et pr\u00e9ambule, art. 1, 2</b></p>\n<p><i>Proposition de la commission</i></p>\n<p>Adh\u00e9rer \u00e0 la d\u00e9cision du Conseil national</p>\n<p>[VS]</p>\n<p><i>Angenommen - Adopt\u00e9</i></p>\n<p>[VS]</p>\n<p><i>Gesamtabstimmung - Vote sur l'ensemble</i></p>\n<p>F\u00fcr Annahme des Entwurfes ... 41 Stimmen</p>\n<p>(Einstimmigkeit)</p>\n<p>(0 Enthaltungen)</p>\n</pd_text>","MeetingCouncilAbbreviation":"S","MeetingDate":"20101207","MeetingVerbalixOid":2013,"IdSession":"4816","SpeakerFirstName":"Hansheiri","SpeakerLastName":"Inderkum","SpeakerFullName":"Inderkum Hansheiri","SpeakerFunction":"P-M","CouncilId":2,"CouncilName":"St\u00e4nderat","CantonId":4,"CantonName":"Uri","CantonAbbreviation":"UR","ParlGroupName":"Fraktion CVP/EVP/glp","ParlGroupAbbreviation":"M-E","SortOrder":11,"Start":"\/Date(1291710337903)\/","End":"\/Date(1291710770247)\/","Function":"P-M","DisplaySpeaker":true,"LanguageOfText":"DE","Modified":"\/Date(1510850226527)\/","StartTimeWithTimezone":"\/Date(1291710337903+0060)\/","EndTimeWithTimezone":"\/Date(1291710770247+0060)\/","VoteBusinessNumber":null,"VoteBusinessShortNumber":null,"VoteBusinessTitle":null},{"__metadata":{"id":"https://ws.parlament.ch/OData.svc/Transcript(ID=142029L,Language='DE')","uri":"https://ws.parlament.ch/OData.svc/Transcript(ID=142029L,Language='DE')","type":"itsystems.Pd.DataServices.DataModel.Transcript"},"Subjects":{"__deferred":{"uri":"https://ws.parlament.ch/OData.svc/Transcript(ID=142029L,Language='DE')/Subjects"}},"MembersCouncil":{"__deferred":{"uri":"https://ws.parlament.ch/OData.svc/Transcript(ID=142029L,Language='DE')/MembersCouncil"}},"Businesses":{"__deferred":{"uri":"https://ws.parlament.ch/OData.svc/Transcript(ID=142029L,Language='DE')/Businesses"}},"ID":"142029","Language":"DE","IdSubject":"24150","VoteId":null,"PersonNumber":3939,"Type":1,"Text":"<pd_text><p>Hier gibt es noch einen Zusatzkredit, der bewilligt werden muss. Wir haben ja den Verpflichtungskredit im Bereich Heimatschutz und Denkmalpflege um 9 520 500 Franken aufgestockt. Der muss hier auch noch der Ausgabenbremse unterstellt werden.</p>\n</pd_text>","MeetingCouncilAbbreviation":"S","MeetingDate":"20101207","MeetingVerbalixOid":2013,"IdSession":"4816","SpeakerFirstName":"Pankraz","SpeakerLastName":"Freitag","SpeakerFullName":"Freitag Pankraz","SpeakerFunction":"Mit-M","CouncilId":2,"CouncilName":"St\u00e4nderat","CantonId":8,"CantonName":"Glarus","CantonAbbreviation":"GL","ParlGroupName":"Freisinnig-demokratische Fraktion","ParlGroupAbbreviation":"RL","SortOrder":10,"Start":"\/Date(1291710314967)\/","End":"\/Date(1291710337903)\/","Function":"*","DisplaySpeaker":true,"LanguageOfText":"DE","Modified":"\/Date(1510850226527)\/","StartTimeWithTimezone":"\/Date(1291710314967+0060)\/","EndTimeWithTimezone":"\/Date(1291710337903+0060)\/","VoteBusinessNumber":null,"VoteBusinessShortNumber":null,"VoteBusinessTitle":null},{"__metadata":{"id":"https://ws.parlament.ch/OData.svc/Transcript(ID=142030L,Language='DE')","uri":"https://ws.parlament.ch/OData.svc/Transcript(ID=142030L,Language='DE')","type":"itsystems.Pd.DataServices.DataModel.Transcript"},"Subjects":{"__deferred":{"uri":"https://ws.parlament.ch/OData.svc/Transcript(ID=142030L,Language='DE')/Subjects"}},"MembersCouncil":{"__deferred":{"uri":"https://ws.parlament.ch/OData.svc/Transcript(ID=142030L,Language='DE')/MembersCouncil"}},"Businesses":{"__deferred":{"uri":"https://ws.parlament.ch/OData.svc/Transcript(ID=142030L,Language='DE')/Businesses"}},"ID":"142030","Language":"DE","IdSubject":"24150","VoteId":null,"PersonNumber":372,"Type":1,"Text":"<pd_text><p><i>Angenommen gem\u00e4ss modifiziertem Antrag der Kommission </i></p>\n<p><i>Adopt\u00e9 selon la proposition modifi\u00e9e de la commission </i></p>\n<p>[VS]</p>\n<p><i>Schuldenbremse - Frein \u00e0 l'endettement </i></p>\n<p>[VS]</p>\n<p><i>Abstimmung - Vote </i></p>\n<p>F\u00fcr Annahme der Ausgabe ... 40 Stimmen </p>\n<p>(Einstimmigkeit)</p>\n<p>(0 Enthaltungen)</p>\n<p>[VS]</p>\n<p><i>Das qualifizierte Mehr ist erreicht </i></p>\n<p><i>La majorit\u00e9 qualifi\u00e9e est acquise </i></p>\n<p>[VS]</p>\n<p><b>Art. 6</b></p>\n<p><i>Antrag der Kommission</i></p>\n<p>Zustimmung zum Beschluss des Nationalrates</p>\n<p><i>Proposition de la commission</i></p>\n<p>Adh\u00e9rer \u00e0 la d\u00e9cision du Conseil national</p>\n<p>[VS]</p>\n<p><i>Angenommen - Adopt\u00e9</i></p>\n<p>[VS]</p>\n<p><b>Art. 7</b></p>\n<p><i>Antrag der Mehrheit</i></p>\n<p><i>Abs. 1, 3</i></p>\n<p>Zustimmung zum Beschluss des Nationalrates</p>\n<p><i>Abs. 2</i></p>\n<p>Zustimmung zum Entwurf des Bundesrates</p>\n<p>[VS]</p>\n<p><i>Antrag der Minderheit</i></p>\n<p>(Altherr, Berberat, Berset)</p>\n<p><i>Abs. 2</i></p>\n<p>Zustimmung zum Beschluss des Nationalrates</p>\n<p>[VS]</p>\n<p><b>Art. 7</b></p>\n<p><i>Proposition de la majorit\u00e9</i></p>\n<p><i>Al. 1, 3</i></p>\n<p>Adh\u00e9rer \u00e0 la d\u00e9cision du Conseil national</p>\n<p><i>Al. 2</i></p>\n<p>Adh\u00e9rer au projet du Conseil f\u00e9d\u00e9ral</p>\n<p>[VS]</p>\n<p><i>Proposition de la minorit\u00e9</i></p>\n<p>(Altherr, Berberat, Berset)</p>\n<p><i>Al. 2</i></p>\n<p>Adh\u00e9rer \u00e0 la d\u00e9cision du Conseil national</p>\n<p>[VS]</p>\n<p><i>Abs. 2 - Al. 2</i></p>\n</pd_text>","MeetingCouncilAbbreviation":"S","MeetingDate":"20101207","MeetingVerbalixOid":2013,"IdSession":"4816","SpeakerFirstName":"Hansheiri","SpeakerLastName":"Inderkum","SpeakerFullName":"Inderkum Hansheiri","SpeakerFunction":"P-M","CouncilId":2,"CouncilName":"St\u00e4nderat","CantonId":4,"CantonName":"Uri","CantonAbbreviation":"UR","ParlGroupName":"Fraktion CVP/EVP/glp","ParlGroupAbbreviation":"M-E","SortOrder":9,"Start":"\/Date(1291710239610)\/","End":"\/Date(1291710314967)\/","Function":"P-M","DisplaySpeaker":false,"LanguageOfText":null,"Modified":"\/Date(1510850226527)\/","StartTimeWithTimezone":"\/Date(1291710239610+0060)\/","EndTimeWithTimezone":"\/Date(1291710314967+0060)\/","VoteBusinessNumber":null,"VoteBusinessShortNumber":null,"VoteBusinessTitle":null},{"__metadata":{"id":"https://ws.parlament.ch/OData.svc/Transcript(ID=142031L,Language='DE')","uri":"https://ws.parlament.ch/OData.svc/Transcript(ID=142031L,Language='DE')","type":"itsystems.Pd.DataServices.DataModel.Transcript"},"Subjects":{"__deferred":{"uri":"https://ws.parlament.ch/OData.svc/Transcript(ID=142031L,Language='DE')/Subjects"}},"MembersCouncil":{"__deferred":{"uri":"https://ws.parlament.ch/OData.svc/Transcript(ID=142031L,Language='DE')/MembersCouncil"}},"Businesses":{"__deferred":{"uri":"https://ws.parlament.ch/OData.svc/Transcript(ID=142031L,Language='DE')/Businesses"}},"ID":"142031","Language":"DE","IdSubject":"24150","VoteId":null,"PersonNumber":3939,"Type":1,"Text":"<pd_text><p>Bei den Abs\u00e4tzen 1 und 2 gibt es keine \u00c4nderungen. Bei Absatz 3 ist der erh\u00f6hte Betrag jetzt um 179 038 624 Franken auf 65 053 329 800 Franken gek\u00fcrzt worden.</p>\n</pd_text>","MeetingCouncilAbbreviation":"S","MeetingDate":"20101207","MeetingVerbalixOid":2013,"IdSession":"4816","SpeakerFirstName":"Pankraz","SpeakerLastName":"Freitag","SpeakerFullName":"Freitag Pankraz","SpeakerFunction":"Mit-M","CouncilId":2,"CouncilName":"St\u00e4nderat","CantonId":8,"CantonName":"Glarus","CantonAbbreviation":"GL","ParlGroupName":"Freisinnig-demokratische Fraktion","ParlGroupAbbreviation":"RL","SortOrder":8,"Start":"\/Date(1291710210783)\/","End":"\/Date(1291710239610)\/","Function":"*","DisplaySpeaker":true,"LanguageOfText":"DE","Modified":"\/Date(1510850226527)\/","StartTimeWithTimezone":"\/Date(1291710210783+0060)\/","EndTimeWithTimezone":"\/Date(1291710239610+0060)\/","VoteBusinessNumber":null,"VoteBusinessShortNumber":null,"VoteBusinessTitle":null},{"__metadata":{"id":"https://ws.parlament.ch/OData.svc/Transcript(ID=142032L,Language='DE')","uri":"https://ws.parlament.ch/OData.svc/Transcript(ID=142032L,Language='DE')","type":"itsystems.Pd.DataServices.DataModel.Transcript"},"Subjects":{"__deferred":{"uri":"https://ws.parlament.ch/OData.svc/Transcript(ID=142032L,Language='DE')/Subjects"}},"MembersCouncil":{"__deferred":{"uri":"https://ws.parlament.ch/OData.svc/Transcript(ID=142032L,Language='DE')/MembersCouncil"}},"Businesses":{"__deferred":{"uri":"https://ws.parlament.ch/OData.svc/Transcript(ID=142032L,Language='DE')/Businesses"}},"ID":"142032","Language":"DE","IdSubject":"24150","VoteId":null,"PersonNumber":372,"Type":1,"Text":"<pd_text><p><i>Angenommen gem\u00e4ss modifiziertem Antrag der Kommission </i></p>\n<p><i>Adopt\u00e9 selon la proposition modifi\u00e9e de la commission </i></p>\n<p>[VS]</p>\n<p><b>Art. 5</b></p>\n<p><i>Antrag der Kommission</i></p>\n<p><i>Abs. 1, 2</i></p>\n<p>Zustimmung zum Beschluss des Nationalrates</p>\n<p><i>Abs. 3</i></p>\n<p>... um 188 848 124 auf 65 043 520 300 Franken gek\u00fcrzt ...</p>\n<p>[VS]</p>\n<p><b>Art. 5</b></p>\n<p><i>Proposition de la commission</i></p>\n<p><i>Al. 1, 2</i></p>\n<p>Adh\u00e9rer \u00e0 la d\u00e9cision du Conseil national</p>\n<p><i>Al. 3</i></p>\n<p>... r\u00e9duit de 188 848 124 francs, passant ainsi \u00e0 65 043 520 300 francs ...</p>\n</pd_text>","MeetingCouncilAbbreviation":"S","MeetingDate":"20101207","MeetingVerbalixOid":2013,"IdSession":"4816","SpeakerFirstName":"Hansheiri","SpeakerLastName":"Inderkum","SpeakerFullName":"Inderkum Hansheiri","SpeakerFunction":"P-M","CouncilId":2,"CouncilName":"St\u00e4nderat","CantonId":4,"CantonName":"Uri","CantonAbbreviation":"UR","ParlGroupName":"Fraktion CVP/EVP/glp","ParlGroupAbbreviation":"M-E","SortOrder":7,"Start":"\/Date(1291710196407)\/","End":"\/Date(1291710210783)\/","Function":"P-M","DisplaySpeaker":false,"LanguageOfText":null,"Modified":"\/Date(1510850226527)\/","StartTimeWithTimezone":"\/Date(1291710196407+0060)\/","EndTimeWithTimezone":"\/Date(1291710210783+0060)\/","VoteBusinessNumber":null,"VoteBusinessShortNumber":null,"VoteBusinessTitle":null},{"__metadata":{"id":"https://ws.parlament.ch/OData.svc/Transcript(ID=142033L,Language='DE')","uri":"https://ws.parlament.ch/OData.svc/Transcript(ID=142033L,Language='DE')","type":"itsystems.Pd.DataServices.DataModel.Transcript"},"Subjects":{"__deferred":{"uri":"https://ws.parlament.ch/OData.svc/Transcript(ID=142033L,Language='DE')/Subjects"}},"MembersCouncil":{"__deferred":{"uri":"https://ws.parlament.ch/OData.svc/Transcript(ID=142033L,Language='DE')/MembersCouncil"}},"Businesses":{"__deferred":{"uri":"https://ws.parlament.ch/OData.svc/Transcript(ID=142033L,Language='DE')/Businesses"}},"ID":"142033","Language":"DE","IdSubject":"24150","VoteId":null,"PersonNumber":3939,"Type":1,"Text":"<pd_text><p>Bei Buchstabe a haben wir jetzt Gesamtausgaben von 65 053 329 800 Schweizerfranken. Die Gesamteinnahmen bleiben gegen\u00fcber der Nachmeldung des Bundesrates unver\u00e4ndert. Bei Buchstabe c haben wir einen Ausgaben\u00fcberschuss in der Finanzierungsrechung von 2 630 458 700 Franken. </p>\n</pd_text>","MeetingCouncilAbbreviation":"S","MeetingDate":"20101207","MeetingVerbalixOid":2013,"IdSession":"4816","SpeakerFirstName":"Pankraz","SpeakerLastName":"Freitag","SpeakerFullName":"Freitag Pankraz","SpeakerFunction":"Mit-M","CouncilId":2,"CouncilName":"St\u00e4nderat","CantonId":8,"CantonName":"Glarus","CantonAbbreviation":"GL","ParlGroupName":"Freisinnig-demokratische Fraktion","ParlGroupAbbreviation":"RL","SortOrder":6,"Start":"\/Date(1291710161800)\/","End":"\/Date(1291710196407)\/","Function":"*","DisplaySpeaker":true,"LanguageOfText":"DE","Modified":"\/Date(1510850226527)\/","StartTimeWithTimezone":"\/Date(1291710161800+0060)\/","EndTimeWithTimezone":"\/Date(1291710196407+0060)\/","VoteBusinessNumber":null,"VoteBusinessShortNumber":null,"VoteBusinessTitle":null},{"__metadata":{"id":"https://ws.parlament.ch/OData.svc/Transcript(ID=142034L,Language='DE')","uri":"https://ws.parlament.ch/OData.svc/Transcript(ID=142034L,Language='DE')","type":"itsystems.Pd.DataServices.DataModel.Transcript"},"Subjects":{"__deferred":{"uri":"https://ws.parlament.ch/OData.svc/Transcript(ID=142034L,Language='DE')/Subjects"}},"MembersCouncil":{"__deferred":{"uri":"https://ws.parlament.ch/OData.svc/Transcript(ID=142034L,Language='DE')/MembersCouncil"}},"Businesses":{"__deferred":{"uri":"https://ws.parlament.ch/OData.svc/Transcript(ID=142034L,Language='DE')/Businesses"}},"ID":"142034","Language":"DE","IdSubject":"24150","VoteId":null,"PersonNumber":372,"Type":1,"Text":"<pd_text><p><i>Angenommen gem\u00e4ss modifiziertem Antrag der Kommission </i></p>\n<p><i>Adopt\u00e9 selon la proposition modifi\u00e9e de la commission </i></p>\n<p>[VS]</p>\n<p><b>Art. 3</b></p>\n<p><i>Antrag der Kommission</i></p>\n<p>Zustimmung zum Beschluss des Nationalrates</p>\n<p><i>Proposition de la commission</i></p>\n<p>Adh\u00e9rer \u00e0 la d\u00e9cision du Conseil national</p>\n<p>[VS]</p>\n<p><i>Angenommen - Adopt\u00e9</i></p>\n<p>[VS]</p>\n<p><b>Art. 4</b></p>\n<p><i>Antrag der Kommission</i></p>\n<p>...</p>\n<p>a. Gesamtausgaben von Fr. 65 043 520 300</p>\n<p>...</p>\n<p>c. ein Ausgaben\u00fcberschuss in der Finanzierungsrechnung von Fr. 2 620 649 200</p>\n<p>[VS] [PAGE 1143] </p>\n<p><b>Art. 4</b></p>\n<p><i>Proposition de la commission</i></p>\n<p>...</p>\n<p>a. D\u00e9penses totales de fr. 65 043 520 300</p>\n<p>...</p>\n<p>c. Un exc\u00e9dent de d\u00e9penses dans le compte de financement de fr. 2 620 649 200</p>\n</pd_text>","MeetingCouncilAbbreviation":"S","MeetingDate":"20101207","MeetingVerbalixOid":2013,"IdSession":"4816","SpeakerFirstName":"Hansheiri","SpeakerLastName":"Inderkum","SpeakerFullName":"Inderkum Hansheiri","SpeakerFunction":"P-M","CouncilId":2,"CouncilName":"St\u00e4nderat","CantonId":4,"CantonName":"Uri","CantonAbbreviation":"UR","ParlGroupName":"Fraktion CVP/EVP/glp","ParlGroupAbbreviation":"M-E","SortOrder":5,"Start":"\/Date(1291710131583)\/","End":"\/Date(1291710161800)\/","Function":"P-M","DisplaySpeaker":false,"LanguageOfText":null,"Modified":"\/Date(1510850226527)\/","StartTimeWithTimezone":"\/Date(1291710131583+0060)\/","EndTimeWithTimezone":"\/Date(1291710161800+0060)\/","VoteBusinessNumber":null,"VoteBusinessShortNumber":null,"VoteBusinessTitle":null},{"__metadata":{"id":"https://ws.parlament.ch/OData.svc/Transcript(ID=142035L,Language='DE')","uri":"https://ws.parlament.ch/OData.svc/Transcript(ID=142035L,Language='DE')","type":"itsystems.Pd.DataServices.DataModel.Transcript"},"Subjects":{"__deferred":{"uri":"https://ws.parlament.ch/OData.svc/Transcript(ID=142035L,Language='DE')/Subjects"}},"MembersCouncil":{"__deferred":{"uri":"https://ws.parlament.ch/OData.svc/Transcript(ID=142035L,Language='DE')/MembersCouncil"}},"Businesses":{"__deferred":{"uri":"https://ws.parlament.ch/OData.svc/Transcript(ID=142035L,Language='DE')/Businesses"}},"ID":"142035","Language":"DE","IdSubject":"24150","VoteId":null,"PersonNumber":3939,"Type":1,"Text":"<pd_text><p>Die bereinigte Zahl bei Buchstabe a, Investitionsausgaben, ist jetzt 8 413 080 000 Franken; die Investitionseinnahmen sind unver\u00e4ndert.</p>\n</pd_text>","MeetingCouncilAbbreviation":"S","MeetingDate":"20101207","MeetingVerbalixOid":2013,"IdSession":"4816","SpeakerFirstName":"Pankraz","SpeakerLastName":"Freitag","SpeakerFullName":"Freitag Pankraz","SpeakerFunction":"Mit-M","CouncilId":2,"CouncilName":"St\u00e4nderat","CantonId":8,"CantonName":"Glarus","CantonAbbreviation":"GL","ParlGroupName":"Freisinnig-demokratische Fraktion","ParlGroupAbbreviation":"RL","SortOrder":4,"Start":"\/Date(1291710112973)\/","End":"\/Date(1291710131583)\/","Function":"*","DisplaySpeaker":true,"LanguageOfText":"DE","Modified":"\/Date(1510850226527)\/","StartTimeWithTimezone":"\/Date(1291710112973+0060)\/","EndTimeWithTimezone":"\/Date(1291710131583+0060)\/","VoteBusinessNumber":null,"VoteBusinessShortNumber":null,"VoteBusinessTitle":null},{"__metadata":{"id":"https://ws.parlament.ch/OData.svc/Transcript(ID=142036L,Language='DE')","uri":"https://ws.parlament.ch/OData.svc/Transcript(ID=142036L,Language='DE')","type":"itsystems.Pd.DataServices.DataModel.Transcript"},"Subjects":{"__deferred":{"uri":"https://ws.parlament.ch/OData.svc/Transcript(ID=142036L,Language='DE')/Subjects"}},"MembersCouncil":{"__deferred":{"uri":"https://ws.parlament.ch/OData.svc/Transcript(ID=142036L,Language='DE')/MembersCouncil"}},"Businesses":{"__deferred":{"uri":"https://ws.parlament.ch/OData.svc/Transcript(ID=142036L,Language='DE')/Businesses"}},"ID":"142036","Language":"DE","IdSubject":"24150","VoteId":null,"PersonNumber":372,"Type":1,"Text":"<pd_text><p><i>Angenommen gem\u00e4ss modifiziertem Antrag der Kommission </i></p>\n<p><i>Adopt\u00e9 selon la proposition modifi\u00e9e de la commission </i></p>\n<p>[VS]</p>\n<p><b>Art. 2</b></p>\n<p><i>Antrag der Kommission</i></p>\n<p>...</p>\n<p>a. Investitionsausgaben von Fr. 8 403 559 500</p>\n<p>(gem\u00e4ss Nachmeldung)</p>\n<p>...</p>\n<p>[VS]</p>\n<p><b>Art. 2</b></p>\n<p><i>Proposition de la commission</i></p>\n<p>...</p>\n<p>a. D\u00e9penses d'investissement de fr. 8 403 559 500</p>\n<p>(selon communication suppl\u00e9mentaire)</p>\n<p>...</p>\n</pd_text>","MeetingCouncilAbbreviation":"S","MeetingDate":"20101207","MeetingVerbalixOid":2013,"IdSession":"4816","SpeakerFirstName":"Hansheiri","SpeakerLastName":"Inderkum","SpeakerFullName":"Inderkum Hansheiri","SpeakerFunction":"P-M","CouncilId":2,"CouncilName":"St\u00e4nderat","CantonId":4,"CantonName":"Uri","CantonAbbreviation":"UR","ParlGroupName":"Fraktion CVP/EVP/glp","ParlGroupAbbreviation":"M-E","SortOrder":3,"Start":"\/Date(1291710084133)\/","End":"\/Date(1291710112973)\/","Function":"P-M","DisplaySpeaker":false,"LanguageOfText":null,"Modified":"\/Date(1510850226527)\/","StartTimeWithTimezone":"\/Date(1291710084133+0060)\/","EndTimeWithTimezone":"\/Date(1291710112973+0060)\/","VoteBusinessNumber":null,"VoteBusinessShortNumber":null,"VoteBusinessTitle":null},{"__metadata":{"id":"https://ws.parlament.ch/OData.svc/Transcript(ID=142037L,Language='DE')","uri":"https://ws.parlament.ch/OData.svc/Transcript(ID=142037L,Language='DE')","type":"itsystems.Pd.DataServices.DataModel.Transcript"},"Subjects":{"__deferred":{"uri":"https://ws.parlament.ch/OData.svc/Transcript(ID=142037L,Language='DE')/Subjects"}},"MembersCouncil":{"__deferred":{"uri":"https://ws.parlament.ch/OData.svc/Transcript(ID=142037L,Language='DE')/MembersCouncil"}},"Businesses":{"__deferred":{"uri":"https://ws.parlament.ch/OData.svc/Transcript(ID=142037L,Language='DE')/Businesses"}},"ID":"142037","Language":"DE","IdSubject":"24150","VoteId":null,"PersonNumber":3939,"Type":1,"Text":"<pd_text><p>Ich m\u00f6chte zuerst auf ein Papier hinweisen mit einer Bilanz dessen, was wir hier gestern zum Voranschlag 2010 verabschiedet haben. Das ordentliche Finanzierungsergebnis gem\u00e4ss unseren Beschl\u00fcssen vom 6. Dezember betr\u00e4gt jetzt 632 Millionen Franken, das heisst, es bleibt ein struktureller Saldo von etwa 179 Millionen \u00fcbrig; das ist das, was schuldenbremsenm\u00e4ssig noch m\u00f6glich w\u00e4re, was wir noch amortisieren k\u00f6nnen. Das heisst, anders ausgedr\u00fcckt: Der Rat hat 10 Millionen Franken mehr ausgegeben, als seine Kommission wollte, und er hat 39 Millionen mehr ausgegeben, als der Bundesrat uns vorgeschlagen hatte. Sie sehen auf diesem Papier unten, bei der Ver\u00e4nderung der Ausgaben gegen\u00fcber dem Bundesrat, dass wir noch vier Differenzen zum Nationalrat haben. Ich nehme an, es ist erlaubt, schnell darauf hinzuweisen. Bei den Personalbez\u00fcgen gibt es eine Differenz beim Thema Personal GPK; dann haben wir im Zusammenhang mit der Entwicklungszusammenarbeit zwei Positionen, die unterschiedlich sind zum Nationalrat - 100 Millionen und 33,5 Millionen Franken. Wir haben weiter im ETH-Bereich, beim Bundesbeitrag an die ETH, eine Differenz von 1,7 Millionen, und zuletzt haben wir noch eine Differenz bei den Zulagen Milchwirtschaft, wo wir 33,5 Millionen Franken und der Nationalrat 45 Millionen Franken \u00fcber dem Antrag des Bundesrates liegen. Das ist also die aktuelle Ausgangslage. </p>\n<p>Jetzt zur Fahne Seite B2, Erfolgsrechnung - dies zuhanden des Amtlichen Bulletins -: Die Erfolgsrechnung, das ist Absatz 2, schliesst mit Aufw\u00e4nden von rund 63 500 500 700 Franken und mit einem Aufwand\u00fcberschuss von 1 230 947 000 Franken ab. </p>\n</pd_text>","MeetingCouncilAbbreviation":"S","MeetingDate":"20101207","MeetingVerbalixOid":2013,"IdSession":"4816","SpeakerFirstName":"Pankraz","SpeakerLastName":"Freitag","SpeakerFullName":"Freitag Pankraz","SpeakerFunction":"Mit-M","CouncilId":2,"CouncilName":"St\u00e4nderat","CantonId":8,"CantonName":"Glarus","CantonAbbreviation":"GL","ParlGroupName":"Freisinnig-demokratische Fraktion","ParlGroupAbbreviation":"RL","SortOrder":2,"Start":"\/Date(1291709911107)\/","End":"\/Date(1291710084133)\/","Function":"*","DisplaySpeaker":true,"LanguageOfText":"DE","Modified":"\/Date(1510850226513)\/","StartTimeWithTimezone":"\/Date(1291709911107+0060)\/","EndTimeWithTimezone":"\/Date(1291710084133+0060)\/","VoteBusinessNumber":null,"VoteBusinessShortNumber":null,"VoteBusinessTitle":null},{"__metadata":{"id":"https://ws.parlament.ch/OData.svc/Transcript(ID=142038L,Language='DE')","uri":"https://ws.parlament.ch/OData.svc/Transcript(ID=142038L,Language='DE')","type":"itsystems.Pd.DataServices.DataModel.Transcript"},"Subjects":{"__deferred":{"uri":"https://ws.parlament.ch/OData.svc/Transcript(ID=142038L,Language='DE')/Subjects"}},"MembersCouncil":{"__deferred":{"uri":"https://ws.parlament.ch/OData.svc/Transcript(ID=142038L,Language='DE')/MembersCouncil"}},"Businesses":{"__deferred":{"uri":"https://ws.parlament.ch/OData.svc/Transcript(ID=142038L,Language='DE')/Businesses"}},"ID":"142038","Language":"DE","IdSubject":"24150","VoteId":null,"PersonNumber":372,"Type":1,"Text":"<pd_text><p><b>2. Bundesbeschluss I \u00fcber den Voranschlag f\u00fcr das Jahr 2011 </b></p>\n<p><b>2. Arr\u00eat\u00e9 f\u00e9d\u00e9ral I concernant le budget pour l'ann\u00e9e 2011 </b></p>\n<p>[VS]</p>\n<p><i>Detailberatung - Discussion par article</i></p>\n<p>[VS]</p>\n<p><b>Titel und Ingress</b></p>\n<p><i>Antrag der Kommission</i></p>\n<p>Zustimmung zum Beschluss des Nationalrates</p>\n<p>[VS]</p>\n<p><b>Titre et pr\u00e9ambule</b></p>\n<p><i>Proposition de la commission</i></p>\n<p>Adh\u00e9rer \u00e0 la d\u00e9cision du Conseil national</p>\n<p>[VS]</p>\n<p><i>Angenommen - Adopt\u00e9</i></p>\n<p>[VS]</p>\n<p><b>Art. 1</b></p>\n<p><i>Antrag der Kommission</i></p>\n<p><i>Abs. 1</i></p>\n<p>Zustimmung zum Beschluss des Nationalrates</p>\n<p><i>Abs. 2</i></p>\n<p>...</p>\n<p>a. Aufw\u00e4nden von Fr. 63 490 691 200 </p>\n<p>...</p>\n<p>c. einem Aufwand\u00fcberschuss von Fr. 1 221 137 500</p>\n<p>[VS]</p>\n<p><b>Art. 1</b></p>\n<p><i>Proposition de la commission</i></p>\n<p><i>Al. 1</i></p>\n<p>Adh\u00e9rer \u00e0 la d\u00e9cision du Conseil national</p>\n<p><i>Al. 2</i></p>\n<p>...</p>\n<p>a. charges de fr. 63 490 691 200  </p>\n<p>...</p>\n<p>c. un exc\u00e9dent de charges de fr. 1 221 137 500</p>\n<p>[VS]</p>\n<p><b>Pr\u00e4sident </b>(Inderkum Hansheiri, Pr\u00e4sident): Ich ersuche den Berichterstatter, uns die bereinigten Zahlen bekanntzugeben.</p>\n</pd_text>","MeetingCouncilAbbreviation":"S","MeetingDate":"20101207","MeetingVerbalixOid":2013,"IdSession":"4816","SpeakerFirstName":"Hansheiri","SpeakerLastName":"Inderkum","SpeakerFullName":"Inderkum Hansheiri","SpeakerFunction":"P-M","CouncilId":2,"CouncilName":"St\u00e4nderat","CantonId":4,"CantonName":"Uri","CantonAbbreviation":"UR","ParlGroupName":"Fraktion CVP/EVP/glp","ParlGroupAbbreviation":"M-E","SortOrder":1,"Start":"\/Date(1291709864170)\/","End":"\/Date(1291709911107)\/","Function":"P-M","DisplaySpeaker":false,"LanguageOfText":null,"Modified":"\/Date(1510850226513)\/","StartTimeWithTimezone":"\/Date(1291709864170+0060)\/","EndTimeWithTimezone":"\/Date(1291709911107+0060)\/","VoteBusinessNumber":null,"VoteBusinessShortNumber":null,"VoteBusinessTitle":null}]},"ID":"24150","Language":"DE","IdMeeting":"1570","VerbalixOid":340905,"SortOrder":1,"Modified":"\/Date(1447070284803)\/"}}