{"d":{"__metadata":{"id":"https://ws.parlament.ch/OData.svc/Subject(ID=24168L,Language='DE')","uri":"https://ws.parlament.ch/OData.svc/Subject(ID=24168L,Language='DE')","type":"itsystems.Pd.DataServices.DataModel.Subject"},"Meetings":{"__metadata":{"id":"https://ws.parlament.ch/OData.svc/Meeting(ID=1571L,Language='DE')","uri":"https://ws.parlament.ch/OData.svc/Meeting(ID=1571L,Language='DE')","type":"itsystems.Pd.DataServices.DataModel.Meeting"},"Sessions":{"__deferred":{"uri":"https://ws.parlament.ch/OData.svc/Meeting(ID=1571L,Language='DE')/Sessions"}},"Subjects":{"__deferred":{"uri":"https://ws.parlament.ch/OData.svc/Meeting(ID=1571L,Language='DE')/Subjects"}},"ID":"1571","Language":"DE","MeetingNumber":14,"IdSession":4816,"SessionNumber":16,"SessionName":"Wintersession 2010","Council":2,"CouncilName":"St\u00e4nderat","CouncilAbbreviation":"SR","Date":"\/Date(1292544000000)\/","Begin":"0815","Modified":"\/Date(1447070285047)\/","LegislativePeriodNumber":48,"PublicationStatus":"final","MeetingOrderText":"Vierzehnte Sitzung","SortOrder":14,"Location":"S"},"SubjectsBusiness":{"results":[{"__metadata":{"id":"https://ws.parlament.ch/OData.svc/SubjectBusiness(BusinessNumber=20080069,IdSubject=24168L,Language='DE')","uri":"https://ws.parlament.ch/OData.svc/SubjectBusiness(BusinessNumber=20080069,IdSubject=24168L,Language='DE')","type":"itsystems.Pd.DataServices.DataModel.SubjectBusiness"},"Subjects":{"__deferred":{"uri":"https://ws.parlament.ch/OData.svc/SubjectBusiness(BusinessNumber=20080069,IdSubject=24168L,Language='DE')/Subjects"}},"Businesses":{"__deferred":{"uri":"https://ws.parlament.ch/OData.svc/SubjectBusiness(BusinessNumber=20080069,IdSubject=24168L,Language='DE')/Businesses"}},"IdSubject":"24168","BusinessNumber":20080069,"Language":"DE","BusinessShortNumber":"08.069","Title":"BVG. Finanzierung \u00f6ffentlich-rechtlicher Vorsorgeeinrichtungen","SortOrder":1,"PublishedNotes":"Schlussabstimmung - Vote final\n","Modified":"\/Date(1447069362310)\/","TitleDE":"BVG. Finanzierung\n\u00f6ffentlich-rechtlicher\nVorsorgeeinrichtungen","TitleFR":"LPP. Financement\ndes institutions\nde pr\u00e9voyance de droit public","TitleIT":null}]},"Transcripts":{"results":[{"__metadata":{"id":"https://ws.parlament.ch/OData.svc/Transcript(ID=142127L,Language='DE')","uri":"https://ws.parlament.ch/OData.svc/Transcript(ID=142127L,Language='DE')","type":"itsystems.Pd.DataServices.DataModel.Transcript"},"Subjects":{"__deferred":{"uri":"https://ws.parlament.ch/OData.svc/Transcript(ID=142127L,Language='DE')/Subjects"}},"MembersCouncil":{"__deferred":{"uri":"https://ws.parlament.ch/OData.svc/Transcript(ID=142127L,Language='DE')/MembersCouncil"}},"Businesses":{"__deferred":{"uri":"https://ws.parlament.ch/OData.svc/Transcript(ID=142127L,Language='DE')/Businesses"}},"ID":"142127","Language":"DE","IdSubject":"24168","VoteId":null,"PersonNumber":372,"Type":1,"Text":"<pd_text><p><b>Bundesgesetz \u00fcber die berufliche Alters-, Hinterlassenen- und Invalidenvorsorge (Finanzierung von Vorsorgeeinrichtungen \u00f6ffentlich-rechtlicher K\u00f6rperschaften)</b></p>\n<p><b>Loi f\u00e9d\u00e9rale sur la pr\u00e9voyance professionnelle vieillesse, survivants et invalidit\u00e9 (Financement des institutions de pr\u00e9voyance de corporations de droit public)</b></p>\n<p>[VS]</p>\n<p><i>Abstimmung - Vote</i></p>\n<p>F\u00fcr Annahme des Entwurfes ... 30 Stimmen</p>\n<p>Dagegen ... 5 Stimmen</p>\n<p>(8 Enthaltungen)</p>\n</pd_text>","MeetingCouncilAbbreviation":"S","MeetingDate":"20101217","MeetingVerbalixOid":2021,"IdSession":"4816","SpeakerFirstName":"Hansheiri","SpeakerLastName":"Inderkum","SpeakerFullName":"Inderkum Hansheiri","SpeakerFunction":"P-M","CouncilId":2,"CouncilName":"St\u00e4nderat","CantonId":4,"CantonName":"Uri","CantonAbbreviation":"UR","ParlGroupName":"Fraktion CVP/EVP/glp","ParlGroupAbbreviation":"M-E","SortOrder":1,"Start":"\/Date(1292574405863)\/","End":"\/Date(1292574451347)\/","Function":"P-M","DisplaySpeaker":false,"LanguageOfText":null,"Modified":"\/Date(1510850228027)\/","StartTimeWithTimezone":"\/Date(1292574405863+0060)\/","EndTimeWithTimezone":"\/Date(1292574451347+0060)\/","VoteBusinessNumber":null,"VoteBusinessShortNumber":null,"VoteBusinessTitle":null}]},"ID":"24168","Language":"DE","IdMeeting":"1571","VerbalixOid":344279,"SortOrder":6,"Modified":"\/Date(1510850228013)\/"}}