{"d":{"__metadata":{"id":"https://ws.parlament.ch/OData.svc/Subject(ID=242L,Language='DE')","uri":"https://ws.parlament.ch/OData.svc/Subject(ID=242L,Language='DE')","type":"itsystems.Pd.DataServices.DataModel.Subject"},"Meetings":{"__metadata":{"id":"https://ws.parlament.ch/OData.svc/Meeting(ID=20L,Language='DE')","uri":"https://ws.parlament.ch/OData.svc/Meeting(ID=20L,Language='DE')","type":"itsystems.Pd.DataServices.DataModel.Meeting"},"Sessions":{"__deferred":{"uri":"https://ws.parlament.ch/OData.svc/Meeting(ID=20L,Language='DE')/Sessions"}},"Subjects":{"__deferred":{"uri":"https://ws.parlament.ch/OData.svc/Meeting(ID=20L,Language='DE')/Subjects"}},"ID":"20","Language":"DE","MeetingNumber":9,"IdSession":4601,"SessionNumber":1,"SessionName":"Wintersession 1999","Council":2,"CouncilName":"St\u00e4nderat","CouncilAbbreviation":"SR","Date":"\/Date(945734400000)\/","Begin":"0900","Modified":"\/Date(1447069704443)\/","LegislativePeriodNumber":46,"PublicationStatus":"final","MeetingOrderText":"Neunte Sitzung","SortOrder":9,"Location":"S"},"SubjectsBusiness":{"results":[{"__metadata":{"id":"https://ws.parlament.ch/OData.svc/SubjectBusiness(BusinessNumber=19993502,IdSubject=242L,Language='DE')","uri":"https://ws.parlament.ch/OData.svc/SubjectBusiness(BusinessNumber=19993502,IdSubject=242L,Language='DE')","type":"itsystems.Pd.DataServices.DataModel.SubjectBusiness"},"Subjects":{"__deferred":{"uri":"https://ws.parlament.ch/OData.svc/SubjectBusiness(BusinessNumber=19993502,IdSubject=242L,Language='DE')/Subjects"}},"Businesses":{"__deferred":{"uri":"https://ws.parlament.ch/OData.svc/SubjectBusiness(BusinessNumber=19993502,IdSubject=242L,Language='DE')/Businesses"}},"IdSubject":"242","BusinessNumber":19993502,"Language":"DE","BusinessShortNumber":"99.3502","Title":"F\u00f6rderung der Musikausbildung","SortOrder":1,"PublishedNotes":null,"Modified":"\/Date(1447069105766)\/","TitleDE":"Motion Danioth Hans\n(Bieri Peter).\nF\u00f6rderung\nder Musikausbildung","TitleFR":"Motion Danioth Hans\n(Bieri Peter).\nEncouragement\nde la formation musicale","TitleIT":null}]},"Transcripts":{"results":[{"__metadata":{"id":"https://ws.parlament.ch/OData.svc/Transcript(ID=1446L,Language='DE')","uri":"https://ws.parlament.ch/OData.svc/Transcript(ID=1446L,Language='DE')","type":"itsystems.Pd.DataServices.DataModel.Transcript"},"Subjects":{"__deferred":{"uri":"https://ws.parlament.ch/OData.svc/Transcript(ID=1446L,Language='DE')/Subjects"}},"MembersCouncil":{"__deferred":{"uri":"https://ws.parlament.ch/OData.svc/Transcript(ID=1446L,Language='DE')/MembersCouncil"}},"Businesses":{"__deferred":{"uri":"https://ws.parlament.ch/OData.svc/Transcript(ID=1446L,Language='DE')/Businesses"}},"ID":"1446","Language":"DE","IdSubject":"242","VoteId":null,"PersonNumber":195,"Type":1,"Text":"<pd_text><p><i>\u00dcberwiesen als Postulat - Transmis comme postulat</i></p>\n</pd_text>","MeetingCouncilAbbreviation":"S","MeetingDate":"19991221","MeetingVerbalixOid":656,"IdSession":"4601","SpeakerFirstName":"Carlo","SpeakerLastName":"Schmid-Sutter","SpeakerFullName":"Schmid-Sutter Carlo","SpeakerFunction":"P-M","CouncilId":2,"CouncilName":"St\u00e4nderat","CantonId":16,"CantonName":"Appenzell I.-Rh.","CantonAbbreviation":"AI","ParlGroupName":"Christlichdemokratische Fraktion","ParlGroupAbbreviation":"M-E","SortOrder":3,"Start":"\/Date(945774889677)\/","End":"\/Date(945774905190)\/","Function":"","DisplaySpeaker":false,"LanguageOfText":null,"Modified":"\/Date(1510850857263)\/","StartTimeWithTimezone":"\/Date(945774889677+0060)\/","EndTimeWithTimezone":"\/Date(945774905190+0060)\/","VoteBusinessNumber":null,"VoteBusinessShortNumber":null,"VoteBusinessTitle":null},{"__metadata":{"id":"https://ws.parlament.ch/OData.svc/Transcript(ID=1447L,Language='DE')","uri":"https://ws.parlament.ch/OData.svc/Transcript(ID=1447L,Language='DE')","type":"itsystems.Pd.DataServices.DataModel.Transcript"},"Subjects":{"__deferred":{"uri":"https://ws.parlament.ch/OData.svc/Transcript(ID=1447L,Language='DE')/Subjects"}},"MembersCouncil":{"__deferred":{"uri":"https://ws.parlament.ch/OData.svc/Transcript(ID=1447L,Language='DE')/MembersCouncil"}},"Businesses":{"__deferred":{"uri":"https://ws.parlament.ch/OData.svc/Transcript(ID=1447L,Language='DE')/Businesses"}},"ID":"1447","Language":"DE","IdSubject":"242","VoteId":null,"PersonNumber":430,"Type":1,"Text":"<pd_text><p>Je remercie M. Bieri d'accepter la transformation en postulat de la motion Danioth, qu'il a reprise \u00e0 son propre compte. Nous aurons la m\u00eame discussion au Conseil national puisque la motion Bangerter a la m\u00eame teneur et que nous proposons aussi de la transformer en postulat. Comme vous le savez, il y a aussi le postulat Gysin Remo (99.3507) qui a \u00e9t\u00e9 pr\u00e9sent\u00e9 dans tout cet ensemble de propositions visant \u00e0 concr\u00e9tiser l'article 69 alin\u00e9a 2 de la nouvelle constitution, qui nous donne non pas des comp\u00e9tences nouvelles, mais qui explicite nos comp\u00e9tences dans le domaine de la culture en g\u00e9n\u00e9ral. Le Conseil f\u00e9d\u00e9ral est tout \u00e0 fait int\u00e9ress\u00e9 de voir l'int\u00e9r\u00eat que le Parlement porte \u00e0 la promotion de la musique, de la formation musicale, \u00e0 un moment particuli\u00e8rement important, parce que nous sommes oblig\u00e9s de rendre plus rigoureuse l'attribution de nos fonds \u00e0 certaines associations dans le domaine de la culture. De ce fait, des organisations qui ont une grande tradition dans l'enseignement de la musique ou dans l'organisation des Jeunesses musicales, par exemple, ne peuvent plus, sans autre, entrer dans le cadre du financement plus rigoureux, mieux d\u00e9fini des organisations dans le domaine de la culture. Je con\u00e7ois aussi ce postulat, s'il en est ainsi, comme un encouragement \u00e0 trouver de nouvelles fa\u00e7ons de soutenir les organisations actives dans ce domaine. Bien s\u00fbr, l'honn\u00eatet\u00e9 m'oblige \u00e0 dire que nous sommes tr\u00e8s loin d'un r\u00eave que je trouve tr\u00e8s beau, qui est celui de cr\u00e9er un \"Jugend und Musik\" sur le mod\u00e8le de \"Jugend und Sport\". Les temps ne nous permettent pas, et en particulier les exigences financi\u00e8res, d'aller aussi loin, mais r\u00e9jouissons-nous de pouvoir d\u00e9j\u00e0 faire cette \u00e9tude, de cr\u00e9er les premiers instruments d'application de l'article 69 alin\u00e9a 2 et de le faire ensemble, le Conseil f\u00e9d\u00e9ral et ensuite le Parlement.</p>\n<p>L'ordre de grandeur des moyens que nous pouvons mettre \u00e0 disposition dans les quatre ans \u00e0 venir, puisque la contrainte du \"Legislaturfinanzplan\" sera donn\u00e9e, sur la base actuelle de nos discussions, est extr\u00eamement modeste, puisque nous pensons au cours de cette l\u00e9gislature essayer de mobiliser quelque 3 \u00e0 4 millions de francs par ann\u00e9e pour l'int\u00e9gralit\u00e9 de l'application de l'article 69 alin\u00e9a 2, mais c'est la phase o\u00f9 nous voulons poser les fondements. Dans ce sens, poser des fondements qui respectent l'importance de la musique et de la formation musicale me para\u00eet tr\u00e8s important.</p>\n<p>Je vous remercie donc de transmettre la motion sous forme de postulat et aussi de nous suivre ensuite dans la mise en oeuvre du postulat.</p>\n</pd_text>","MeetingCouncilAbbreviation":"S","MeetingDate":"19991221","MeetingVerbalixOid":656,"IdSession":"4601","SpeakerFirstName":"Ruth","SpeakerLastName":"Dreifuss","SpeakerFullName":"Dreifuss Ruth","SpeakerFunction":"BPR-F","CouncilId":99,"CouncilName":"Bundesrat","CantonId":25,"CantonName":"Genf","CantonAbbreviation":"GE","ParlGroupName":null,"ParlGroupAbbreviation":null,"SortOrder":2,"Start":"\/Date(945774654550)\/","End":"\/Date(945774889677)\/","Function":"","DisplaySpeaker":true,"LanguageOfText":"FR","Modified":"\/Date(1510850857263)\/","StartTimeWithTimezone":"\/Date(945774654550+0060)\/","EndTimeWithTimezone":"\/Date(945774889677+0060)\/","VoteBusinessNumber":null,"VoteBusinessShortNumber":null,"VoteBusinessTitle":null},{"__metadata":{"id":"https://ws.parlament.ch/OData.svc/Transcript(ID=1448L,Language='DE')","uri":"https://ws.parlament.ch/OData.svc/Transcript(ID=1448L,Language='DE')","type":"itsystems.Pd.DataServices.DataModel.Transcript"},"Subjects":{"__deferred":{"uri":"https://ws.parlament.ch/OData.svc/Transcript(ID=1448L,Language='DE')/Subjects"}},"MembersCouncil":{"__deferred":{"uri":"https://ws.parlament.ch/OData.svc/Transcript(ID=1448L,Language='DE')/MembersCouncil"}},"Businesses":{"__deferred":{"uri":"https://ws.parlament.ch/OData.svc/Transcript(ID=1448L,Language='DE')/Businesses"}},"ID":"1448","Language":"DE","IdSubject":"242","VoteId":null,"PersonNumber":277,"Type":1,"Text":"<pd_text><p>Ich habe die Antwort des Bundesrates erhalten. Ich bin grunds\u00e4tzlich damit einverstanden, m\u00f6chte aber kurz einige Bemerkungen dazu machen. Das Anliegen ist in der Herbstsession von unserem gesch\u00e4tzten Kollegen Hans Danioth, der selbst ein begeisterter S\u00e4nger ist, im Sinne eines kulturellen Verm\u00e4chtnisses eingereicht worden. Da ich selber von der Bedeutung der Musik in der Bildung \u00fcberzeugt bin und auch selber musizierende Kinder im schulpflichtigen Alter habe, habe ich sein Anliegen und damit seine Motion gerne \u00fcbernommen. Ich habe erst gestern die Antwort des Bundesrates erhalten und danke ihm, dass er f\u00fcr dieses Anliegen Verst\u00e4ndnis aufbringt, wenngleich er sich aus verst\u00e4ndlichen Gr\u00fcnden f\u00fcr eine Umwandlung in ein Postulat ausspricht. </p>\n<p>Die Bedeutung der Musik und des Gesangs als identit\u00e4tsstiftendes Element und auch als tief menschliche Ausdrucksform sind wohl unbestritten. Jedes Land hat seine eigene Musikkultur und Musikgeschichte. Ihre Erhaltung und F\u00f6rderung geh\u00f6ren in einem Land, das sich auch im Kulturbereich der Subsidiarit\u00e4t verpflichtet hat, nicht allein in die staatliche Dom\u00e4ne. Indem der Staat f\u00f6rdernd und unterst\u00fctzend dort eingreift, wo die Ziele durch Einzelne nur ungen\u00fcgend erreicht werden k\u00f6nnen, tr\u00e4gt er dazu bei, dass dieses Kulturgut seinen gesellschaftlichen Stellenwert einnehmen kann, den es in unserem Gemeinwesen verdient. </p>\n<p>Es gibt nun aber gewisse Anzeichen, dass die Musik und insbesondere der Gesang in unserem Bildungswesen an Bedeutung verlieren. W\u00e4hrend etwa der Sport, den ich selber auch aktiv betreibe und den ich hier nicht als Konkurrenten, aber immerhin als Vergleichst\u00e4tigkeit ansehen m\u00f6chte, eine Bundesaufgabe ist, die mit grossz\u00fcgigen Mitteln gef\u00f6rdert wird, fristen die Belange der Musik ein vergleichsweise kl\u00e4gliches Dasein. Vor wenigen Jahren ist der Einflussbereich von Jugend und Sport auf die 10- bis 14-j\u00e4hrigen Jugendlichen ausgedehnt worden. Damals hat unser Kommissionssprecher im Rat in Aussicht gestellt, dass dieses Ungleichgewicht zwischen Sport und Musik bei n\u00e4chster Gelegenheit zu korrigieren sei. Die Erziehungswissenschaften [PAGE 1192] sind heute der einhelligen Meinung, dass die musikalische F\u00f6rderung der Kinder und der Jugendlichen die Entfaltung der Pers\u00f6nlichkeit positiv beeinflusst; sie geht damit in ihrer Wirkung weit \u00fcber die prim\u00e4re T\u00e4tigkeit des Musizierens und des Singens hinaus. </p>\n<p>In der Musik liegt ein enormes p\u00e4dagogisches Potenzial. Weil Musik zudem zu praktisch allen F\u00e4chern in Beziehung steht, bietet sie sich als f\u00e4cher\u00fcbergreifendes Element in ganz besonderem Masse an.</p>\n<p>Diesen Erkenntnissen zum Trotz werden heute in vielen Schulen die Musik und das aktive Singen kaum mehr gepflegt. Das Fach Musik ist h\u00e4ufig im Visier, wenn es um Abbau und um Kompensation zugunsten anderer Lektionen geht. Mit Artikel 69 Absatz 2 haben wir in der neuen Bundesverfassung eine Grundlage geschaffen, die es dem Bund zusammen mit den Kantonen erm\u00f6glicht, im Bereich der Musik und der Kunst aktiv zu werden: \"Der Bund kann kulturelle Bestrebungen von gesamtschweizerischem Interesse unterst\u00fctzen sowie Kunst und Musik, insbesondere im Bereich der Ausbildung, f\u00f6rdern.\"</p>\n<p>Es kann bei diesem Vorstoss nicht darum gehen, dass eine bis anhin von den Kantonen geleistete Arbeit vom Bund \u00fcbernommen wird. Das war nie das Anliegen unseres ehemaligen Kollegen Danioth. W\u00fcrden Sie das glauben, dann h\u00e4tten Sie seine Auffassung des F\u00f6deralismus v\u00f6llig falsch eingesch\u00e4tzt. Vielmehr gilt es, die T\u00e4tigkeit der Kantone mit derjenigen des Bundes zu koordinieren, wie dies bereits in anderen Bildungsbereichen, u. a. eben auch im Sport, geschieht. Auch gibt es verschiedene Ansatzpunkte, die zeigen, dass die musische Bildung im Vergleich zu anderen Bildungsbereichen Nachholbedarf hat. Das in der Vernehmlassung stehende Berufsbildungsgesetz ist ein erster Pr\u00fcfstein in dieser Frage. W\u00e4hrend etwa der Sport wiederholt Erw\u00e4hnung im Gesetzentwurf findet, fehlt jegliche Erw\u00e4hnung der musikalischen Bildung. Eine weitere L\u00fccke besteht auf der Stufe der h\u00f6heren Berufsbildung. Hier m\u00fcsste im Kommentar zu Artikel 43 des Entwurfes des Berufsbildungsgesetzes erg\u00e4nzt werden, dass die Erweiterung auf die Diplome in den Bereichen Gesundheit, Soziales und Kunst eben auch die Musik mit einschliessen muss. Das w\u00fcrde auch mit Artikel 69 der neuen Bundesverfassung korrespondieren.</p>\n<p>Eine Analyse der heutigen Situation zeigt auch auf, dass zwischen den verschiedenen h\u00f6heren Ausbildungswegen in der Musik auf der Stufe der Fachhochschulen und der universit\u00e4ren Stufe Abstimmungs- und Anerkennungsprobleme bestehen. Auch da gilt es zu regeln, was in den Bereich des Berufsbildungsgesetzes, was in den Bereich des Fachhochschulgesetzes und was in den Bereich des Hochschulf\u00f6rderungsgesetzes geh\u00f6rt. Die Bedeutung der Musikausbildung auf der Stufe der h\u00f6heren Fachschulen und der Fachhochschulen erh\u00e4lt zudem zus\u00e4tzliche Bedeutung, weil die Erziehungsdirektorenkonferenz beschlossen hat, die Lehrerausbildung auf dieser Stufe neu als nachmaturit\u00e4re Ausbildung festzulegen. Damit hat gezwungenermassen auch der Bund in diesem Bereich einen gewissen Regelungsbedarf.</p>\n<p>Die drei in der Motion erw\u00e4hnten Punkte nehmen die wichtigsten Anliegen auf. Die kantonale Bildungshoheit soll dabei keineswegs in Frage gestellt werden. Deshalb werden lediglich Harmonisierungen und Unterst\u00fctzungen vorgeschlagen. Mit einer sinnvollen Koordination der an der Musikausbildung interessierten Kreise, der fachlichen und der finanziellen Unterst\u00fctzung in einem mit dem Sport - wenn auch nicht finanziell - doch immerhin vergleichbaren Rahmen, w\u00e4re einem Kulturgut gedient, das letztlich sowohl Teil unserer eigenen Identit\u00e4t als auch Teil des menschlichen Wesens ist. </p>\n<p>In diesem Sinne danke ich dem Bundesrat, dass er bereit ist, diese Motion als Postulat entgegenzunehmen. Ich habe auch die Begr\u00fcndung gelesen und kann durchaus verstehen, dass man hier zuerst die Grundlagen erarbeiten will, um dann wirklich mit gezielten Massnahmen meinem Anliegen und demjenigen meines gesch\u00e4tzten Vorg\u00e4ngers Hans Danioth gerecht zu werden.</p>\n</pd_text>","MeetingCouncilAbbreviation":"S","MeetingDate":"19991221","MeetingVerbalixOid":656,"IdSession":"4601","SpeakerFirstName":"Peter","SpeakerLastName":"Bieri","SpeakerFullName":"Bieri Peter","SpeakerFunction":"","CouncilId":2,"CouncilName":"St\u00e4nderat","CantonId":9,"CantonName":"Zug","CantonAbbreviation":"ZG","ParlGroupName":"Christlichdemokratische Fraktion","ParlGroupAbbreviation":"M-E","SortOrder":1,"Start":"\/Date(945774149737)\/","End":"\/Date(945774654550)\/","Function":"","DisplaySpeaker":true,"LanguageOfText":"DE","Modified":"\/Date(1510850857263)\/","StartTimeWithTimezone":"\/Date(945774149737+0060)\/","EndTimeWithTimezone":"\/Date(945774654550+0060)\/","VoteBusinessNumber":null,"VoteBusinessShortNumber":null,"VoteBusinessTitle":null}]},"ID":"242","Language":"DE","IdMeeting":"20","VerbalixOid":6444,"SortOrder":9,"Modified":"\/Date(1510850857263)\/"}}