{"d":{"__metadata":{"id":"https://ws.parlament.ch/OData.svc/Subject(ID=24364L,Language='DE')","uri":"https://ws.parlament.ch/OData.svc/Subject(ID=24364L,Language='DE')","type":"itsystems.Pd.DataServices.DataModel.Subject"},"Meetings":{"__metadata":{"id":"https://ws.parlament.ch/OData.svc/Meeting(ID=1579L,Language='DE')","uri":"https://ws.parlament.ch/OData.svc/Meeting(ID=1579L,Language='DE')","type":"itsystems.Pd.DataServices.DataModel.Meeting"},"Sessions":{"__deferred":{"uri":"https://ws.parlament.ch/OData.svc/Meeting(ID=1579L,Language='DE')/Sessions"}},"Subjects":{"__deferred":{"uri":"https://ws.parlament.ch/OData.svc/Meeting(ID=1579L,Language='DE')/Subjects"}},"ID":"1579","Language":"DE","MeetingNumber":8,"IdSession":4909,"SessionNumber":9,"SessionName":"Sommersession 2013","Council":1,"CouncilName":"Nationalrat","CouncilAbbreviation":"NR","Date":"\/Date(1370995200000)\/","Begin":"0800","Modified":"\/Date(1447070288707)\/","LegislativePeriodNumber":49,"PublicationStatus":"final","MeetingOrderText":"Achte Sitzung","SortOrder":8,"Location":"N"},"SubjectsBusiness":{"results":[{"__metadata":{"id":"https://ws.parlament.ch/OData.svc/SubjectBusiness(BusinessNumber=20113631,IdSubject=24364L,Language='DE')","uri":"https://ws.parlament.ch/OData.svc/SubjectBusiness(BusinessNumber=20113631,IdSubject=24364L,Language='DE')","type":"itsystems.Pd.DataServices.DataModel.SubjectBusiness"},"Subjects":{"__deferred":{"uri":"https://ws.parlament.ch/OData.svc/SubjectBusiness(BusinessNumber=20113631,IdSubject=24364L,Language='DE')/Subjects"}},"Businesses":{"__deferred":{"uri":"https://ws.parlament.ch/OData.svc/SubjectBusiness(BusinessNumber=20113631,IdSubject=24364L,Language='DE')/Businesses"}},"IdSubject":"24364","BusinessNumber":20113631,"Language":"DE","BusinessShortNumber":"11.3631","Title":"Sicherung der Autostrasse A9 auf der Strecke Orbe-Ballaigues","SortOrder":1,"PublishedNotes":null,"Modified":"\/Date(1447069511110)\/","TitleDE":"Postulat Grin Jean-Pierre.\nSicherung der Autostrasse A9\nauf der Strecke Orbe-Ballaigues","TitleFR":"Postulat Grin Jean-Pierre.\nS\u00e9curiser la semi-autoroute A9\nOrbe-Ballaigues","TitleIT":null}]},"Transcripts":{"results":[{"__metadata":{"id":"https://ws.parlament.ch/OData.svc/Transcript(ID=142917L,Language='DE')","uri":"https://ws.parlament.ch/OData.svc/Transcript(ID=142917L,Language='DE')","type":"itsystems.Pd.DataServices.DataModel.Transcript"},"Subjects":{"__deferred":{"uri":"https://ws.parlament.ch/OData.svc/Transcript(ID=142917L,Language='DE')/Subjects"}},"MembersCouncil":{"__deferred":{"uri":"https://ws.parlament.ch/OData.svc/Transcript(ID=142917L,Language='DE')/MembersCouncil"}},"Businesses":{"__deferred":{"uri":"https://ws.parlament.ch/OData.svc/Transcript(ID=142917L,Language='DE')/Businesses"}},"ID":"142917","Language":"DE","IdSubject":"24364","VoteId":null,"PersonNumber":806,"Type":1,"Text":"<pd_text><p><b>Pr\u00e4sidentin </b>(Graf Maya, Pr\u00e4sidentin): Ich m\u00f6chte gerne zu zwei Geburtstagen gratulieren: Wir w\u00fcnschen Frau Marina Carobbio Guscetti und Herrn Oskar Freysinger von Herzen alles Gute und einen wundersch\u00f6nen Tag! Herzliche Gratulation und sch\u00f6ne Fraktionsausfl\u00fcge mit den Geburtstagskindern. <i>(Beifall)</i></p>\n<p>[VS]</p>\n<p>[VS]</p>\n<p>[VS]</p>\n<p><i>Schluss der Sitzung um 12.30 Uhr</i></p>\n<p><i>La s\u00e9ance est lev\u00e9e \u00e0 12 h 30</i></p>\n<p><i>[PAGE 962] </i></p>\n<p>[VS]</p>\n<p>[VS]</p>\n<p>[VS]</p>\n<p>[VS]</p>\n</pd_text>","MeetingCouncilAbbreviation":"N","MeetingDate":"20130612","MeetingVerbalixOid":2334,"IdSession":"4909","SpeakerFirstName":"Maya","SpeakerLastName":"Graf","SpeakerFullName":"Graf Maya","SpeakerFunction":"P-F","CouncilId":1,"CouncilName":"Nationalrat","CantonId":13,"CantonName":"Basel-Landschaft","CantonAbbreviation":"BL","ParlGroupName":"Gr\u00fcne Fraktion","ParlGroupAbbreviation":"G","SortOrder":4,"Start":"\/Date(1371039448313)\/","End":"\/Date(1371039506101)\/","Function":"P-F","DisplaySpeaker":false,"LanguageOfText":null,"Modified":"\/Date(1774877569681)\/","StartTimeWithTimezone":"\/Date(1371039448313+0120)\/","EndTimeWithTimezone":"\/Date(1371039506100+0120)\/","VoteBusinessNumber":null,"VoteBusinessShortNumber":null,"VoteBusinessTitle":null},{"__metadata":{"id":"https://ws.parlament.ch/OData.svc/Transcript(ID=142918L,Language='DE')","uri":"https://ws.parlament.ch/OData.svc/Transcript(ID=142918L,Language='DE')","type":"itsystems.Pd.DataServices.DataModel.Transcript"},"Subjects":{"__deferred":{"uri":"https://ws.parlament.ch/OData.svc/Transcript(ID=142918L,Language='DE')/Subjects"}},"MembersCouncil":{"__deferred":{"uri":"https://ws.parlament.ch/OData.svc/Transcript(ID=142918L,Language='DE')/MembersCouncil"}},"Businesses":{"__deferred":{"uri":"https://ws.parlament.ch/OData.svc/Transcript(ID=142918L,Language='DE')/Businesses"}},"ID":"142918","Language":"DE","IdSubject":"24364","VoteId":"9013","PersonNumber":null,"Type":2,"Text":"<pd_text><p><i>Abstimmung - Vote</i></p>\n<p>[NAM]</p>\n<p>F\u00fcr Annahme des Postulates ... 72 Stimmen</p>\n<p>Dagegen ... 110 Stimmen</p>\n<p>[VS]</p>\n</pd_text>","MeetingCouncilAbbreviation":"N","MeetingDate":"20130612","MeetingVerbalixOid":2334,"IdSession":"4909","SpeakerFirstName":null,"SpeakerLastName":null,"SpeakerFullName":"","SpeakerFunction":null,"CouncilId":null,"CouncilName":null,"CantonId":null,"CantonName":null,"CantonAbbreviation":null,"ParlGroupName":null,"ParlGroupAbbreviation":null,"SortOrder":3,"Start":"\/Date(1371039448313)\/","End":"\/Date(1371039448313)\/","Function":null,"DisplaySpeaker":null,"LanguageOfText":"DE","Modified":"\/Date(1774877569679)\/","StartTimeWithTimezone":"\/Date(1371039448313+0120)\/","EndTimeWithTimezone":"\/Date(1371039448313+0120)\/","VoteBusinessNumber":20113631,"VoteBusinessShortNumber":"11.3631","VoteBusinessTitle":"Postulat Grin Jean-Pierre.\nSicherung der Autostrasse A9\nauf der Strecke Orbe-Ballaigues"},{"__metadata":{"id":"https://ws.parlament.ch/OData.svc/Transcript(ID=142919L,Language='DE')","uri":"https://ws.parlament.ch/OData.svc/Transcript(ID=142919L,Language='DE')","type":"itsystems.Pd.DataServices.DataModel.Transcript"},"Subjects":{"__deferred":{"uri":"https://ws.parlament.ch/OData.svc/Transcript(ID=142919L,Language='DE')/Subjects"}},"MembersCouncil":{"__deferred":{"uri":"https://ws.parlament.ch/OData.svc/Transcript(ID=142919L,Language='DE')/MembersCouncil"}},"Businesses":{"__deferred":{"uri":"https://ws.parlament.ch/OData.svc/Transcript(ID=142919L,Language='DE')/Businesses"}},"ID":"142919","Language":"DE","IdSubject":"24364","VoteId":null,"PersonNumber":488,"Type":1,"Text":"<pd_text><p>Ich bitte Sie, dieses Postulat abzulehnen. Herr Grin hat richtigerweise darauf hingewiesen, dass in der Vergangenheit die A9 zwischen Orbe und Ballaigues eine schwierige Strecke war. Wir haben deshalb auf einer L\u00e4nge von 2,5 Kilometern neue Stahlabschrankungen angebracht. Wir haben die H\u00f6chstgeschwindigkeit auf 80 Stundenkilometer beschr\u00e4nkt, und wir haben auf der ganzen Strecke ein Lastwagen\u00fcberholverbot eingef\u00fchrt. Seither haben wir keine Unf\u00e4lle mehr mit Get\u00f6teten oder Schwerverletzten. Wir meinen deshalb auch, dass diese Strecke von den Kapazit\u00e4ten und von der Sicherheitssituation her nicht zu den dringendsten Problemen geh\u00f6rt, die wir beim Unterhalt oder auch f\u00fcr die Engpassbeseitigungen vorschlagen. Die Projekte, die dort im Rahmen des weiteren Unterhalts vorgesehen sind, sind deshalb nicht f\u00fcr 2016, sondern f\u00fcr 2018 geplant. Sie kommen, aber es geht weiter. Eine vierte Strecke mit dieser Situation w\u00e4re gegen\u00fcber vielen anderen Autobahnabschnitten, die mehr Unf\u00e4lle aufweisen und wo t\u00e4glich Staus stattfinden, nicht ganz sachgerecht. </p>\n</pd_text>","MeetingCouncilAbbreviation":"N","MeetingDate":"20130612","MeetingVerbalixOid":2334,"IdSession":"4909","SpeakerFirstName":"Doris","SpeakerLastName":"Leuthard","SpeakerFullName":"Leuthard Doris","SpeakerFunction":"BR-F","CouncilId":99,"CouncilName":"Bundesrat","CantonId":19,"CantonName":"Aargau","CantonAbbreviation":"AG","ParlGroupName":null,"ParlGroupAbbreviation":null,"SortOrder":2,"Start":"\/Date(1371039359006)\/","End":"\/Date(1371039448313)\/","Function":"BR-F","DisplaySpeaker":true,"LanguageOfText":"DE","Modified":"\/Date(1774877569678)\/","StartTimeWithTimezone":"\/Date(1371039359007+0120)\/","EndTimeWithTimezone":"\/Date(1371039448313+0120)\/","VoteBusinessNumber":null,"VoteBusinessShortNumber":null,"VoteBusinessTitle":null},{"__metadata":{"id":"https://ws.parlament.ch/OData.svc/Transcript(ID=142920L,Language='DE')","uri":"https://ws.parlament.ch/OData.svc/Transcript(ID=142920L,Language='DE')","type":"itsystems.Pd.DataServices.DataModel.Transcript"},"Subjects":{"__deferred":{"uri":"https://ws.parlament.ch/OData.svc/Transcript(ID=142920L,Language='DE')/Subjects"}},"MembersCouncil":{"__deferred":{"uri":"https://ws.parlament.ch/OData.svc/Transcript(ID=142920L,Language='DE')/MembersCouncil"}},"Businesses":{"__deferred":{"uri":"https://ws.parlament.ch/OData.svc/Transcript(ID=142920L,Language='DE')/Businesses"}},"ID":"142920","Language":"DE","IdSubject":"24364","VoteId":null,"PersonNumber":3885,"Type":1,"Text":"<pd_text><p>Apr\u00e8s le train, la route! Mon postulat demande d'\u00e9tudier la r\u00e9alisation d'une quatri\u00e8me piste sur le tron\u00e7on de la semi-autoroute A9 Orbe-Ballaigues. Les semi-autoroutes \u00e0 trois pistes, avec l'alternance du trafic - une fois sur deux pistes et une autre fois sur une piste - sont g\u00e9n\u00e9ralement dangereuses. C'est le cas de la semi-autoroute A9 Orbe-Ballaigues, o\u00f9 plusieurs accidents graves se sont d\u00e9j\u00e0 produits.</p>\n<p>Plusieurs interpellations ont d\u00e9j\u00e0 \u00e9t\u00e9 d\u00e9pos\u00e9es \u00e0 ce sujet. Suite \u00e0 cela, l'Office f\u00e9d\u00e9ral des routes a effectivement mis en place des mesures de s\u00e9curit\u00e9, comme une barri\u00e8re centrale rigide en m\u00e9tal ou en b\u00e9ton, et \u00e9galement la limitation de la vitesse qui est pass\u00e9e de 100 \u00e0 80 kilom\u00e8tres \u00e0 l'heure.</p>\n<p>Comme le gabarit actuel de cette semi-autoroute permettrait de cr\u00e9er une quatri\u00e8me piste, pour avoir deux pistes montantes et deux pistes descendantes, mon postulat demande au Conseil f\u00e9d\u00e9ral d'\u00e9tudier la faisabilit\u00e9 et le co\u00fbt d'une telle r\u00e9alisation. Cette mesure permettrait une s\u00e9curit\u00e9 maximale, car sur ce tron\u00e7on, le trafic est en constante augmentation.</p>\n<p>Le Conseil f\u00e9d\u00e9ral pr\u00e9voit d'autre part, entre 2016 et 2017, de cr\u00e9er un terre-plein central en supprimant une piste \u00e0 certains endroits. Ces travaux auront un certain co\u00fbt et il serait int\u00e9ressant de comparer les co\u00fbts entre un terre-plein central et une quatri\u00e8me piste avec s\u00e9curit\u00e9 maximale. Avec [PAGE 961] mon postulat, cette comparaison devrait \u00eatre possible et apr\u00e8s, le meilleur choix pourra se faire.</p>\n</pd_text>","MeetingCouncilAbbreviation":"N","MeetingDate":"20130612","MeetingVerbalixOid":2334,"IdSession":"4909","SpeakerFirstName":"Jean-Pierre","SpeakerLastName":"Grin","SpeakerFullName":"Grin Jean-Pierre","SpeakerFunction":"Mit-M","CouncilId":1,"CouncilName":"Nationalrat","CantonId":22,"CantonName":"Waadt","CantonAbbreviation":"VD","ParlGroupName":"Fraktion der Schweizerischen Volkspartei","ParlGroupAbbreviation":"V","SortOrder":1,"Start":"\/Date(1371039245904)\/","End":"\/Date(1371039359006)\/","Function":"Mit-M","DisplaySpeaker":true,"LanguageOfText":"FR","Modified":"\/Date(1774877569676)\/","StartTimeWithTimezone":"\/Date(1371039245903+0120)\/","EndTimeWithTimezone":"\/Date(1371039359007+0120)\/","VoteBusinessNumber":null,"VoteBusinessShortNumber":null,"VoteBusinessTitle":null}]},"ID":"24364","Language":"DE","IdMeeting":"1579","VerbalixOid":408596,"SortOrder":21,"Modified":"\/Date(1774877569674)\/"}}