{"d":{"__metadata":{"id":"https://ws.parlament.ch/OData.svc/Subject(ID=24684L,Language='DE')","uri":"https://ws.parlament.ch/OData.svc/Subject(ID=24684L,Language='DE')","type":"itsystems.Pd.DataServices.DataModel.Subject"},"Meetings":{"__metadata":{"id":"https://ws.parlament.ch/OData.svc/Meeting(ID=1588L,Language='DE')","uri":"https://ws.parlament.ch/OData.svc/Meeting(ID=1588L,Language='DE')","type":"itsystems.Pd.DataServices.DataModel.Meeting"},"Sessions":{"__deferred":{"uri":"https://ws.parlament.ch/OData.svc/Meeting(ID=1588L,Language='DE')/Sessions"}},"Subjects":{"__deferred":{"uri":"https://ws.parlament.ch/OData.svc/Meeting(ID=1588L,Language='DE')/Subjects"}},"ID":"1588","Language":"DE","MeetingNumber":5,"IdSession":4910,"SessionNumber":10,"SessionName":"Herbstsession 2013","Council":2,"CouncilName":"St\u00e4nderat","CouncilAbbreviation":"SR","Date":"\/Date(1379289600000)\/","Begin":"1615","Modified":"\/Date(1447070292543)\/","LegislativePeriodNumber":49,"PublicationStatus":"final","MeetingOrderText":"F\u00fcnfte Sitzung","SortOrder":5,"Location":"S"},"SubjectsBusiness":{"results":[{"__metadata":{"id":"https://ws.parlament.ch/OData.svc/SubjectBusiness(BusinessNumber=20130047,IdSubject=24684L,Language='DE')","uri":"https://ws.parlament.ch/OData.svc/SubjectBusiness(BusinessNumber=20130047,IdSubject=24684L,Language='DE')","type":"itsystems.Pd.DataServices.DataModel.SubjectBusiness"},"Subjects":{"__deferred":{"uri":"https://ws.parlament.ch/OData.svc/SubjectBusiness(BusinessNumber=20130047,IdSubject=24684L,Language='DE')/Subjects"}},"Businesses":{"__deferred":{"uri":"https://ws.parlament.ch/OData.svc/SubjectBusiness(BusinessNumber=20130047,IdSubject=24684L,Language='DE')/Businesses"}},"IdSubject":"24684","BusinessNumber":20130047,"Language":"DE","BusinessShortNumber":"13.047","Title":"Kantonsverfassungen Uri, Solothurn, Basel-Landschaft, Graub\u00fcnden, Aargau, Neuenburg und Genf. Gew\u00e4hrleistung","SortOrder":1,"PublishedNotes":"Erstrat - Premier Conseil\n","Modified":"\/Date(1447069579250)\/","TitleDE":"Kantonsverfassungen\n(UR, SO, BL, GR, AG, NE, GE).\nGew\u00e4hrleistung","TitleFR":"Constitutions cantonales\n(UR, SO, BL, GR, AG, NE, GE).\nGarantie","TitleIT":null}]},"Transcripts":{"results":[{"__metadata":{"id":"https://ws.parlament.ch/OData.svc/Transcript(ID=143934L,Language='DE')","uri":"https://ws.parlament.ch/OData.svc/Transcript(ID=143934L,Language='DE')","type":"itsystems.Pd.DataServices.DataModel.Transcript"},"Subjects":{"__deferred":{"uri":"https://ws.parlament.ch/OData.svc/Transcript(ID=143934L,Language='DE')/Subjects"}},"MembersCouncil":{"__deferred":{"uri":"https://ws.parlament.ch/OData.svc/Transcript(ID=143934L,Language='DE')/MembersCouncil"}},"Businesses":{"__deferred":{"uri":"https://ws.parlament.ch/OData.svc/Transcript(ID=143934L,Language='DE')/Businesses"}},"ID":"143934","Language":"DE","IdSubject":"24684","VoteId":null,"PersonNumber":540,"Type":1,"Text":"<pd_text><p><i>Eintreten ist obligatorisch</i></p>\n<p><i>L'entr\u00e9e en mati\u00e8re est acquise de plein droit</i></p>\n<p>[VS]</p>\n<p>[VS]</p>\n<p><b>Bundesbeschluss \u00fcber die Gew\u00e4hrleistung der ge\u00e4nderten Verfassungen der Kantone Uri, Solothurn, Basel-Landschaft, Graub\u00fcnden, Aargau, Neuenburg und Genf</b></p>\n<p><b>Arr\u00eat\u00e9 f\u00e9d\u00e9ral accordant la garantie f\u00e9d\u00e9rale aux constitutions r\u00e9vis\u00e9es des cantons d'Uri, de Soleure, de B\u00e2le-Campagne, des Grisons, d'Argovie, de Neuch\u00e2tel et de Gen\u00e8ve</b></p>\n<p>[VS]</p>\n<p><i>Detailberatung - Discussion par article</i></p>\n<p>[VS]</p>\n<p><b>Titel und Ingress, Art. 1, 2</b></p>\n<p><i>Antrag der Kommission</i></p>\n<p>Zustimmung zum Entwurf des Bundesrates</p>\n<p>[PAGE 733] </p>\n<p>[VS]</p>\n<p><b>Titre et pr\u00e9ambule, art. 1, 2</b></p>\n<p><i>Proposition de la commission</i></p>\n<p>Adh\u00e9rer au projet du Conseil f\u00e9d\u00e9ral</p>\n<p>[VS]</p>\n<p><i>Angenommen - Adopt\u00e9</i></p>\n<p>[VS]</p>\n<p><b>Il presidente</b> (Lombardi Filippo, presidente): Secondo l'articolo 74 capoverso 4 della legge sul Parlamento non vi \u00e8 votazione sul complesso.</p>\n</pd_text>","MeetingCouncilAbbreviation":"S","MeetingDate":"20130916","MeetingVerbalixOid":2363,"IdSession":"4910","SpeakerFirstName":"Filippo","SpeakerLastName":"Lombardi","SpeakerFullName":"Lombardi Filippo","SpeakerFunction":"P-M","CouncilId":2,"CouncilName":"St\u00e4nderat","CantonId":27,"CantonName":"Tessin","CantonAbbreviation":"TI","ParlGroupName":"Fraktion CVP-EVP","ParlGroupAbbreviation":"M-E","SortOrder":2,"Start":"\/Date(1379349739783)\/","End":"\/Date(1379349774413)\/","Function":"P-M","DisplaySpeaker":false,"LanguageOfText":null,"Modified":"\/Date(1510850237480)\/","StartTimeWithTimezone":"\/Date(1379349739783+0120)\/","EndTimeWithTimezone":"\/Date(1379349774413+0120)\/","VoteBusinessNumber":null,"VoteBusinessShortNumber":null,"VoteBusinessTitle":null},{"__metadata":{"id":"https://ws.parlament.ch/OData.svc/Transcript(ID=143935L,Language='DE')","uri":"https://ws.parlament.ch/OData.svc/Transcript(ID=143935L,Language='DE')","type":"itsystems.Pd.DataServices.DataModel.Transcript"},"Subjects":{"__deferred":{"uri":"https://ws.parlament.ch/OData.svc/Transcript(ID=143935L,Language='DE')/Subjects"}},"MembersCouncil":{"__deferred":{"uri":"https://ws.parlament.ch/OData.svc/Transcript(ID=143935L,Language='DE')/MembersCouncil"}},"Businesses":{"__deferred":{"uri":"https://ws.parlament.ch/OData.svc/Transcript(ID=143935L,Language='DE')/Businesses"}},"ID":"143935","Language":"DE","IdSubject":"24684","VoteId":null,"PersonNumber":3914,"Type":1,"Text":"<pd_text><p>Le 29 mai 2013, le Conseil f\u00e9d\u00e9ral a saisi l'Assembl\u00e9e f\u00e9d\u00e9rale d'un message concernant la garantie des constitutions r\u00e9vis\u00e9es des cantons d'Uri, de Soleure, de B\u00e2le-Campagne, des Grisons, d'Argovie, de Neuch\u00e2tel et de Gen\u00e8ve. Vous avez pu prendre connaissance de ce message et vous avez constat\u00e9 que le Conseil f\u00e9d\u00e9ral nous propose d'accorder la garantie \u00e0 ces constitutions r\u00e9vis\u00e9es, d\u00e8s lors qu'il s'av\u00e8re que ces dispositions constitutionnelles cantonales ne contiennent rien qui soit contraire \u00e0 la Constitution f\u00e9d\u00e9rale, en tout cas rien qui justifie qu'on leur refuse la garantie au sens de l'article 51 de la Constitution f\u00e9d\u00e9rale.</p>\n<p>Cette argumentation a emport\u00e9 l'adh\u00e9sion de la commission qui a examin\u00e9 cet objet lors de sa s\u00e9ance du 2 septembre dernier et qui, sans opposition, vous propose de suivre le Conseil f\u00e9d\u00e9ral.</p>\n</pd_text>","MeetingCouncilAbbreviation":"S","MeetingDate":"20130916","MeetingVerbalixOid":2363,"IdSession":"4910","SpeakerFirstName":"Robert","SpeakerLastName":"Cramer","SpeakerFullName":"Cramer Robert","SpeakerFunction":"Mit-M","CouncilId":2,"CouncilName":"St\u00e4nderat","CantonId":25,"CantonName":"Genf","CantonAbbreviation":"GE","ParlGroupName":"Gr\u00fcne Fraktion","ParlGroupAbbreviation":"G","SortOrder":1,"Start":"\/Date(1379349652717)\/","End":"\/Date(1379349739783)\/","Function":"*","DisplaySpeaker":true,"LanguageOfText":"FR","Modified":"\/Date(1510850237480)\/","StartTimeWithTimezone":"\/Date(1379349652717+0120)\/","EndTimeWithTimezone":"\/Date(1379349739783+0120)\/","VoteBusinessNumber":null,"VoteBusinessShortNumber":null,"VoteBusinessTitle":null}]},"ID":"24684","Language":"DE","IdMeeting":"1588","VerbalixOid":414141,"SortOrder":2,"Modified":"\/Date(1510850237480)\/"}}