{"d":{"__metadata":{"id":"https://ws.parlament.ch/OData.svc/Subject(ID=2477L,Language='DE')","uri":"https://ws.parlament.ch/OData.svc/Subject(ID=2477L,Language='DE')","type":"itsystems.Pd.DataServices.DataModel.Subject"},"Meetings":{"__metadata":{"id":"https://ws.parlament.ch/OData.svc/Meeting(ID=178L,Language='DE')","uri":"https://ws.parlament.ch/OData.svc/Meeting(ID=178L,Language='DE')","type":"itsystems.Pd.DataServices.DataModel.Meeting"},"Sessions":{"__deferred":{"uri":"https://ws.parlament.ch/OData.svc/Meeting(ID=178L,Language='DE')/Sessions"}},"Subjects":{"__deferred":{"uri":"https://ws.parlament.ch/OData.svc/Meeting(ID=178L,Language='DE')/Subjects"}},"ID":"178","Language":"DE","MeetingNumber":16,"IdSession":4608,"SessionNumber":8,"SessionName":"Sommersession 2001","Council":1,"CouncilName":"Nationalrat","CouncilAbbreviation":"NR","Date":"\/Date(993168000000)\/","Begin":"0800","Modified":"\/Date(1447069756493)\/","LegislativePeriodNumber":46,"PublicationStatus":"final","MeetingOrderText":"Sechzehnte Sitzung","SortOrder":16,"Location":"N"},"SubjectsBusiness":{"results":[{"__metadata":{"id":"https://ws.parlament.ch/OData.svc/SubjectBusiness(BusinessNumber=20000404,IdSubject=2477L,Language='DE')","uri":"https://ws.parlament.ch/OData.svc/SubjectBusiness(BusinessNumber=20000404,IdSubject=2477L,Language='DE')","type":"itsystems.Pd.DataServices.DataModel.SubjectBusiness"},"Subjects":{"__deferred":{"uri":"https://ws.parlament.ch/OData.svc/SubjectBusiness(BusinessNumber=20000404,IdSubject=2477L,Language='DE')/Subjects"}},"Businesses":{"__deferred":{"uri":"https://ws.parlament.ch/OData.svc/SubjectBusiness(BusinessNumber=20000404,IdSubject=2477L,Language='DE')/Businesses"}},"IdSubject":"2477","BusinessNumber":20000404,"Language":"DE","BusinessShortNumber":"00.404","Title":"Bundesgesetz \u00fcber die Mehrwertsteuer. \u00c4nderung","SortOrder":1,"PublishedNotes":"Schlussabstimmung - Vote final\n","Modified":"\/Date(1447069114430)\/","TitleDE":"Parlamentarische Initiative\nTriponez Pierre.\nBundesgesetz \u00fcber die Mehrwertsteuer.\n\u00c4nderung","TitleFR":"Initiative parlementaire\nTriponez Pierre.\nLoi sur la TVA.\nModification","TitleIT":null}]},"Transcripts":{"results":[{"__metadata":{"id":"https://ws.parlament.ch/OData.svc/Transcript(ID=13191L,Language='DE')","uri":"https://ws.parlament.ch/OData.svc/Transcript(ID=13191L,Language='DE')","type":"itsystems.Pd.DataServices.DataModel.Transcript"},"Subjects":{"__deferred":{"uri":"https://ws.parlament.ch/OData.svc/Transcript(ID=13191L,Language='DE')/Subjects"}},"MembersCouncil":{"__deferred":{"uri":"https://ws.parlament.ch/OData.svc/Transcript(ID=13191L,Language='DE')/MembersCouncil"}},"Businesses":{"__deferred":{"uri":"https://ws.parlament.ch/OData.svc/Transcript(ID=13191L,Language='DE')/Businesses"}},"ID":"13191","Language":"DE","IdSubject":"2477","VoteId":"1404","PersonNumber":null,"Type":2,"Text":"<pd_text><p><i>Abstimmung - Vote </i></p>\n<p>[NAM]</p>\n<p>F\u00fcr Annahme des Entwurfes .... 190 Stimmen</p>\n<p>(Einstimmigkeit)</p>\n</pd_text>","MeetingCouncilAbbreviation":"N","MeetingDate":"20010622","MeetingVerbalixOid":815,"IdSession":"4608","SpeakerFirstName":null,"SpeakerLastName":null,"SpeakerFullName":"","SpeakerFunction":null,"CouncilId":null,"CouncilName":null,"CantonId":null,"CantonName":null,"CantonAbbreviation":null,"ParlGroupName":null,"ParlGroupAbbreviation":null,"SortOrder":2,"Start":"\/Date(993199927659)\/","End":"\/Date(993199927659)\/","Function":null,"DisplaySpeaker":null,"LanguageOfText":"DE","Modified":"\/Date(1774878233229)\/","StartTimeWithTimezone":"\/Date(993199927660+0120)\/","EndTimeWithTimezone":"\/Date(993199927660+0120)\/","VoteBusinessNumber":20000404,"VoteBusinessShortNumber":"00.404","VoteBusinessTitle":"Parlamentarische Initiative\nTriponez Pierre.\nBundesgesetz \u00fcber die Mehrwertsteuer.\n\u00c4nderung"},{"__metadata":{"id":"https://ws.parlament.ch/OData.svc/Transcript(ID=13192L,Language='DE')","uri":"https://ws.parlament.ch/OData.svc/Transcript(ID=13192L,Language='DE')","type":"itsystems.Pd.DataServices.DataModel.Transcript"},"Subjects":{"__deferred":{"uri":"https://ws.parlament.ch/OData.svc/Transcript(ID=13192L,Language='DE')/Subjects"}},"MembersCouncil":{"__deferred":{"uri":"https://ws.parlament.ch/OData.svc/Transcript(ID=13192L,Language='DE')/MembersCouncil"}},"Businesses":{"__deferred":{"uri":"https://ws.parlament.ch/OData.svc/Transcript(ID=13192L,Language='DE')/Businesses"}},"ID":"13192","Language":"DE","IdSubject":"2477","VoteId":null,"PersonNumber":111,"Type":1,"Text":"<pd_text><p><b>Bundesgesetz \u00fcber die Mehrwertsteuer </b></p>\n<p><b>Loi f\u00e9d\u00e9rale r\u00e9gissant la taxe sur la valeur ajout\u00e9e </b></p>\n</pd_text>","MeetingCouncilAbbreviation":"N","MeetingDate":"20010622","MeetingVerbalixOid":815,"IdSession":"4608","SpeakerFirstName":"Peter","SpeakerLastName":"Hess","SpeakerFullName":"Hess Peter","SpeakerFunction":"P-M","CouncilId":1,"CouncilName":"Nationalrat","CantonId":9,"CantonName":"Zug","CantonAbbreviation":"ZG","ParlGroupName":"Christlichdemokratische Fraktion","ParlGroupAbbreviation":"M-E","SortOrder":1,"Start":"\/Date(993199878378)\/","End":"\/Date(993199927659)\/","Function":"","DisplaySpeaker":false,"LanguageOfText":null,"Modified":"\/Date(1774878233223)\/","StartTimeWithTimezone":"\/Date(993199878377+0120)\/","EndTimeWithTimezone":"\/Date(993199927660+0120)\/","VoteBusinessNumber":null,"VoteBusinessShortNumber":null,"VoteBusinessTitle":null}]},"ID":"2477","Language":"DE","IdMeeting":"178","VerbalixOid":34127,"SortOrder":121,"Modified":"\/Date(1774878233221)\/"}}