{"d":{"__metadata":{"id":"https://ws.parlament.ch/OData.svc/Subject(ID=24803L,Language='DE')","uri":"https://ws.parlament.ch/OData.svc/Subject(ID=24803L,Language='DE')","type":"itsystems.Pd.DataServices.DataModel.Subject"},"Meetings":{"__metadata":{"id":"https://ws.parlament.ch/OData.svc/Meeting(ID=1601L,Language='DE')","uri":"https://ws.parlament.ch/OData.svc/Meeting(ID=1601L,Language='DE')","type":"itsystems.Pd.DataServices.DataModel.Meeting"},"Sessions":{"__deferred":{"uri":"https://ws.parlament.ch/OData.svc/Meeting(ID=1601L,Language='DE')/Sessions"}},"Subjects":{"__deferred":{"uri":"https://ws.parlament.ch/OData.svc/Meeting(ID=1601L,Language='DE')/Subjects"}},"ID":"1601","Language":"DE","MeetingNumber":13,"IdSession":4911,"SessionNumber":11,"SessionName":"Wintersession 2013","Council":2,"CouncilName":"St\u00e4nderat","CouncilAbbreviation":"SR","Date":"\/Date(1386892800000)\/","Begin":"0815","Modified":"\/Date(1447070296913)\/","LegislativePeriodNumber":49,"PublicationStatus":"final","MeetingOrderText":"Dreizehnte Sitzung","SortOrder":13,"Location":"S"},"SubjectsBusiness":{"results":[{"__metadata":{"id":"https://ws.parlament.ch/OData.svc/SubjectBusiness(BusinessNumber=20120462,IdSubject=24803L,Language='DE')","uri":"https://ws.parlament.ch/OData.svc/SubjectBusiness(BusinessNumber=20120462,IdSubject=24803L,Language='DE')","type":"itsystems.Pd.DataServices.DataModel.SubjectBusiness"},"Subjects":{"__deferred":{"uri":"https://ws.parlament.ch/OData.svc/SubjectBusiness(BusinessNumber=20120462,IdSubject=24803L,Language='DE')/Subjects"}},"Businesses":{"__deferred":{"uri":"https://ws.parlament.ch/OData.svc/SubjectBusiness(BusinessNumber=20120462,IdSubject=24803L,Language='DE')/Businesses"}},"IdSubject":"24803","BusinessNumber":20120462,"Language":"DE","BusinessShortNumber":"12.462","Title":"Anzahl Richterstellen am Bundesstrafgericht","SortOrder":1,"PublishedNotes":"Schlussabstimmung - Vote final\n","Modified":"\/Date(1447069537573)\/","TitleDE":"Parlamentarische Initiative\nRK-SR.\nAnzahl Richterstellen\nam Bundesstrafgericht","TitleFR":"Initiative parlementaire\nCAJ-CE.\nNombre de postes de juges\nau Tribunal p\u00e9nal f\u00e9d\u00e9ral","TitleIT":null}]},"Transcripts":{"results":[{"__metadata":{"id":"https://ws.parlament.ch/OData.svc/Transcript(ID=145077L,Language='DE')","uri":"https://ws.parlament.ch/OData.svc/Transcript(ID=145077L,Language='DE')","type":"itsystems.Pd.DataServices.DataModel.Transcript"},"Subjects":{"__deferred":{"uri":"https://ws.parlament.ch/OData.svc/Transcript(ID=145077L,Language='DE')/Subjects"}},"MembersCouncil":{"__deferred":{"uri":"https://ws.parlament.ch/OData.svc/Transcript(ID=145077L,Language='DE')/MembersCouncil"}},"Businesses":{"__deferred":{"uri":"https://ws.parlament.ch/OData.svc/Transcript(ID=145077L,Language='DE')/Businesses"}},"ID":"145077","Language":"DE","IdSubject":"24803","VoteId":null,"PersonNumber":825,"Type":1,"Text":"<pd_text><p><b>1. Verordnung der Bundesversammlung \u00fcber die Richterstellen am Bundesstrafgericht</b></p>\n<p><b>1. Ordonnance de l'Assembl\u00e9e f\u00e9d\u00e9rale sur les postes de juge au Tribunal p\u00e9nal f\u00e9d\u00e9ral</b></p>\n<p>[VS]</p>\n<p><i>Abstimmung - Vote</i></p>\n<p>F\u00fcr Annahme des Entwurfes ... 41 Stimmen</p>\n<p>(Einstimmigkeit)</p>\n<p>(0 Enthaltungen)</p>\n<p>[VS]</p>\n<p>[VS]</p>\n<p><b>2. Verordnung der Bundesversammlung \u00fcber die Taggelder und Verg\u00fctungen der nebenamtlichen Richter und Richterinnen am Bundesstrafgericht</b></p>\n<p><b>2. Ordonnance de l'Assembl\u00e9e f\u00e9d\u00e9rale relative aux indemnit\u00e9s journali\u00e8res et aux indemnit\u00e9s de d\u00e9placement des juges suppl\u00e9ants du Tribunal p\u00e9nal f\u00e9d\u00e9ral</b></p>\n<p>[VS]</p>\n<p><i>Abstimmung - Vote</i></p>\n<p>F\u00fcr Annahme des Entwurfes ... 41 Stimmen</p>\n<p>(Einstimmigkeit)</p>\n<p>(0 Enthaltungen)</p>\n<p>[PAGE 1172] </p>\n</pd_text>","MeetingCouncilAbbreviation":"S","MeetingDate":"20131213","MeetingVerbalixOid":2413,"IdSession":"4911","SpeakerFirstName":"Hannes","SpeakerLastName":"Germann","SpeakerFullName":"Germann Hannes","SpeakerFunction":"P-M","CouncilId":2,"CouncilName":"St\u00e4nderat","CantonId":14,"CantonName":"Schaffhausen","CantonAbbreviation":"SH","ParlGroupName":"Fraktion der Schweizerischen Volkspartei","ParlGroupAbbreviation":"V","SortOrder":1,"Start":"\/Date(1386923161647)\/","End":"\/Date(1386923234987)\/","Function":"P-M","DisplaySpeaker":false,"LanguageOfText":null,"Modified":"\/Date(1510850405297)\/","StartTimeWithTimezone":"\/Date(1386923161647+0060)\/","EndTimeWithTimezone":"\/Date(1386923234987+0060)\/","VoteBusinessNumber":null,"VoteBusinessShortNumber":null,"VoteBusinessTitle":null}]},"ID":"24803","Language":"DE","IdMeeting":"1601","VerbalixOid":428694,"SortOrder":5,"Modified":"\/Date(1510850405297)\/"}}