{"d":{"__metadata":{"id":"https://ws.parlament.ch/OData.svc/Subject(ID=24807L,Language='DE')","uri":"https://ws.parlament.ch/OData.svc/Subject(ID=24807L,Language='DE')","type":"itsystems.Pd.DataServices.DataModel.Subject"},"Meetings":{"__metadata":{"id":"https://ws.parlament.ch/OData.svc/Meeting(ID=1601L,Language='DE')","uri":"https://ws.parlament.ch/OData.svc/Meeting(ID=1601L,Language='DE')","type":"itsystems.Pd.DataServices.DataModel.Meeting"},"Sessions":{"__deferred":{"uri":"https://ws.parlament.ch/OData.svc/Meeting(ID=1601L,Language='DE')/Sessions"}},"Subjects":{"__deferred":{"uri":"https://ws.parlament.ch/OData.svc/Meeting(ID=1601L,Language='DE')/Subjects"}},"ID":"1601","Language":"DE","MeetingNumber":13,"IdSession":4911,"SessionNumber":11,"SessionName":"Wintersession 2013","Council":2,"CouncilName":"St\u00e4nderat","CouncilAbbreviation":"SR","Date":"\/Date(1386892800000)\/","Begin":"0815","Modified":"\/Date(1447070296913)\/","LegislativePeriodNumber":49,"PublicationStatus":"final","MeetingOrderText":"Dreizehnte Sitzung","SortOrder":13,"Location":"S"},"SubjectsBusiness":{"results":[{"__metadata":{"id":"https://ws.parlament.ch/OData.svc/SubjectBusiness(BusinessNumber=20130014,IdSubject=24807L,Language='DE')","uri":"https://ws.parlament.ch/OData.svc/SubjectBusiness(BusinessNumber=20130014,IdSubject=24807L,Language='DE')","type":"itsystems.Pd.DataServices.DataModel.SubjectBusiness"},"Subjects":{"__deferred":{"uri":"https://ws.parlament.ch/OData.svc/SubjectBusiness(BusinessNumber=20130014,IdSubject=24807L,Language='DE')/Subjects"}},"Businesses":{"__deferred":{"uri":"https://ws.parlament.ch/OData.svc/SubjectBusiness(BusinessNumber=20130014,IdSubject=24807L,Language='DE')/Businesses"}},"IdSubject":"24807","BusinessNumber":20130014,"Language":"DE","BusinessShortNumber":"13.014","Title":"F\u00fcr den Schutz fairer L\u00f6hne (Mindestlohn-Initiative). Volksinitiative","SortOrder":1,"PublishedNotes":"Schlussabstimmung - Vote final\n","Modified":"\/Date(1447069578323)\/","TitleDE":"F\u00fcr den Schutz fairer L\u00f6hne\n(Mindestlohn-Initiative).\nVolksinitiative","TitleFR":"Pour la protection\nde salaires \u00e9quitables\n(Initiative sur les salaires minimums).\nInitiative populaire","TitleIT":null}]},"Transcripts":{"results":[{"__metadata":{"id":"https://ws.parlament.ch/OData.svc/Transcript(ID=145083L,Language='DE')","uri":"https://ws.parlament.ch/OData.svc/Transcript(ID=145083L,Language='DE')","type":"itsystems.Pd.DataServices.DataModel.Transcript"},"Subjects":{"__deferred":{"uri":"https://ws.parlament.ch/OData.svc/Transcript(ID=145083L,Language='DE')/Subjects"}},"MembersCouncil":{"__deferred":{"uri":"https://ws.parlament.ch/OData.svc/Transcript(ID=145083L,Language='DE')/MembersCouncil"}},"Businesses":{"__deferred":{"uri":"https://ws.parlament.ch/OData.svc/Transcript(ID=145083L,Language='DE')/Businesses"}},"ID":"145083","Language":"DE","IdSubject":"24807","VoteId":null,"PersonNumber":825,"Type":1,"Text":"<pd_text><p><b>Bundesbeschluss \u00fcber die Volksinitiative \"f\u00fcr den Schutz fairer L\u00f6hne (Mindestlohn-Initiative)\"</b></p>\n<p><b>Arr\u00eat\u00e9 f\u00e9d\u00e9ral relatif \u00e0 l'initiative populaire \"pour la protection de salaires \u00e9quitables (Initiative sur les salaires minimums)\"</b></p>\n<p>[VS]</p>\n<p><i>Abstimmung - Vote</i></p>\n<p>F\u00fcr Annahme des Entwurfes ... 29 Stimmen</p>\n<p>Dagegen ... 12 Stimmen</p>\n<p>(0 Enthaltungen)</p>\n</pd_text>","MeetingCouncilAbbreviation":"S","MeetingDate":"20131213","MeetingVerbalixOid":2413,"IdSession":"4911","SpeakerFirstName":"Hannes","SpeakerLastName":"Germann","SpeakerFullName":"Germann Hannes","SpeakerFunction":"P-M","CouncilId":2,"CouncilName":"St\u00e4nderat","CantonId":14,"CantonName":"Schaffhausen","CantonAbbreviation":"SH","ParlGroupName":"Fraktion der Schweizerischen Volkspartei","ParlGroupAbbreviation":"V","SortOrder":1,"Start":"\/Date(1386923234987)\/","End":"\/Date(1386923329127)\/","Function":"P-M","DisplaySpeaker":false,"LanguageOfText":null,"Modified":"\/Date(1510850405297)\/","StartTimeWithTimezone":"\/Date(1386923234987+0060)\/","EndTimeWithTimezone":"\/Date(1386923329127+0060)\/","VoteBusinessNumber":null,"VoteBusinessShortNumber":null,"VoteBusinessTitle":null}]},"ID":"24807","Language":"DE","IdMeeting":"1601","VerbalixOid":428697,"SortOrder":6,"Modified":"\/Date(1510850405297)\/"}}