{"d":{"__metadata":{"id":"https://ws.parlament.ch/OData.svc/Subject(ID=25031L,Language='DE')","uri":"https://ws.parlament.ch/OData.svc/Subject(ID=25031L,Language='DE')","type":"itsystems.Pd.DataServices.DataModel.Subject"},"Meetings":{"__metadata":{"id":"https://ws.parlament.ch/OData.svc/Meeting(ID=1621L,Language='DE')","uri":"https://ws.parlament.ch/OData.svc/Meeting(ID=1621L,Language='DE')","type":"itsystems.Pd.DataServices.DataModel.Meeting"},"Sessions":{"__deferred":{"uri":"https://ws.parlament.ch/OData.svc/Meeting(ID=1621L,Language='DE')/Sessions"}},"Subjects":{"__deferred":{"uri":"https://ws.parlament.ch/OData.svc/Meeting(ID=1621L,Language='DE')/Subjects"}},"ID":"1621","Language":"DE","MeetingNumber":15,"IdSession":4907,"SessionNumber":7,"SessionName":"Fr\u00fchjahrssession 2013","Council":2,"CouncilName":"St\u00e4nderat","CouncilAbbreviation":"SR","Date":"\/Date(1363910400000)\/","Begin":"0815","Modified":"\/Date(1447070304367)\/","LegislativePeriodNumber":49,"PublicationStatus":"final","MeetingOrderText":"F\u00fcnfzehnte Sitzung","SortOrder":15,"Location":"S"},"SubjectsBusiness":{"results":[{"__metadata":{"id":"https://ws.parlament.ch/OData.svc/SubjectBusiness(BusinessNumber=20120063,IdSubject=25031L,Language='DE')","uri":"https://ws.parlament.ch/OData.svc/SubjectBusiness(BusinessNumber=20120063,IdSubject=25031L,Language='DE')","type":"itsystems.Pd.DataServices.DataModel.SubjectBusiness"},"Subjects":{"__deferred":{"uri":"https://ws.parlament.ch/OData.svc/SubjectBusiness(BusinessNumber=20120063,IdSubject=25031L,Language='DE')/Subjects"}},"Businesses":{"__deferred":{"uri":"https://ws.parlament.ch/OData.svc/SubjectBusiness(BusinessNumber=20120063,IdSubject=25031L,Language='DE')/Businesses"}},"IdSubject":"25031","BusinessNumber":20120063,"Language":"DE","BusinessShortNumber":"12.063","Title":"Verletzungen des humanit\u00e4ren V\u00f6lkerrechts. Zusammenarbeit mit den internationalen Gerichten. \u00c4nderung","SortOrder":1,"PublishedNotes":"Schlussabstimmung - Vote final\n","Modified":"\/Date(1447069534276)\/","TitleDE":"Verletzungen\ndes humanit\u00e4ren V\u00f6lkerrechts.\nZusammenarbeit\nmit den internationalen Gerichten.\n\u00c4nderung","TitleFR":"Violations graves\ndu droit international humanitaire.\nCoop\u00e9ration\navec les tribunaux internationaux.\nModification","TitleIT":null}]},"Transcripts":{"results":[{"__metadata":{"id":"https://ws.parlament.ch/OData.svc/Transcript(ID=147033L,Language='DE')","uri":"https://ws.parlament.ch/OData.svc/Transcript(ID=147033L,Language='DE')","type":"itsystems.Pd.DataServices.DataModel.Transcript"},"Subjects":{"__deferred":{"uri":"https://ws.parlament.ch/OData.svc/Transcript(ID=147033L,Language='DE')/Subjects"}},"MembersCouncil":{"__deferred":{"uri":"https://ws.parlament.ch/OData.svc/Transcript(ID=147033L,Language='DE')/MembersCouncil"}},"Businesses":{"__deferred":{"uri":"https://ws.parlament.ch/OData.svc/Transcript(ID=147033L,Language='DE')/Businesses"}},"ID":"147033","Language":"DE","IdSubject":"25031","VoteId":null,"PersonNumber":540,"Type":1,"Text":"<pd_text><p><b>Bundesgesetz \u00fcber die Zusammenarbeit mit den internationalen Gerichten zur Verfolgung schwerwiegender Verletzungen des humanit\u00e4ren V\u00f6lkerrechts</b></p>\n<p><b>Loi f\u00e9d\u00e9rale relative \u00e0 la coop\u00e9ration avec les tribunaux internationaux charg\u00e9s de poursuivre les violations graves du droit international humanitaire</b></p>\n<p>[VS]</p>\n<p><i>Abstimmung - Vote</i></p>\n<p>F\u00fcr Annahme des Entwurfes ... 39 Stimmen</p>\n<p>(Einstimmigkeit)</p>\n<p>(3 Enthaltungen)</p>\n</pd_text>","MeetingCouncilAbbreviation":"S","MeetingDate":"20130322","MeetingVerbalixOid":2313,"IdSession":"4907","SpeakerFirstName":"Filippo","SpeakerLastName":"Lombardi","SpeakerFullName":"Lombardi Filippo","SpeakerFunction":"P-M","CouncilId":2,"CouncilName":"St\u00e4nderat","CantonId":27,"CantonName":"Tessin","CantonAbbreviation":"TI","ParlGroupName":"Fraktion CVP-EVP","ParlGroupAbbreviation":"M-E","SortOrder":1,"Start":"\/Date(1363940808870)\/","End":"\/Date(1363940874883)\/","Function":"P-M","DisplaySpeaker":false,"LanguageOfText":null,"Modified":"\/Date(1510850414533)\/","StartTimeWithTimezone":"\/Date(1363940808870+0060)\/","EndTimeWithTimezone":"\/Date(1363940874883+0060)\/","VoteBusinessNumber":null,"VoteBusinessShortNumber":null,"VoteBusinessTitle":null}]},"ID":"25031","Language":"DE","IdMeeting":"1621","VerbalixOid":404224,"SortOrder":10,"Modified":"\/Date(1510850414533)\/"}}