{"d":{"__metadata":{"id":"https://ws.parlament.ch/OData.svc/Subject(ID=25047L,Language='DE')","uri":"https://ws.parlament.ch/OData.svc/Subject(ID=25047L,Language='DE')","type":"itsystems.Pd.DataServices.DataModel.Subject"},"Meetings":{"__metadata":{"id":"https://ws.parlament.ch/OData.svc/Meeting(ID=1621L,Language='DE')","uri":"https://ws.parlament.ch/OData.svc/Meeting(ID=1621L,Language='DE')","type":"itsystems.Pd.DataServices.DataModel.Meeting"},"Sessions":{"__deferred":{"uri":"https://ws.parlament.ch/OData.svc/Meeting(ID=1621L,Language='DE')/Sessions"}},"Subjects":{"__deferred":{"uri":"https://ws.parlament.ch/OData.svc/Meeting(ID=1621L,Language='DE')/Subjects"}},"ID":"1621","Language":"DE","MeetingNumber":15,"IdSession":4907,"SessionNumber":7,"SessionName":"Fr\u00fchjahrssession 2013","Council":2,"CouncilName":"St\u00e4nderat","CouncilAbbreviation":"SR","Date":"\/Date(1363910400000)\/","Begin":"0815","Modified":"\/Date(1447070304367)\/","LegislativePeriodNumber":49,"PublicationStatus":"final","MeetingOrderText":"F\u00fcnfzehnte Sitzung","SortOrder":15,"Location":"S"},"SubjectsBusiness":{"results":[{"__metadata":{"id":"https://ws.parlament.ch/OData.svc/SubjectBusiness(BusinessNumber=20110026,IdSubject=25047L,Language='DE')","uri":"https://ws.parlament.ch/OData.svc/SubjectBusiness(BusinessNumber=20110026,IdSubject=25047L,Language='DE')","type":"itsystems.Pd.DataServices.DataModel.SubjectBusiness"},"Subjects":{"__deferred":{"uri":"https://ws.parlament.ch/OData.svc/SubjectBusiness(BusinessNumber=20110026,IdSubject=25047L,Language='DE')/Subjects"}},"Businesses":{"__deferred":{"uri":"https://ws.parlament.ch/OData.svc/SubjectBusiness(BusinessNumber=20110026,IdSubject=25047L,Language='DE')/Businesses"}},"IdSubject":"25047","BusinessNumber":20110026,"Language":"DE","BusinessShortNumber":"11.026","Title":"Direkte Steuern bei den nat\u00fcrlichen Personen. Zeitliche Bemessung","SortOrder":1,"PublishedNotes":"Schlussabstimmung - Vote final\n","Modified":"\/Date(1447069491390)\/","TitleDE":"Direkte Steuern\nbei den nat\u00fcrlichen Personen.\nZeitliche Bemessung","TitleFR":"Imp\u00f4ts directs\nsur les personnes physiques.\nImposition dans le temps","TitleIT":null}]},"Transcripts":{"results":[{"__metadata":{"id":"https://ws.parlament.ch/OData.svc/Transcript(ID=147049L,Language='DE')","uri":"https://ws.parlament.ch/OData.svc/Transcript(ID=147049L,Language='DE')","type":"itsystems.Pd.DataServices.DataModel.Transcript"},"Subjects":{"__deferred":{"uri":"https://ws.parlament.ch/OData.svc/Transcript(ID=147049L,Language='DE')/Subjects"}},"MembersCouncil":{"__deferred":{"uri":"https://ws.parlament.ch/OData.svc/Transcript(ID=147049L,Language='DE')/MembersCouncil"}},"Businesses":{"__deferred":{"uri":"https://ws.parlament.ch/OData.svc/Transcript(ID=147049L,Language='DE')/Businesses"}},"ID":"147049","Language":"DE","IdSubject":"25047","VoteId":null,"PersonNumber":540,"Type":1,"Text":"<pd_text><p><b>Bundesgesetz \u00fcber die formelle Bereinigung der zeitlichen Bemessung der direkten Steuern bei den nat\u00fcrlichen Personen</b></p>\n<p><b>Loi f\u00e9d\u00e9rale sur la mise \u00e0 jour formelle de l'imposition dans le temps des imp\u00f4ts directs sur les personnes physiques</b></p>\n<p>[VS]</p>\n<p><i>Abstimmung - Vote</i></p>\n<p>F\u00fcr Annahme des Entwurfes ... 42 Stimmen</p>\n<p>(Einstimmigkeit)</p>\n<p>(0 Enthaltungen)</p>\n<p>[PAGE 365] </p>\n</pd_text>","MeetingCouncilAbbreviation":"S","MeetingDate":"20130322","MeetingVerbalixOid":2313,"IdSession":"4907","SpeakerFirstName":"Filippo","SpeakerLastName":"Lombardi","SpeakerFullName":"Lombardi Filippo","SpeakerFunction":"P-M","CouncilId":2,"CouncilName":"St\u00e4nderat","CantonId":27,"CantonName":"Tessin","CantonAbbreviation":"TI","ParlGroupName":"Fraktion CVP-EVP","ParlGroupAbbreviation":"M-E","SortOrder":1,"Start":"\/Date(1363940518837)\/","End":"\/Date(1363940562850)\/","Function":"P-M","DisplaySpeaker":false,"LanguageOfText":null,"Modified":"\/Date(1510850414533)\/","StartTimeWithTimezone":"\/Date(1363940518837+0060)\/","EndTimeWithTimezone":"\/Date(1363940562850+0060)\/","VoteBusinessNumber":null,"VoteBusinessShortNumber":null,"VoteBusinessTitle":null}]},"ID":"25047","Language":"DE","IdMeeting":"1621","VerbalixOid":404192,"SortOrder":5,"Modified":"\/Date(1510850414533)\/"}}