{"d":{"__metadata":{"id":"https://ws.parlament.ch/OData.svc/Subject(ID=25064L,Language='DE')","uri":"https://ws.parlament.ch/OData.svc/Subject(ID=25064L,Language='DE')","type":"itsystems.Pd.DataServices.DataModel.Subject"},"Meetings":{"__metadata":{"id":"https://ws.parlament.ch/OData.svc/Meeting(ID=1629L,Language='DE')","uri":"https://ws.parlament.ch/OData.svc/Meeting(ID=1629L,Language='DE')","type":"itsystems.Pd.DataServices.DataModel.Meeting"},"Sessions":{"__deferred":{"uri":"https://ws.parlament.ch/OData.svc/Meeting(ID=1629L,Language='DE')/Sessions"}},"Subjects":{"__deferred":{"uri":"https://ws.parlament.ch/OData.svc/Meeting(ID=1629L,Language='DE')/Subjects"}},"ID":"1629","Language":"DE","MeetingNumber":5,"IdSession":4905,"SessionNumber":5,"SessionName":"Herbstsession 2012","Council":1,"CouncilName":"Nationalrat","CouncilAbbreviation":"NR","Date":"\/Date(1347494400000)\/","Begin":"0800","Modified":"\/Date(1447070306107)\/","LegislativePeriodNumber":49,"PublicationStatus":"final","MeetingOrderText":"F\u00fcnfte Sitzung","SortOrder":5,"Location":"N"},"SubjectsBusiness":{"results":[{"__metadata":{"id":"https://ws.parlament.ch/OData.svc/SubjectBusiness(BusinessNumber=20110068,IdSubject=25064L,Language='DE')","uri":"https://ws.parlament.ch/OData.svc/SubjectBusiness(BusinessNumber=20110068,IdSubject=25064L,Language='DE')","type":"itsystems.Pd.DataServices.DataModel.SubjectBusiness"},"Subjects":{"__deferred":{"uri":"https://ws.parlament.ch/OData.svc/SubjectBusiness(BusinessNumber=20110068,IdSubject=25064L,Language='DE')/Subjects"}},"Businesses":{"__deferred":{"uri":"https://ws.parlament.ch/OData.svc/SubjectBusiness(BusinessNumber=20110068,IdSubject=25064L,Language='DE')/Businesses"}},"IdSubject":"25064","BusinessNumber":20110068,"Language":"DE","BusinessShortNumber":"11.068","Title":"Europ\u00e4ische Landschaftskonvention. Genehmigung","SortOrder":1,"PublishedNotes":"Fortsetzung - Suite\n","Modified":"\/Date(1447069492570)\/","TitleDE":"Europ\u00e4ische Landschaftskonvention.\nGenehmigung","TitleFR":"Convention europ\u00e9enne du paysage.\nApprobation","TitleIT":null}]},"Transcripts":{"results":[{"__metadata":{"id":"https://ws.parlament.ch/OData.svc/Transcript(ID=147432L,Language='DE')","uri":"https://ws.parlament.ch/OData.svc/Transcript(ID=147432L,Language='DE')","type":"itsystems.Pd.DataServices.DataModel.Transcript"},"Subjects":{"__deferred":{"uri":"https://ws.parlament.ch/OData.svc/Transcript(ID=147432L,Language='DE')/Subjects"}},"MembersCouncil":{"__deferred":{"uri":"https://ws.parlament.ch/OData.svc/Transcript(ID=147432L,Language='DE')/MembersCouncil"}},"Businesses":{"__deferred":{"uri":"https://ws.parlament.ch/OData.svc/Transcript(ID=147432L,Language='DE')/Businesses"}},"ID":"147432","Language":"DE","IdSubject":"25064","VoteId":"7904","PersonNumber":null,"Type":2,"Text":"<pd_text><p><i>Gesamtabstimmung - Vote sur l'ensemble</i></p>\n<p>[NAM]</p>\n<p>F\u00fcr Annahme des Entwurfes ... 100 Stimmen</p>\n<p>Dagegen ... 85 Stimmen</p>\n</pd_text>","MeetingCouncilAbbreviation":"N","MeetingDate":"20120913","MeetingVerbalixOid":2222,"IdSession":"4905","SpeakerFirstName":null,"SpeakerLastName":null,"SpeakerFullName":"","SpeakerFunction":null,"CouncilId":null,"CouncilName":null,"CantonId":null,"CantonName":null,"CantonAbbreviation":null,"ParlGroupName":null,"ParlGroupAbbreviation":null,"SortOrder":20,"Start":"\/Date(1347532169056)\/","End":"\/Date(1347532196917)\/","Function":null,"DisplaySpeaker":null,"LanguageOfText":"DE","Modified":"\/Date(1774877613659)\/","StartTimeWithTimezone":"\/Date(1347532169057+0120)\/","EndTimeWithTimezone":"\/Date(1347532196917+0120)\/","VoteBusinessNumber":20110068,"VoteBusinessShortNumber":"11.068","VoteBusinessTitle":"Europ\u00e4ische Landschaftskonvention.\nGenehmigung"},{"__metadata":{"id":"https://ws.parlament.ch/OData.svc/Transcript(ID=147433L,Language='DE')","uri":"https://ws.parlament.ch/OData.svc/Transcript(ID=147433L,Language='DE')","type":"itsystems.Pd.DataServices.DataModel.Transcript"},"Subjects":{"__deferred":{"uri":"https://ws.parlament.ch/OData.svc/Transcript(ID=147433L,Language='DE')/Subjects"}},"MembersCouncil":{"__deferred":{"uri":"https://ws.parlament.ch/OData.svc/Transcript(ID=147433L,Language='DE')/MembersCouncil"}},"Businesses":{"__deferred":{"uri":"https://ws.parlament.ch/OData.svc/Transcript(ID=147433L,Language='DE')/Businesses"}},"ID":"147433","Language":"DE","IdSubject":"25064","VoteId":null,"PersonNumber":519,"Type":1,"Text":"<pd_text><p><b>Pr\u00e4sident </b>(Walter Hansj\u00f6rg, Pr\u00e4sident): Die FDP-Liberale Fraktion unterst\u00fctzt den Antrag der Minderheit. </p>\n<p>Noch eine zweite Mitteilung: Wir d\u00fcrfen heute Andr\u00e9 Bugnon zu seinem Geburtstag gratulieren! <i>(Beifall)</i></p>\n<p>[VS]</p>\n</pd_text>","MeetingCouncilAbbreviation":"N","MeetingDate":"20120913","MeetingVerbalixOid":2222,"IdSession":"4905","SpeakerFirstName":"Hansj\u00f6rg","SpeakerLastName":"Walter","SpeakerFullName":"Walter Hansj\u00f6rg","SpeakerFunction":"P-M","CouncilId":1,"CouncilName":"Nationalrat","CantonId":20,"CantonName":"Thurgau","CantonAbbreviation":"TG","ParlGroupName":"Fraktion der Schweizerischen Volkspartei","ParlGroupAbbreviation":"V","SortOrder":19,"Start":"\/Date(1347532073420)\/","End":"\/Date(1347532169056)\/","Function":"P-M","DisplaySpeaker":false,"LanguageOfText":null,"Modified":"\/Date(1774877613657)\/","StartTimeWithTimezone":"\/Date(1347532073420+0120)\/","EndTimeWithTimezone":"\/Date(1347532169057+0120)\/","VoteBusinessNumber":null,"VoteBusinessShortNumber":null,"VoteBusinessTitle":null},{"__metadata":{"id":"https://ws.parlament.ch/OData.svc/Transcript(ID=147434L,Language='DE')","uri":"https://ws.parlament.ch/OData.svc/Transcript(ID=147434L,Language='DE')","type":"itsystems.Pd.DataServices.DataModel.Transcript"},"Subjects":{"__deferred":{"uri":"https://ws.parlament.ch/OData.svc/Transcript(ID=147434L,Language='DE')/Subjects"}},"MembersCouncil":{"__deferred":{"uri":"https://ws.parlament.ch/OData.svc/Transcript(ID=147434L,Language='DE')/MembersCouncil"}},"Businesses":{"__deferred":{"uri":"https://ws.parlament.ch/OData.svc/Transcript(ID=147434L,Language='DE')/Businesses"}},"ID":"147434","Language":"DE","IdSubject":"25064","VoteId":null,"PersonNumber":354,"Type":1,"Text":"<pd_text><p>In der Konvention ist ganz klar festgehalten, dass die Gesetze des jeweiligen Landes gelten. Also m\u00fcssten die osteurop\u00e4ischen L\u00e4nder daf\u00fcr sorgen, dass sie die Landschaftskonvention umsetzen und selbstverst\u00e4ndlich auch selbst bezahlen. Ich bin sicher, die Frau Bundesr\u00e4tin kann Ihnen das best\u00e4tigen: Es entstehen keine Kosten f\u00fcr uns, wenn die Konvention in einem anderen Land umgesetzt wird.</p>\n</pd_text>","MeetingCouncilAbbreviation":"N","MeetingDate":"20120913","MeetingVerbalixOid":2222,"IdSession":"4905","SpeakerFirstName":"Silva","SpeakerLastName":"Semadeni","SpeakerFullName":"Semadeni Silva","SpeakerFunction":"Mit-F","CouncilId":1,"CouncilName":"Nationalrat","CantonId":18,"CantonName":"Graub\u00fcnden","CantonAbbreviation":"GR","ParlGroupName":"Sozialdemokratische Fraktion","ParlGroupAbbreviation":"S","SortOrder":18,"Start":"\/Date(1347532042721)\/","End":"\/Date(1347532073420)\/","Function":"*","DisplaySpeaker":true,"LanguageOfText":"DE","Modified":"\/Date(1774877613655)\/","StartTimeWithTimezone":"\/Date(1347532042720+0120)\/","EndTimeWithTimezone":"\/Date(1347532073420+0120)\/","VoteBusinessNumber":null,"VoteBusinessShortNumber":null,"VoteBusinessTitle":null},{"__metadata":{"id":"https://ws.parlament.ch/OData.svc/Transcript(ID=147435L,Language='DE')","uri":"https://ws.parlament.ch/OData.svc/Transcript(ID=147435L,Language='DE')","type":"itsystems.Pd.DataServices.DataModel.Transcript"},"Subjects":{"__deferred":{"uri":"https://ws.parlament.ch/OData.svc/Transcript(ID=147435L,Language='DE')/Subjects"}},"MembersCouncil":{"__deferred":{"uri":"https://ws.parlament.ch/OData.svc/Transcript(ID=147435L,Language='DE')/MembersCouncil"}},"Businesses":{"__deferred":{"uri":"https://ws.parlament.ch/OData.svc/Transcript(ID=147435L,Language='DE')/Businesses"}},"ID":"147435","Language":"DE","IdSubject":"25064","VoteId":null,"PersonNumber":3910,"Type":1,"Text":"<pd_text><p>Sie haben gesagt, dass die osteurop\u00e4ischen L\u00e4nder einen grossen Nutzen daraus ziehen w\u00fcrden. Wer w\u00fcrde das bezahlen?</p>\n</pd_text>","MeetingCouncilAbbreviation":"N","MeetingDate":"20120913","MeetingVerbalixOid":2222,"IdSession":"4905","SpeakerFirstName":"Erich","SpeakerLastName":"von Siebenthal","SpeakerFullName":"von Siebenthal Erich","SpeakerFunction":"Mit-M","CouncilId":1,"CouncilName":"Nationalrat","CantonId":2,"CantonName":"Bern","CantonAbbreviation":"BE","ParlGroupName":"Fraktion der Schweizerischen Volkspartei","ParlGroupAbbreviation":"V","SortOrder":17,"Start":"\/Date(1347532028174)\/","End":"\/Date(1347532042721)\/","Function":"Mit-M","DisplaySpeaker":true,"LanguageOfText":"DE","Modified":"\/Date(1774877613654)\/","StartTimeWithTimezone":"\/Date(1347532028173+0120)\/","EndTimeWithTimezone":"\/Date(1347532042720+0120)\/","VoteBusinessNumber":null,"VoteBusinessShortNumber":null,"VoteBusinessTitle":null},{"__metadata":{"id":"https://ws.parlament.ch/OData.svc/Transcript(ID=147436L,Language='DE')","uri":"https://ws.parlament.ch/OData.svc/Transcript(ID=147436L,Language='DE')","type":"itsystems.Pd.DataServices.DataModel.Transcript"},"Subjects":{"__deferred":{"uri":"https://ws.parlament.ch/OData.svc/Transcript(ID=147436L,Language='DE')/Subjects"}},"MembersCouncil":{"__deferred":{"uri":"https://ws.parlament.ch/OData.svc/Transcript(ID=147436L,Language='DE')/MembersCouncil"}},"Businesses":{"__deferred":{"uri":"https://ws.parlament.ch/OData.svc/Transcript(ID=147436L,Language='DE')/Businesses"}},"ID":"147436","Language":"DE","IdSubject":"25064","VoteId":null,"PersonNumber":354,"Type":1,"Text":"<pd_text><p>In Bezug auf das, was auf uns zukommt, kann man nie etwas garantieren. Ich kann mir aber nicht vorstellen, dass uns das dann zum Handeln verpflichten wird.</p>\n</pd_text>","MeetingCouncilAbbreviation":"N","MeetingDate":"20120913","MeetingVerbalixOid":2222,"IdSession":"4905","SpeakerFirstName":"Silva","SpeakerLastName":"Semadeni","SpeakerFullName":"Semadeni Silva","SpeakerFunction":"Mit-F","CouncilId":1,"CouncilName":"Nationalrat","CantonId":18,"CantonName":"Graub\u00fcnden","CantonAbbreviation":"GR","ParlGroupName":"Sozialdemokratische Fraktion","ParlGroupAbbreviation":"S","SortOrder":16,"Start":"\/Date(1347532014353)\/","End":"\/Date(1347532028174)\/","Function":"*","DisplaySpeaker":true,"LanguageOfText":"DE","Modified":"\/Date(1774877613653)\/","StartTimeWithTimezone":"\/Date(1347532014353+0120)\/","EndTimeWithTimezone":"\/Date(1347532028173+0120)\/","VoteBusinessNumber":null,"VoteBusinessShortNumber":null,"VoteBusinessTitle":null},{"__metadata":{"id":"https://ws.parlament.ch/OData.svc/Transcript(ID=147437L,Language='DE')","uri":"https://ws.parlament.ch/OData.svc/Transcript(ID=147437L,Language='DE')","type":"itsystems.Pd.DataServices.DataModel.Transcript"},"Subjects":{"__deferred":{"uri":"https://ws.parlament.ch/OData.svc/Transcript(ID=147437L,Language='DE')/Subjects"}},"MembersCouncil":{"__deferred":{"uri":"https://ws.parlament.ch/OData.svc/Transcript(ID=147437L,Language='DE')/MembersCouncil"}},"Businesses":{"__deferred":{"uri":"https://ws.parlament.ch/OData.svc/Transcript(ID=147437L,Language='DE')/Businesses"}},"ID":"147437","Language":"DE","IdSubject":"25064","VoteId":null,"PersonNumber":4100,"Type":1,"Text":"<pd_text><p>Gesch\u00e4tzte Frau Kollegin, es wird jetzt sehr stark betont, dass wir da keine Auswirkungen zu bef\u00fcrchten h\u00e4tten. K\u00f6nnen Sie garantieren, dass nicht dereinst doch jene Kreise, die eben auch in der Schweiz Nachholbedarf im Bereich Landschaftsschutz orten, sagen werden, dass wir auch gest\u00fctzt auf diese Konvention diese und jene Schritte vornehmen m\u00fcssten?</p>\n</pd_text>","MeetingCouncilAbbreviation":"N","MeetingDate":"20120913","MeetingVerbalixOid":2222,"IdSession":"4905","SpeakerFirstName":"Albert","SpeakerLastName":"R\u00f6sti","SpeakerFullName":"R\u00f6sti Albert","SpeakerFunction":"Mit-M","CouncilId":1,"CouncilName":"Nationalrat","CantonId":2,"CantonName":"Bern","CantonAbbreviation":"BE","ParlGroupName":"Fraktion der Schweizerischen Volkspartei","ParlGroupAbbreviation":"V","SortOrder":15,"Start":"\/Date(1347531984170)\/","End":"\/Date(1347532014353)\/","Function":"Mit-M","DisplaySpeaker":true,"LanguageOfText":"DE","Modified":"\/Date(1774877613651)\/","StartTimeWithTimezone":"\/Date(1347531984170+0120)\/","EndTimeWithTimezone":"\/Date(1347532014353+0120)\/","VoteBusinessNumber":null,"VoteBusinessShortNumber":null,"VoteBusinessTitle":null},{"__metadata":{"id":"https://ws.parlament.ch/OData.svc/Transcript(ID=147438L,Language='DE')","uri":"https://ws.parlament.ch/OData.svc/Transcript(ID=147438L,Language='DE')","type":"itsystems.Pd.DataServices.DataModel.Transcript"},"Subjects":{"__deferred":{"uri":"https://ws.parlament.ch/OData.svc/Transcript(ID=147438L,Language='DE')/Subjects"}},"MembersCouncil":{"__deferred":{"uri":"https://ws.parlament.ch/OData.svc/Transcript(ID=147438L,Language='DE')/MembersCouncil"}},"Businesses":{"__deferred":{"uri":"https://ws.parlament.ch/OData.svc/Transcript(ID=147438L,Language='DE')/Businesses"}},"ID":"147438","Language":"DE","IdSubject":"25064","VoteId":null,"PersonNumber":354,"Type":1,"Text":"<pd_text><p>Nella sessione estiva il Consiglio nazionale ha deciso di entrare in materia. Ora la Commissione dell'ambiente, della pianificazione del territorio e dell'energia vi propone di sostenere la ratifica della Convenzione europea del paesaggio. </p>\n<p>Nachdem der Nationalrat in der Sommersession die Diskussion \u00fcber die Europ\u00e4ische Landschaftskonvention gef\u00fchrt und Eintreten beschlossen hat, ist nun auch die UREK f\u00fcr die Ratifizierung der Europ\u00e4ischen Landschaftskonvention. Die Bedenken konnten ausger\u00e4umt und die Vorteile klargestellt werden.</p>\n<p>Die Landschaften der Schweiz sind f\u00fcr unser Land von unsch\u00e4tzbarem Wert; darin sind wir uns alle einig. Die Konvention will das Bewusstsein f\u00fcr diesen unsch\u00e4tzbaren und gef\u00e4hrdeten Wert sch\u00e4rfen. Es geht in der Landschaftskonvention nicht alleine um die \u00f6kologischen und kulturellen Werte der Landschaf;, auch die Bedeutung der Landschaft f\u00fcr die Lebensqualit\u00e4t der Bev\u00f6lkerung, f\u00fcr den Tourismus und auch die Bedeutung als Wirtschaftsraum werden hervorgehoben.</p>\n<p>Nebst dem Schutz der Landschaften steht deren Pflege, Planung und Entwicklung im Vordergrund - es geht nicht alleine um den Schutz. Die Konvention postuliert die Zusammenarbeit in grenz\u00fcberschreitenden Landschaften, was f\u00fcr unsere Grenzkantone - und ich komme aus einer solchen Gegend - besonders bedeutsam ist. Noch bedeutender ist aber die Wirkung der Konvention \u00fcber die Schweizer Grenzen hinaus, insbesondere f\u00fcr die osteurop\u00e4ischen Staaten, sind doch dort, wo der Landschaftsschutz noch keine Tradition hat wie bei uns, wertvolle Landschaften noch st\u00e4rker betroffen.</p>\n<p>Weil die Schweiz beim Landschaftsschutz eine Vorreiterrolle in Europa spielt - Frau Bundesr\u00e4tin Leuthard hat es gesagt, wir freuen uns dar\u00fcber - und weil durch die Mitarbeit der Schweizer Delegation bereits unsere gesetzlichen Regelungen, unsere Erfahrungen wie auch wichtige Elemente unseres Politikverst\u00e4ndnisses in die Europ\u00e4ische Landschaftskonvention eingeflossen sind, hat die Ratifizierung f\u00fcr unser Land keine direkten Folgen. Es braucht also keine rechtlichen Anpassungen, keine neuen Strukturen, keine zus\u00e4tzlichen personellen oder finanziellen Ressourcen. Bef\u00fcrchtungen wegen einer Bevormundung der Schweiz durch die Landschaftskonvention sind ebenfalls unbegr\u00fcndet. Mit der Ratifizierung bleiben wir souver\u00e4n, denn in der Landschaftskonvention steht, dass die nationale Gesetzgebung vorgeht. Unsere f\u00f6deralistischen Regeln werden nicht unterlaufen, und auch der Grundsatz der Subsidiarit\u00e4t bleibt gewahrt. Es gibt auch keine einklagbaren Verpflichtungen; die Landschaftskonvention hat nur programmatischen Charakter und kann jederzeit innert drei Monaten gek\u00fcndigt werden.</p>\n<p>Die Ratifizierung tr\u00e4gt aber zur St\u00e4rkung unserer eigenen Landschaftspolitik bei. Die Ratifizierung durch die Schweiz zeigt, dass unser Land interessiert ist an der Landschaftsentwicklung unseres Kontinents und nicht nur f\u00fcr sich schaut. Die Schweiz ist in vielen Bereichen auf die Unterst\u00fctzung anderer L\u00e4nder angewiesen, hier - in diesem Bereich, wo wir eine Pionierrolle einnehmen - k\u00f6nnen wir uns ohne Anstrengung kooperativ zeigen.</p>\n<p>Deswegen empfehlen Ihnen die Mehrheit Ihrer Kommission, der Bundesrat, der St\u00e4nderat und 25 der 26 Kantone, die Ratifizierung zu bef\u00fcrworten. Ich bitte Sie, dem Antrag der UREK zu folgen und den Artikeln 1 und 2 des Bundesbeschlusses \u00fcber die Genehmigung der Europ\u00e4ischen Landschaftskonvention zuzustimmen.</p>\n</pd_text>","MeetingCouncilAbbreviation":"N","MeetingDate":"20120913","MeetingVerbalixOid":2222,"IdSession":"4905","SpeakerFirstName":"Silva","SpeakerLastName":"Semadeni","SpeakerFullName":"Semadeni Silva","SpeakerFunction":"Mit-F","CouncilId":1,"CouncilName":"Nationalrat","CantonId":18,"CantonName":"Graub\u00fcnden","CantonAbbreviation":"GR","ParlGroupName":"Sozialdemokratische Fraktion","ParlGroupAbbreviation":"S","SortOrder":14,"Start":"\/Date(1347531700264)\/","End":"\/Date(1347531984170)\/","Function":"*","DisplaySpeaker":true,"LanguageOfText":"IT","Modified":"\/Date(1774877613650)\/","StartTimeWithTimezone":"\/Date(1347531700263+0120)\/","EndTimeWithTimezone":"\/Date(1347531984170+0120)\/","VoteBusinessNumber":null,"VoteBusinessShortNumber":null,"VoteBusinessTitle":null},{"__metadata":{"id":"https://ws.parlament.ch/OData.svc/Transcript(ID=147439L,Language='DE')","uri":"https://ws.parlament.ch/OData.svc/Transcript(ID=147439L,Language='DE')","type":"itsystems.Pd.DataServices.DataModel.Transcript"},"Subjects":{"__deferred":{"uri":"https://ws.parlament.ch/OData.svc/Transcript(ID=147439L,Language='DE')/Subjects"}},"MembersCouncil":{"__deferred":{"uri":"https://ws.parlament.ch/OData.svc/Transcript(ID=147439L,Language='DE')/MembersCouncil"}},"Businesses":{"__deferred":{"uri":"https://ws.parlament.ch/OData.svc/Transcript(ID=147439L,Language='DE')/Businesses"}},"ID":"147439","Language":"DE","IdSubject":"25064","VoteId":null,"PersonNumber":3907,"Type":1,"Text":"<pd_text><p>Cet objet nous est soumis pour la deuxi\u00e8me fois au pl\u00e9num. Initialement, la Commission de l'environnement, de l'am\u00e9nagement du territoire et de l'\u00e9nergie du Conseil national avait d\u00e9cid\u00e9, en avril dernier, de ne pas entrer en mati\u00e8re, par 13 voix contre 10 et 1 abstention. Une minorit\u00e9 \u00e9tait cependant d'avis, d\u00e9j\u00e0 \u00e0 l'\u00e9poque, que l'entr\u00e9e en mati\u00e8re \u00e9tait judicieuse. C'est notre conseil qui a d\u00e9cid\u00e9 de la suivre par 89 voix contre 86. L'objet est donc retourn\u00e9 en commission pour la discussion par article.</p>\n<p>Pour rappel, le Conseil des Etats avait accept\u00e9 ce projet le 15 mars par 26 voix contre 9 et 3 abstentions. La commission s'est donc r\u00e9unie une seconde fois depuis la derni\u00e8re session autour de la Convention europ\u00e9enne du paysage; c'\u00e9tait en juin dernier. L'entr\u00e9e en mati\u00e8re ayant \u00e9t\u00e9 vot\u00e9e par notre conseil, elle ne pouvait plus \u00eatre remise en question. Il s'agissait donc pour la commission de se positionner par rapport \u00e0 la d\u00e9cision prise par le Conseil des Etats en mars, \u00e0 savoir l'adh\u00e9sion au projet. Au vote sur l'ensemble, la commission a, cette fois-ci, suivi le Conseil des Etats et adh\u00e9r\u00e9 au projet par 12 voix contre 11 et 1 abstention. Le d\u00e9bat a \u00e9t\u00e9 bref, la plupart des arguments de fond ayant \u00e9t\u00e9 d\u00e9j\u00e0 \u00e9nonc\u00e9s lors de la s\u00e9ance pr\u00e9c\u00e9dente ainsi que lors du traitement de l'objet au pl\u00e9num.</p>\n<p>En commission, il a \u00e9t\u00e9 rappel\u00e9 que la ratification de la Convention europ\u00e9enne du paysage ne remettait pas en cause l'autonomie et la marge de manoeuvre de la Suisse et qu'elle ne g\u00e9n\u00e9rerait pas de disposition suppl\u00e9mentaire. Cette convention renforce au contraire la politique de gestion du paysage men\u00e9e par la Suisse. Pour rappel, notre pays s'\u00e9tait d'ailleurs fortement engag\u00e9 dans la r\u00e9daction de ce texte et en avait grandement influenc\u00e9 le contenu, en int\u00e9grant des particularit\u00e9s suisses comme le f\u00e9d\u00e9ralisme, la participation d\u00e9mocratique ou le principe de subsidiarit\u00e9.</p>\n<p>Je pense que la conception du paysage tr\u00e8s dynamique, constructive et moderne v\u00e9hicul\u00e9e par cette convention se situe tr\u00e8s loin de la mise sous cloche du paysage et qu'elle [PAGE 1388] est, au contraire, une vision mettant en avant la gestion durable du paysage, consid\u00e9r\u00e9 comme une ressource. Cette vision-l\u00e0 a contribu\u00e9 \u00e9galement \u00e0 ce que nous obtenions une majorit\u00e9 en commission lors de la seconde discussion. Il a \u00e9t\u00e9 \u00e9galement rappel\u00e9 que cet objet a b\u00e9n\u00e9fici\u00e9 d'un tr\u00e8s large soutien lors de la phase de consultation.</p>\n<p>C'est dans cette perspective que la majorit\u00e9 de la commission vous recommande aujourd'hui de suivre le Conseil des Etats et d'adh\u00e9rer au projet qui vous est soumis, en acceptant cette ratification de la Convention europ\u00e9enne du paysage.</p>\n</pd_text>","MeetingCouncilAbbreviation":"N","MeetingDate":"20120913","MeetingVerbalixOid":2222,"IdSession":"4905","SpeakerFirstName":"Ad\u00e8le","SpeakerLastName":"Thorens Goumaz","SpeakerFullName":"Thorens Goumaz Ad\u00e8le","SpeakerFunction":"Mit-F","CouncilId":1,"CouncilName":"Nationalrat","CantonId":22,"CantonName":"Waadt","CantonAbbreviation":"VD","ParlGroupName":"Gr\u00fcne Fraktion","ParlGroupAbbreviation":"G","SortOrder":13,"Start":"\/Date(1347531512659)\/","End":"\/Date(1347531700264)\/","Function":"*","DisplaySpeaker":true,"LanguageOfText":"FR","Modified":"\/Date(1774877613645)\/","StartTimeWithTimezone":"\/Date(1347531512660+0120)\/","EndTimeWithTimezone":"\/Date(1347531700263+0120)\/","VoteBusinessNumber":null,"VoteBusinessShortNumber":null,"VoteBusinessTitle":null},{"__metadata":{"id":"https://ws.parlament.ch/OData.svc/Transcript(ID=147440L,Language='DE')","uri":"https://ws.parlament.ch/OData.svc/Transcript(ID=147440L,Language='DE')","type":"itsystems.Pd.DataServices.DataModel.Transcript"},"Subjects":{"__deferred":{"uri":"https://ws.parlament.ch/OData.svc/Transcript(ID=147440L,Language='DE')/Subjects"}},"MembersCouncil":{"__deferred":{"uri":"https://ws.parlament.ch/OData.svc/Transcript(ID=147440L,Language='DE')/MembersCouncil"}},"Businesses":{"__deferred":{"uri":"https://ws.parlament.ch/OData.svc/Transcript(ID=147440L,Language='DE')/Businesses"}},"ID":"147440","Language":"DE","IdSubject":"25064","VoteId":null,"PersonNumber":519,"Type":1,"Text":"<pd_text><p><i>Antrag der Mehrheit</i></p>\n<p>Annahme des Entwurfes</p>\n<p>[VS]</p>\n<p><i>Antrag der Minderheit</i></p>\n<p>(Knecht, Amstutz, Bourgeois, Brunner, Favre Laurent, Keller Peter, Killer Hans, Leutenegger Filippo, Parmelin, Wobmann)</p>\n<p>Ablehnung des Entwurfes</p>\n<p>[VS]</p>\n<p><i>Proposition de la majorit\u00e9</i></p>\n<p>Adopter le projet</p>\n<p>[VS]</p>\n<p><i>Proposition de la minorit\u00e9</i></p>\n<p>(Knecht, Amstutz, Bourgeois, Brunner, Favre Laurent, Keller Peter, Killer Hans, Leutenegger Filippo, Parmelin, Wobmann)</p>\n<p>Rejeter le projet</p>\n<p>[VS]</p>\n<p><b>Pr\u00e4sident </b>(Walter Hansj\u00f6rg, Pr\u00e4sident): Die Eintretensdebatte wurde bereits in der vergangenen Sommersession gef\u00fchrt.</p>\n<p>[VS]</p>\n<p>[VS]</p>\n<p><b>Bundesbeschluss \u00fcber die Genehmigung der Europ\u00e4ischen Landschaftskonvention </b></p>\n<p><b>Arr\u00eat\u00e9 f\u00e9d\u00e9ral portant approbation de la Convention europ\u00e9enne du paysage </b></p>\n<p>[VS]</p>\n<p><i>Detailberatung - Discussion par article</i></p>\n<p>[VS]</p>\n<p><b>Titel und Ingress, Art. 1, 2</b></p>\n<p><i>Antrag der Kommission</i></p>\n<p>Zustimmung zum Beschluss des St\u00e4nderates</p>\n<p>[VS]</p>\n<p><b>Titre et pr\u00e9ambule, art. 1, 2</b></p>\n<p><i>Proposition de la commission</i></p>\n<p>Adh\u00e9rer \u00e0 la d\u00e9cision du Conseil des Etats</p>\n<p>[VS]</p>\n<p><i>Angenommen - Adopt\u00e9</i></p>\n</pd_text>","MeetingCouncilAbbreviation":"N","MeetingDate":"20120913","MeetingVerbalixOid":2222,"IdSession":"4905","SpeakerFirstName":"Hansj\u00f6rg","SpeakerLastName":"Walter","SpeakerFullName":"Walter Hansj\u00f6rg","SpeakerFunction":"P-M","CouncilId":1,"CouncilName":"Nationalrat","CantonId":20,"CantonName":"Thurgau","CantonAbbreviation":"TG","ParlGroupName":"Fraktion der Schweizerischen Volkspartei","ParlGroupAbbreviation":"V","SortOrder":1,"Start":"\/Date(1347530003738)\/","End":"\/Date(1347530069566)\/","Function":"P-M","DisplaySpeaker":false,"LanguageOfText":null,"Modified":"\/Date(1774877613624)\/","StartTimeWithTimezone":"\/Date(1347530003737+0120)\/","EndTimeWithTimezone":"\/Date(1347530069567+0120)\/","VoteBusinessNumber":null,"VoteBusinessShortNumber":null,"VoteBusinessTitle":null},{"__metadata":{"id":"https://ws.parlament.ch/OData.svc/Transcript(ID=147441L,Language='DE')","uri":"https://ws.parlament.ch/OData.svc/Transcript(ID=147441L,Language='DE')","type":"itsystems.Pd.DataServices.DataModel.Transcript"},"Subjects":{"__deferred":{"uri":"https://ws.parlament.ch/OData.svc/Transcript(ID=147441L,Language='DE')/Subjects"}},"MembersCouncil":{"__deferred":{"uri":"https://ws.parlament.ch/OData.svc/Transcript(ID=147441L,Language='DE')/MembersCouncil"}},"Businesses":{"__deferred":{"uri":"https://ws.parlament.ch/OData.svc/Transcript(ID=147441L,Language='DE')/Businesses"}},"ID":"147441","Language":"DE","IdSubject":"25064","VoteId":null,"PersonNumber":4114,"Type":1,"Text":"<pd_text><p>Namens einer Kommissionsminderheit beantrage ich Ihnen die Ablehnung des Entwurfes in der Gesamtabstimmung.</p>\n<p>Zur Begr\u00fcndung: Aufgrund der in der Konvention festgelegten Zielsetzungen ist zu bef\u00fcrchten, dass die Landschaftskonvention \u00fcber kurz oder lang als Argumentarium f\u00fcr noch strengere Vorschriften und zus\u00e4tzliche Massnahmen im Bereich Schutz herangezogen wird. Ja, ein solcher Ausbau des Schutzes k\u00f6nnte so weit gehen, dass die wirtschaftliche Entwicklung von Regionen behindert wird.</p>\n<p>Im Bereich Landschaftsschutz - das ist der zweite Grund - besteht f\u00fcr uns kein Handlungsbedarf. Diese Feststellung kann so auch der Botschaft entnommen werden. Somit braucht es auch keine Ratifizierung, die uns in Zukunft allenfalls Autonomie kosten k\u00f6nnte. Wir sollten uns auch nicht binden. Bei einem Beitritt zur Europ\u00e4ischen Landschaftskonvention werden \u00fcber kurz oder lang wesentliche Kompetenzen von Bund und Kantonen beschnitten. Das ist eine weitere Bef\u00fcrchtung. Und zudem gehen wir davon aus, dass der Vollzug dieser Konvention - das muss ja schliesslich auch einmal kontrolliert werden - Mehrkosten und mehr Aufwand zur Folge h\u00e4tte.</p>\n<p>Deshalb bitte ich Sie um Ablehnung.</p>\n</pd_text>","MeetingCouncilAbbreviation":"N","MeetingDate":"20120913","MeetingVerbalixOid":2222,"IdSession":"4905","SpeakerFirstName":"Hansj\u00f6rg","SpeakerLastName":"Knecht","SpeakerFullName":"Knecht Hansj\u00f6rg","SpeakerFunction":"Mit-M","CouncilId":1,"CouncilName":"Nationalrat","CantonId":19,"CantonName":"Aargau","CantonAbbreviation":"AG","ParlGroupName":"Fraktion der Schweizerischen Volkspartei","ParlGroupAbbreviation":"V","SortOrder":2,"Start":"\/Date(1347530069566)\/","End":"\/Date(1347530177360)\/","Function":"Mit-M","DisplaySpeaker":true,"LanguageOfText":"DE","Modified":"\/Date(1774877613625)\/","StartTimeWithTimezone":"\/Date(1347530069567+0120)\/","EndTimeWithTimezone":"\/Date(1347530177360+0120)\/","VoteBusinessNumber":null,"VoteBusinessShortNumber":null,"VoteBusinessTitle":null},{"__metadata":{"id":"https://ws.parlament.ch/OData.svc/Transcript(ID=147442L,Language='DE')","uri":"https://ws.parlament.ch/OData.svc/Transcript(ID=147442L,Language='DE')","type":"itsystems.Pd.DataServices.DataModel.Transcript"},"Subjects":{"__deferred":{"uri":"https://ws.parlament.ch/OData.svc/Transcript(ID=147442L,Language='DE')/Subjects"}},"MembersCouncil":{"__deferred":{"uri":"https://ws.parlament.ch/OData.svc/Transcript(ID=147442L,Language='DE')/MembersCouncil"}},"Businesses":{"__deferred":{"uri":"https://ws.parlament.ch/OData.svc/Transcript(ID=147442L,Language='DE')/Businesses"}},"ID":"147442","Language":"DE","IdSubject":"25064","VoteId":null,"PersonNumber":3882,"Type":1,"Text":"<pd_text><p>Die Gr\u00fcnen lehnen den Minderheitsantrag ab. Wir bitten Sie, dieser Konvention zuzustimmen. Die Gr\u00fcnde f\u00fcr die Zustimmung habe ich bereits in der Eintretensdebatte genannt. Es geht im Wesentlichen darum, der Landschaft einen Wert zu geben und diesen Wert auch zu sch\u00fctzen. Es geht aber auch um die Zusammenarbeit im Landschaftsschutz: Es ist ja eine europ\u00e4ische Konvention, mit der wir auch Landschaften ausserhalb der Schweiz unterst\u00fctzen.</p>\n<p>In diesem Zusammenhang m\u00f6chte ich aber auch sagen, dass die Gr\u00fcnen ein modernes Verst\u00e4ndnis des Landschaftsschutzes haben. Die Gr\u00fcnen haben erst k\u00fcrzlich ihre Energiestrategie 2050 verabschiedet. Darin halten wir fest, dass wir zwei bis vier Terawattstunden Windenergie wollen. Einerseits brauchen wir die Windenergie, weil sie beim Atomausstieg einen Ausgleich zur Sonnenenergie erm\u00f6glicht, andererseits ist die Windenergie eine g\u00fcnstige erneuerbare Energiequelle, die vor allem heute rasch ausgebaut werden muss, weil wir bei den erneuerbaren Energien mit der Windenergie pro Franken am meisten erreichen. In diesem Sinne geht es nicht darum, die Landschaft einzufrieren. Es geht um eine nachhaltige Nutzung der Landschaft. Windenergie l\u00e4sst sich nicht unterirdisch gewinnen, und Windenergie l\u00e4sst sich auch nicht konzentriert im Siedlungsgebiet gewinnen. Deshalb ist auch hier klar zu sagen: Die Energiewende wird in der Landschaft sichtbar sein.</p>\n<p>Der Landschaftsschutz ist ja auch ein Schutz der fr\u00fcheren Nutzung, also wird in Zukunft vielleicht auch die Windenergiegewinnung Teil einer sch\u00fctzenswerten Landschaft sein. Deshalb empfinden wir es als wichtig - auch wenn wir hier zustimmen -, dass in der Schweiz rasch mindestens 400 Windanlagen aufgestellt werden und so ein Beitrag zum Atomausstieg geleistet wird.</p>\n<p>In diesem Sinne, im Sinne eines modernen Landschaftsschutzes, im Sinne einer nachhaltigen Nutzung der Landschaft, bitten wir um Zustimmung zu dieser Konvention.</p>\n</pd_text>","MeetingCouncilAbbreviation":"N","MeetingDate":"20120913","MeetingVerbalixOid":2222,"IdSession":"4905","SpeakerFirstName":"Bastien","SpeakerLastName":"Girod","SpeakerFullName":"Girod Bastien","SpeakerFunction":"Mit-M","CouncilId":1,"CouncilName":"Nationalrat","CantonId":1,"CantonName":"Z\u00fcrich","CantonAbbreviation":"ZH","ParlGroupName":"Gr\u00fcne Fraktion","ParlGroupAbbreviation":"G","SortOrder":3,"Start":"\/Date(1347530177360)\/","End":"\/Date(1347530320277)\/","Function":"Mit-M","DisplaySpeaker":true,"LanguageOfText":"DE","Modified":"\/Date(1774877613627)\/","StartTimeWithTimezone":"\/Date(1347530177360+0120)\/","EndTimeWithTimezone":"\/Date(1347530320277+0120)\/","VoteBusinessNumber":null,"VoteBusinessShortNumber":null,"VoteBusinessTitle":null},{"__metadata":{"id":"https://ws.parlament.ch/OData.svc/Transcript(ID=147443L,Language='DE')","uri":"https://ws.parlament.ch/OData.svc/Transcript(ID=147443L,Language='DE')","type":"itsystems.Pd.DataServices.DataModel.Transcript"},"Subjects":{"__deferred":{"uri":"https://ws.parlament.ch/OData.svc/Transcript(ID=147443L,Language='DE')/Subjects"}},"MembersCouncil":{"__deferred":{"uri":"https://ws.parlament.ch/OData.svc/Transcript(ID=147443L,Language='DE')/MembersCouncil"}},"Businesses":{"__deferred":{"uri":"https://ws.parlament.ch/OData.svc/Transcript(ID=147443L,Language='DE')/Businesses"}},"ID":"147443","Language":"DE","IdSubject":"25064","VoteId":null,"PersonNumber":4100,"Type":1,"Text":"<pd_text><p>Wie Sie bereits aus der Eintretensdebatte wissen, lehnt die SVP-Fraktion die Ratifizierung der Europ\u00e4ischen Landschaftskonvention ab. F\u00fcr die SVP ist unbestritten, dass der Landschaft als unserem Lebensraum, als Ressource und als Standortfaktor, besonders f\u00fcr Tourismus und Landwirtschaft, Sorge getragen werden muss. Wir sind auch damit einverstanden, dass mit der Ressource Landschaft nachhaltig umgegangen werden muss. Nur beinhaltet die Nachhaltigkeit eben alle drei Bereiche, d. h. die \u00f6konomische, soziale und \u00f6kologische Nachhaltigkeit, und damit ein ausgewogenes Verh\u00e4ltnis zwischen Schutz und Nutzen. Unserer Auffassung nach fehlt in der Europ\u00e4ischen Landschaftskonvention das Prinzip der gen\u00fcgenden Ber\u00fccksichtigung des Nutzens der Landschaft - die Schutzfunktion wird sehr in den Vordergrund gestellt. Gem\u00e4ss Artikel 5 Buchstabe b wird als Ziel festgesetzt, eine Landschaftspolitik festzulegen und umzusetzen, die auf Landschaftsschutz - das steht an erster Stelle -, auf Landschaftspflege und Landschaftsplanung ausgerichtet ist. Gem\u00e4ss Buchstabe d sollen sich die anderen Sektoralpolitiken wie Raumplanungs-, Stadtplanungs- oder Landwirtschaftspolitik danach ausrichten. </p>\n<p>Die SVP lehnt, zusammengefasst, die Ratifizierung insbesondere aus folgenden Gr\u00fcnden ab: </p>\n<p>1. F\u00fcr den Landschaftsschutz in der Schweiz gibt es gen\u00fcgend Instrumente, hier besteht kein Handlungsbedarf, was auch in der Botschaft best\u00e4tigt wird. Wir sind folgender Auffassung: Wenn kein Handlungsbedarf besteht, braucht es auch keine Ratifizierung, die uns allenfalls Autonomie kostet. [PAGE 1386] Es w\u00e4re damit bei uns gleich wie in Deutschland und \u00d6sterreich, die diese Konvention bisher auch nicht ratifiziert haben.</p>\n<p>2. Aufgrund der in der Landschaftskonvention klar festgelegten Zielsetzungen und Massnahmen ist zu bef\u00fcrchten, dass die Landschaftskonvention doch irgendwo als Argumentarium f\u00fcr strengere Vorschriften und zus\u00e4tzliche Massnahmen und Kontrollen im Bereich Schutz herangezogen wird. Deshalb lehnen in der Vernehmlassung auch grosse Verb\u00e4nde wie die Schweizerische Arbeitsgemeinschaft f\u00fcr die Berggebiete, weiss Gott auch eine Organisation, der der Landschaftsschutz wichtig ist, der Schweizerische Bauernverband, der Schweizerische Gewerbeverband oder Bauen Schweiz diese Landschaftskonvention ab.</p>\n<p>3. Es gibt bereits verschiedenste und mehrere internationale Inventare und Abkommen zum Schutz besonderer Landschaften. Wir sind der Auffassung, dass dies ausreicht.</p>\n<p>Wir bitten Sie namens der Fraktion der SVP, die Ratifizierung abzulehnen und entsprechend der Minderheit zu folgen.</p>\n</pd_text>","MeetingCouncilAbbreviation":"N","MeetingDate":"20120913","MeetingVerbalixOid":2222,"IdSession":"4905","SpeakerFirstName":"Albert","SpeakerLastName":"R\u00f6sti","SpeakerFullName":"R\u00f6sti Albert","SpeakerFunction":"Mit-M","CouncilId":1,"CouncilName":"Nationalrat","CantonId":2,"CantonName":"Bern","CantonAbbreviation":"BE","ParlGroupName":"Fraktion der Schweizerischen Volkspartei","ParlGroupAbbreviation":"V","SortOrder":4,"Start":"\/Date(1347530320277)\/","End":"\/Date(1347530519968)\/","Function":"Mit-M","DisplaySpeaker":true,"LanguageOfText":"DE","Modified":"\/Date(1774877613629)\/","StartTimeWithTimezone":"\/Date(1347530320277+0120)\/","EndTimeWithTimezone":"\/Date(1347530519967+0120)\/","VoteBusinessNumber":null,"VoteBusinessShortNumber":null,"VoteBusinessTitle":null},{"__metadata":{"id":"https://ws.parlament.ch/OData.svc/Transcript(ID=147444L,Language='DE')","uri":"https://ws.parlament.ch/OData.svc/Transcript(ID=147444L,Language='DE')","type":"itsystems.Pd.DataServices.DataModel.Transcript"},"Subjects":{"__deferred":{"uri":"https://ws.parlament.ch/OData.svc/Transcript(ID=147444L,Language='DE')/Subjects"}},"MembersCouncil":{"__deferred":{"uri":"https://ws.parlament.ch/OData.svc/Transcript(ID=147444L,Language='DE')/MembersCouncil"}},"Businesses":{"__deferred":{"uri":"https://ws.parlament.ch/OData.svc/Transcript(ID=147444L,Language='DE')/Businesses"}},"ID":"147444","Language":"DE","IdSubject":"25064","VoteId":null,"PersonNumber":3899,"Type":1,"Text":"<pd_text><p>Beim Begriff der Landschaft machen wir uns alle unser eigenes Bild. Einige assoziieren sofort den Begriff des Landschaftsschutzes, andere unmittelbar die Begriffe der Landschaftsentwicklung, der Landschaftsqualit\u00e4t und der Landschaftspflege. Herr R\u00f6sti kommt mit dem Ansatz der Ressourcenfrage und sagt, es gehe um die Nutzung der Ressource Landschaft. Die Europ\u00e4ische Landschaftskonvention skizziert ein eigenes, meines Erachtens dynamisches Bild: Der Charakter der Landschaft ist das Ergebnis der Wirkungen und Wechselwirkungen von nat\u00fcrlichen Faktoren und/oder von Faktoren, die die Menschen bestimmt haben. Es geht bei der Landschaft also auch um Landschaftsver\u00e4nderungen und um die Wechselwirkungen durch menschliche Eingriffe in die Landschaft, und damit geht es auch um Ver\u00e4nderungen der Wahrnehmung der Landschaft. Im Wissen um diese immerw\u00e4hrenden Ver\u00e4nderungen der Landschaft verpflichtet die Konvention alle Unterzeichnerstaaten:</p>\n<p>1. die Landschaft als wesentlichen Lebensraum und als Element der Identit\u00e4t der Menschen anzuerkennen;</p>\n<p>2. eine Landschaftspolitik umzusetzen, welche auf Landschaftsschutz, Landschaftspflege und Landschaftsplanung - die die Nutzungsplanung beinhaltet - ausgerichtet ist;</p>\n<p>3. die Bev\u00f6lkerung und die \u00d6ffentlichkeit in die Prozesse der Landschaftspolitik einzubeziehen;</p>\n<p>4. die Landschaft in der Umweltpolitik, der Wirtschaftspolitik und der Raumplanungspolitik zu ber\u00fccksichtigen.</p>\n<p>Jede Vertragspartei verpflichtet sich zur Umsetzung dieser Landschaftspolitik und dazu, die Instrumente einzuf\u00fchren, die die Ziele des Landschaftsschutzes, der Landschaftspflege und der Landschaftsplanung ber\u00fccksichtigen. Zugegeben, das ist f\u00fcr unser Land kein landschaftspolitscher Durchbruch, und man darf sich ohne Weiteres fragen, ob wir das brauchen. Ob der Europ\u00e4ische Landschaftspreis, der in dieser Konvention angesprochen wird, bedeutungsvoll werden wird, k\u00f6nnen wir offenlassen.</p>\n<p>Aber dieses Hinterfragen gen\u00fcgt nicht f\u00fcr ein Land inmitten von Europa. Entscheidend scheint uns, dass auch diese Konvention versucht, das Zusammenleben in Europa zu gestalten. Der Austausch \u00fcber die Landschaftspolitik ist daher vielleicht eher eine Hilfe f\u00fcr L\u00e4nder, die noch keine Landschaftsplanung entwickelt haben, wie wir sie in unserem Land kennen. Was ist falsch, wenn unser Land einmal eine Konvention unterzeichnet, welche anderen L\u00e4ndern mehr Hilfe und Entwicklungsschritte erm\u00f6glicht als unserem eigenen Land? Daran ist gar nichts falsch.</p>\n<p>Die SP-Fraktion empfiehlt Ihnen einstimmig, die Europ\u00e4ische Landschaftskonvention zu genehmigen.</p>\n</pd_text>","MeetingCouncilAbbreviation":"N","MeetingDate":"20120913","MeetingVerbalixOid":2222,"IdSession":"4905","SpeakerFirstName":"Eric","SpeakerLastName":"Nussbaumer","SpeakerFullName":"Nussbaumer Eric","SpeakerFunction":"Mit-M","CouncilId":1,"CouncilName":"Nationalrat","CantonId":13,"CantonName":"Basel-Landschaft","CantonAbbreviation":"BL","ParlGroupName":"Sozialdemokratische Fraktion","ParlGroupAbbreviation":"S","SortOrder":5,"Start":"\/Date(1347530519968)\/","End":"\/Date(1347530723331)\/","Function":"Mit-M","DisplaySpeaker":true,"LanguageOfText":"DE","Modified":"\/Date(1774877613630)\/","StartTimeWithTimezone":"\/Date(1347530519967+0120)\/","EndTimeWithTimezone":"\/Date(1347530723330+0120)\/","VoteBusinessNumber":null,"VoteBusinessShortNumber":null,"VoteBusinessTitle":null},{"__metadata":{"id":"https://ws.parlament.ch/OData.svc/Transcript(ID=147445L,Language='DE')","uri":"https://ws.parlament.ch/OData.svc/Transcript(ID=147445L,Language='DE')","type":"itsystems.Pd.DataServices.DataModel.Transcript"},"Subjects":{"__deferred":{"uri":"https://ws.parlament.ch/OData.svc/Transcript(ID=147445L,Language='DE')/Subjects"}},"MembersCouncil":{"__deferred":{"uri":"https://ws.parlament.ch/OData.svc/Transcript(ID=147445L,Language='DE')/MembersCouncil"}},"Businesses":{"__deferred":{"uri":"https://ws.parlament.ch/OData.svc/Transcript(ID=147445L,Language='DE')/Businesses"}},"ID":"147445","Language":"DE","IdSubject":"25064","VoteId":null,"PersonNumber":1138,"Type":1,"Text":"<pd_text><p>Die Gr\u00fcnliberalen unterst\u00fctzen die Ratifikation der Europ\u00e4ischen Landschaftskonvention. Die Debatte zu diesem Thema haben wir bereits gef\u00fchrt, ich wiederhole deshalb nur einige zentrale Punkte. </p>\n<p>Die Konvention geht von einem modernen Landschaftsverst\u00e4ndnis aus. Das heisst, sie unterstreicht, \u00fcber den \u00f6kologischen und kulturellen Wert der Landschaft hinaus, eben auch die Bedeutung der Landschaft f\u00fcr das Wohl der Gesellschaft und als Wirtschaftsraum. Pferdehaltung, wie wir sie vorher besprochen haben, oder auch Anlagen f\u00fcr Windenergie sind damit voll integriert. </p>\n<p>Im Kern geht es bei dieser Ratifikation nicht um die Folgen in der Schweiz, sondern es geht eigentlich um die Koordination der Umweltaussenpolitik, was wichtiger ist. Denn in der Schweiz sind s\u00e4mtliche Umsetzungs- und Grundlageninstrumente bei Bund und Kantonen bereits vollumf\u00e4nglich da, und es braucht keine Anpassung. Es ist also weder gesetzgeberisch irgendwelcher Handlungsbedarf noch zus\u00e4tzlicher Personal- oder Budgetbedarf gegeben. Es wird alles im Rahmen der heutigen Zust\u00e4ndigkeiten und mit den bestehenden Verfahren erfolgen k\u00f6nnen. </p>\n<p>Die Bedeutung ist eigentlich vor allem, dass vermehrt Impulse zur Wahrnehmung und zum nachhaltigen Umgang mit der Ressource Landschaft gesetzt werden. F\u00fcr die Schweiz als zentrales Land in Europa ist das einerseits vor allem f\u00fcr die Zusammenarbeit mit den Nachbarl\u00e4ndern betreffend die grenz\u00fcberschreitenden Landschaften wichtig. Auf europ\u00e4ischer Ebene geht es andererseits vor allem darum, dass die Konvention eben vor allem verschiedene j\u00fcngere europ\u00e4ische Staaten in ihren Anstrengungen zum Ausbau der Umweltpolitik st\u00e4rkt. Das entspricht ja Bestrebungen zur Koordination der Umweltaussenpolitik des Bundes. </p>\n<p>Wir Gr\u00fcnliberalen m\u00f6chten mit der Unterst\u00fctzung dieser Landschaftskonvention die Vorbildrolle der Schweiz bei der Entstehung der Konvention best\u00e4tigen und den anderen L\u00e4ndern zur Nachahmung empfehlen. Ich beantrage Ihnen deshalb im Namen der Gr\u00fcnliberalen die Ratifizierung dieser Konvention.</p>\n</pd_text>","MeetingCouncilAbbreviation":"N","MeetingDate":"20120913","MeetingVerbalixOid":2222,"IdSession":"4905","SpeakerFirstName":"Martin","SpeakerLastName":"B\u00e4umle","SpeakerFullName":"B\u00e4umle Martin","SpeakerFunction":"Mit-M","CouncilId":1,"CouncilName":"Nationalrat","CantonId":1,"CantonName":"Z\u00fcrich","CantonAbbreviation":"ZH","ParlGroupName":"Gr\u00fcnliberale Fraktion","ParlGroupAbbreviation":"GL","SortOrder":6,"Start":"\/Date(1347530723331)\/","End":"\/Date(1347530860815)\/","Function":"Mit-M","DisplaySpeaker":true,"LanguageOfText":"DE","Modified":"\/Date(1774877613632)\/","StartTimeWithTimezone":"\/Date(1347530723330+0120)\/","EndTimeWithTimezone":"\/Date(1347530860817+0120)\/","VoteBusinessNumber":null,"VoteBusinessShortNumber":null,"VoteBusinessTitle":null},{"__metadata":{"id":"https://ws.parlament.ch/OData.svc/Transcript(ID=147446L,Language='DE')","uri":"https://ws.parlament.ch/OData.svc/Transcript(ID=147446L,Language='DE')","type":"itsystems.Pd.DataServices.DataModel.Transcript"},"Subjects":{"__deferred":{"uri":"https://ws.parlament.ch/OData.svc/Transcript(ID=147446L,Language='DE')/Subjects"}},"MembersCouncil":{"__deferred":{"uri":"https://ws.parlament.ch/OData.svc/Transcript(ID=147446L,Language='DE')/MembersCouncil"}},"Businesses":{"__deferred":{"uri":"https://ws.parlament.ch/OData.svc/Transcript(ID=147446L,Language='DE')/Businesses"}},"ID":"147446","Language":"DE","IdSubject":"25064","VoteId":null,"PersonNumber":4056,"Type":1,"Text":"<pd_text><p>Als sich der Nationalrat am 31. Mai dieses Jahres bei der Eintretensdebatte ein erstes Mal mit diesem Gesch\u00e4ft befasst hatte, resultierte bei der Frage, ob darauf eingetreten werde solle, ein knappes Ergebnis. Das gespaltene Bild des Nationalrates spiegelte sich vor allem bei der CVP/EVP-Fraktion, innerhalb derer es weder f\u00fcr ein Pro noch f\u00fcr ein Contra eine Mehrheit gab. Da sich die Vorlage materiell nicht \u00e4ndern kann, gibt es innerhalb unserer Fraktion noch immer Bef\u00fcrworter und Gegner.</p>\n<p>Diejenigen, welche eine Ratifikation der Konvention bef\u00fcrworten, sind der \u00dcberzeugung, dass die Schweiz damit ihre Vorbildrolle im Landschaftsschutz vor allem gegen\u00fcber den osteurop\u00e4ischen Staaten bekr\u00e4ftigen kann, ohne sich selber einzuschr\u00e4nken. Wird die Konvention nicht ratifiziert, machen wir uns selber mundtot, wenn es in Zukunft einmal darum geht, verheerende Missst\u00e4nde im europ\u00e4ischen Umland zu korrigieren, so die Bef\u00fcrworter. Nach ihnen unterstreicht die Europ\u00e4ische Landschaftskonvention nicht einfach den \u00f6kologischen Wert der Landschaft, sondern auch ihre gesellschaftliche und wirtschaftliche Bedeutung - sprich: unsere wichtigste touristische Ressource.</p>\n<p>Anders argumentieren diejenigen, die sich mit dieser Konvention weiterhin nicht anfreunden k\u00f6nnen. Auch sie anerkennen den grossen Wert der Landschaft unseres Landes, und auch sie unterst\u00fctzen die eigenen Anstrengungen, die eigene Landschaft nach M\u00f6glichkeit zu sch\u00fctzen. Die Gegner sind aber der \u00dcberzeugung, dass die Europ\u00e4ische Landschaftskonvention in der heutigen Fassung der Schweiz nichts bringt; innerstaatlich wird nichts gewonnen. Es ist eine gute schweizerische Gewohnheit, internationale Vertr\u00e4ge dann abzuschliessen, wenn diese im Interesse unseres Landes sind. Dies sei, so die Gegner, bei dieser Konvention nicht der Fall.</p>\n<p>Es liegt nun an Ihnen, die f\u00fcr Sie richtigen Argumente geh\u00f6rt zu haben. </p>\n</pd_text>","MeetingCouncilAbbreviation":"N","MeetingDate":"20120913","MeetingVerbalixOid":2222,"IdSession":"4905","SpeakerFirstName":"Daniel","SpeakerLastName":"F\u00e4ssler","SpeakerFullName":"F\u00e4ssler Daniel","SpeakerFunction":"Mit-M","CouncilId":1,"CouncilName":"Nationalrat","CantonId":16,"CantonName":"Appenzell I.-Rh.","CantonAbbreviation":"AI","ParlGroupName":"Fraktion CVP-EVP","ParlGroupAbbreviation":"M-E","SortOrder":7,"Start":"\/Date(1347530860815)\/","End":"\/Date(1347531013965)\/","Function":"Mit-M","DisplaySpeaker":true,"LanguageOfText":"DE","Modified":"\/Date(1774877613633)\/","StartTimeWithTimezone":"\/Date(1347530860817+0120)\/","EndTimeWithTimezone":"\/Date(1347531013967+0120)\/","VoteBusinessNumber":null,"VoteBusinessShortNumber":null,"VoteBusinessTitle":null},{"__metadata":{"id":"https://ws.parlament.ch/OData.svc/Transcript(ID=147447L,Language='DE')","uri":"https://ws.parlament.ch/OData.svc/Transcript(ID=147447L,Language='DE')","type":"itsystems.Pd.DataServices.DataModel.Transcript"},"Subjects":{"__deferred":{"uri":"https://ws.parlament.ch/OData.svc/Transcript(ID=147447L,Language='DE')/Subjects"}},"MembersCouncil":{"__deferred":{"uri":"https://ws.parlament.ch/OData.svc/Transcript(ID=147447L,Language='DE')/MembersCouncil"}},"Businesses":{"__deferred":{"uri":"https://ws.parlament.ch/OData.svc/Transcript(ID=147447L,Language='DE')/Businesses"}},"ID":"147447","Language":"DE","IdSubject":"25064","VoteId":null,"PersonNumber":488,"Type":1,"Text":"<pd_text><p>Ich habe schon in der Eintretensdebatte gesagt, dass mich das Argument etwas befremdet, wonach man nur noch Konventionen ratifiziert, die einen direkten Nutzen bringen. Wir haben sehr viele Konventionen, in denen es eben auch darum geht, sich zu Prinzipien zu bekennen, dazu zu stehen und sich auch daf\u00fcr [PAGE 1387] einzusetzen, dass es international andere Staaten ebenso tun. Ich erinnere Sie an die Menschenrechtskonvention, ich erinnere Sie an die Arbeitskonventionen, ich erinnere Sie an die Quecksilberkonvention usw. Wir haben diese nicht ratifiziert, weil wir gefragt haben, was es uns bringe. Wir haben in diesen F\u00e4llen immer Folgendes gesagt: Ja, wir setzen das um, denn es ist vorbildlich, gut; es besteht zwar kein Handlungsbedarf bei uns, aber es ist ein fundamentales Prinzip, das wir im internationalen Bereich auch anwenden wollen. </p>\n<p>Wenn Sie damit aufh\u00f6ren, auch vom symbolischen Gehalt auszugehen, bzw. davon, dass Prinzipien auch international Anwendung finden, dann k\u00f6nnen Sie in sehr vielen Bereichen eine internationale Politik der Schweiz aufgeben. Dann frage ich Sie aber, ob Sie \u00fcberhaupt noch eine Schweiz wollen, die sich international f\u00fcr Prinzipien engagiert, die international ihre Guten Dienste einbringt und f\u00fcr Humanit\u00e4t, gegen Armut, gegen Menschenrechtsverletzungen und gegen Kinderarbeit k\u00e4mpft. Sie m\u00fcssten all diese Konventionen k\u00fcndigen, weil sie ja keinen direkten Nutzen f\u00fcr uns haben; wir sind ja so gut, und alles andere ist uns egal. Dem Bundesrat ist das nicht egal.</p>\n<p>Die Europ\u00e4ische Landschaftskonvention ist eine Konvention, die die Schweiz mit ihrer heutigen Gesetzgebung Gott sei Dank weitgehend erf\u00fcllt; das hat die Analyse ergeben. 84 Prozent der Vernehmlassungsteilnehmer haben deshalb ohne Probleme zu dieser Ratifikation Ja gesagt, darunter bis auf einen Kanton alle Kantone.</p>\n<p>Herr Nationalrat Knecht, Sie sagen, Sie f\u00fcrchten, dass die Kompetenzen der Kantone beschnitten werden. Die Kantone selber haben offenbar eine andere Einsch\u00e4tzung. Sie sagen unisono, dass das eine gute Konvention ist, dass sie ihnen sogar hilft, weil sie sehr f\u00f6deral aufgebaut ist. Die Konvention beachtet das Subsidiarit\u00e4tsprinzip, das den Kantonen, St\u00e4dten und Gemeinden sehr lieb ist. Sie teilen Ihre Furcht offenbar nicht.</p>\n<p>Erlauben Sie mir folgenden Hinweis: Vorhin haben wir ja \u00fcber die Pferdehaltung gesprochen, und Ihre Fraktion hat gesagt, sie wolle da eine schweizweite L\u00f6sung und keinen F\u00f6deralismus. Was haben Sie da somit gemacht? Sie haben die Kompetenz der Kantone beschnitten. Da wurde nicht nur eine Furcht zum Ausdruck gebracht, sondern Sie haben es tats\u00e4chlich gemacht. Sie m\u00fcssen Ihre Begr\u00fcndung also vielleicht noch einmal ein bisschen hinterfragen.</p>\n<p>Wir haben gesagt, es gebe keine negativen wirtschaftlichen Impacts. Diese Meinung teilt auch Economiesuisse, der Dachverband der Schweizer Wirtschaft. Er hat sich ebenfalls f\u00fcr die Ratifizierung ausgesprochen, weil er keine Gefahr sieht, dass sie uns etwas kostet. Es ist ja effektiv so, dass die Landschaftskonvention ein Programm ist, zu dem man sich mit Positionen und, wie ich gesagt habe, mit Prinzipien verpflichtet. Weil sie programmatischen Charakter hat, gibt es darin eben keine direkt anwendbaren Bestimmungen oder Verpflichtungen. Es gibt kein Exekutivorgan, das den Mitgliedern auf die Finger schauen und sie einklagen oder anprangern und sagen w\u00fcrde, das und das h\u00e4tten sie nicht gemacht. Es ist also die leichteste Art von Konvention, die man v\u00f6lkerrechtlich eingehen kann. Aber weil es eben um Prinzipien geht, hat die Konvention eine grosse Bedeutung.</p>\n<p>Wir bitten Sie gerade auch im Sinne der Vorbildfunktion der Schweiz, die in die Entstehungsgeschichte sehr stark involviert war, dieser Konvention zuzustimmen, wie es 37 der 47 Mitgliedstaaten bis heute bereits getan haben. Die Zustimmung steht der Schweiz gut an, auch wenn sie keinen direkten Nutzen bringt. Es geht um ein Prinzip. Seien wir doch selbstbewusst und stolz darauf, dass die Schweiz punkto Landschaftsschutz eine so gute Situation hat, und setzen wir uns daf\u00fcr ein, dass andere L\u00e4nder dasselbe tun!</p>\n</pd_text>","MeetingCouncilAbbreviation":"N","MeetingDate":"20120913","MeetingVerbalixOid":2222,"IdSession":"4905","SpeakerFirstName":"Doris","SpeakerLastName":"Leuthard","SpeakerFullName":"Leuthard Doris","SpeakerFunction":"BR-F","CouncilId":99,"CouncilName":"Bundesrat","CantonId":19,"CantonName":"Aargau","CantonAbbreviation":"AG","ParlGroupName":null,"ParlGroupAbbreviation":null,"SortOrder":8,"Start":"\/Date(1347531013965)\/","End":"\/Date(1347531327639)\/","Function":"BR-F","DisplaySpeaker":true,"LanguageOfText":"DE","Modified":"\/Date(1774877613636)\/","StartTimeWithTimezone":"\/Date(1347531013967+0120)\/","EndTimeWithTimezone":"\/Date(1347531327640+0120)\/","VoteBusinessNumber":null,"VoteBusinessShortNumber":null,"VoteBusinessTitle":null},{"__metadata":{"id":"https://ws.parlament.ch/OData.svc/Transcript(ID=147448L,Language='DE')","uri":"https://ws.parlament.ch/OData.svc/Transcript(ID=147448L,Language='DE')","type":"itsystems.Pd.DataServices.DataModel.Transcript"},"Subjects":{"__deferred":{"uri":"https://ws.parlament.ch/OData.svc/Transcript(ID=147448L,Language='DE')/Subjects"}},"MembersCouncil":{"__deferred":{"uri":"https://ws.parlament.ch/OData.svc/Transcript(ID=147448L,Language='DE')/MembersCouncil"}},"Businesses":{"__deferred":{"uri":"https://ws.parlament.ch/OData.svc/Transcript(ID=147448L,Language='DE')/Businesses"}},"ID":"147448","Language":"DE","IdSubject":"25064","VoteId":null,"PersonNumber":173,"Type":1,"Text":"<pd_text><p>Ich nutze das Instrument der Frage nur sehr selten. Aber heute haben Sie behauptet, mit einer Nichtgenehmigung dieser Konvention w\u00fcrde sich die Schweiz aus der internationalen Politik abmelden. Dem ist doch \u00fcberhaupt nicht so. Unsere Nachbarstaaten Deutschland, \u00d6sterreich und Liechtenstein haben diese Konvention weder ratifiziert noch unterzeichnet. Nun sagen Sie mir bitte: Haben sich diese drei Nachbarstaaten, mit denen Sie ja regelm\u00e4ssig zusammenkommen, aus der internationalen Politik abgemeldet?</p>\n</pd_text>","MeetingCouncilAbbreviation":"N","MeetingDate":"20120913","MeetingVerbalixOid":2222,"IdSession":"4905","SpeakerFirstName":"Maximilian","SpeakerLastName":"Reimann","SpeakerFullName":"Reimann Maximilian","SpeakerFunction":"Mit-M","CouncilId":1,"CouncilName":"Nationalrat","CantonId":19,"CantonName":"Aargau","CantonAbbreviation":"AG","ParlGroupName":"Fraktion der Schweizerischen Volkspartei","ParlGroupAbbreviation":"V","SortOrder":9,"Start":"\/Date(1347531327639)\/","End":"\/Date(1347531374186)\/","Function":"Mit-M","DisplaySpeaker":true,"LanguageOfText":"DE","Modified":"\/Date(1774877613638)\/","StartTimeWithTimezone":"\/Date(1347531327640+0120)\/","EndTimeWithTimezone":"\/Date(1347531374187+0120)\/","VoteBusinessNumber":null,"VoteBusinessShortNumber":null,"VoteBusinessTitle":null},{"__metadata":{"id":"https://ws.parlament.ch/OData.svc/Transcript(ID=147449L,Language='DE')","uri":"https://ws.parlament.ch/OData.svc/Transcript(ID=147449L,Language='DE')","type":"itsystems.Pd.DataServices.DataModel.Transcript"},"Subjects":{"__deferred":{"uri":"https://ws.parlament.ch/OData.svc/Transcript(ID=147449L,Language='DE')/Subjects"}},"MembersCouncil":{"__deferred":{"uri":"https://ws.parlament.ch/OData.svc/Transcript(ID=147449L,Language='DE')/MembersCouncil"}},"Businesses":{"__deferred":{"uri":"https://ws.parlament.ch/OData.svc/Transcript(ID=147449L,Language='DE')/Businesses"}},"ID":"147449","Language":"DE","IdSubject":"25064","VoteId":null,"PersonNumber":488,"Type":1,"Text":"<pd_text><p>Herr Nationalrat, ich bitte Sie, wenn Sie mich schon zitieren, das richtig zu tun. Ich habe gesagt, wenn wir die Grundhaltung einnehmen, nur noch Konventionen zu ratifizieren, die uns einen direkten Nutzen bringen, dann schw\u00e4cht das die Position der Schweiz, dann verabschieden wir uns von vielen internationalen Engagements. Das ist so, Herr Nationalrat, das wissen Sie ganz genau. Deshalb ist das ein Exempel, bei dem man nicht die Nutzenrechnung machen kann, sondern wo es um Prinzipien, Grundhaltungen geht, um die Rolle der Schweiz. Hier hat sie immer eine Rolle gespielt, ist vorangegangen. Deshalb ist es sinnvoll, diese gute, langj\u00e4hrige, bew\u00e4hrte Politik aufrechtzuerhalten. Als Nichtmitglied der EU, der Nato usw. sind wir darauf angewiesen, auf jeden Fall in wichtigen internationalen Gremien mitwirken zu k\u00f6nnen. Sonst marginalisieren wir uns noch selber, das ist unn\u00f6tig.</p>\n</pd_text>","MeetingCouncilAbbreviation":"N","MeetingDate":"20120913","MeetingVerbalixOid":2222,"IdSession":"4905","SpeakerFirstName":"Doris","SpeakerLastName":"Leuthard","SpeakerFullName":"Leuthard Doris","SpeakerFunction":"BR-F","CouncilId":99,"CouncilName":"Bundesrat","CantonId":19,"CantonName":"Aargau","CantonAbbreviation":"AG","ParlGroupName":null,"ParlGroupAbbreviation":null,"SortOrder":10,"Start":"\/Date(1347531374186)\/","End":"\/Date(1347531437534)\/","Function":"BR-F","DisplaySpeaker":true,"LanguageOfText":"DE","Modified":"\/Date(1774877613639)\/","StartTimeWithTimezone":"\/Date(1347531374187+0120)\/","EndTimeWithTimezone":"\/Date(1347531437533+0120)\/","VoteBusinessNumber":null,"VoteBusinessShortNumber":null,"VoteBusinessTitle":null},{"__metadata":{"id":"https://ws.parlament.ch/OData.svc/Transcript(ID=147450L,Language='DE')","uri":"https://ws.parlament.ch/OData.svc/Transcript(ID=147450L,Language='DE')","type":"itsystems.Pd.DataServices.DataModel.Transcript"},"Subjects":{"__deferred":{"uri":"https://ws.parlament.ch/OData.svc/Transcript(ID=147450L,Language='DE')/Subjects"}},"MembersCouncil":{"__deferred":{"uri":"https://ws.parlament.ch/OData.svc/Transcript(ID=147450L,Language='DE')/MembersCouncil"}},"Businesses":{"__deferred":{"uri":"https://ws.parlament.ch/OData.svc/Transcript(ID=147450L,Language='DE')/Businesses"}},"ID":"147450","Language":"DE","IdSubject":"25064","VoteId":null,"PersonNumber":1135,"Type":1,"Text":"<pd_text><p>Gesch\u00e4tzte Frau Bundesr\u00e4tin, Sie fragen, ob wir nur noch Konventionen verabschieden wollen, die uns einen Nutzen bringen. Gehe ich dann recht in der Annahme, dass man vom Bundesrat aus nach den Steuerabkommen und nach dieser Vorlage hier vor allem Abkommen abschliessen will, die uns keinen Nutzen bringen?</p>\n</pd_text>","MeetingCouncilAbbreviation":"N","MeetingDate":"20120913","MeetingVerbalixOid":2222,"IdSession":"4905","SpeakerFirstName":"Adrian","SpeakerLastName":"Amstutz","SpeakerFullName":"Amstutz Adrian","SpeakerFunction":"Mit-M","CouncilId":1,"CouncilName":"Nationalrat","CantonId":2,"CantonName":"Bern","CantonAbbreviation":"BE","ParlGroupName":"Fraktion der Schweizerischen Volkspartei","ParlGroupAbbreviation":"V","SortOrder":11,"Start":"\/Date(1347531437534)\/","End":"\/Date(1347531473941)\/","Function":"Mit-M","DisplaySpeaker":true,"LanguageOfText":"DE","Modified":"\/Date(1774877613641)\/","StartTimeWithTimezone":"\/Date(1347531437533+0120)\/","EndTimeWithTimezone":"\/Date(1347531473940+0120)\/","VoteBusinessNumber":null,"VoteBusinessShortNumber":null,"VoteBusinessTitle":null},{"__metadata":{"id":"https://ws.parlament.ch/OData.svc/Transcript(ID=147451L,Language='DE')","uri":"https://ws.parlament.ch/OData.svc/Transcript(ID=147451L,Language='DE')","type":"itsystems.Pd.DataServices.DataModel.Transcript"},"Subjects":{"__deferred":{"uri":"https://ws.parlament.ch/OData.svc/Transcript(ID=147451L,Language='DE')/Subjects"}},"MembersCouncil":{"__deferred":{"uri":"https://ws.parlament.ch/OData.svc/Transcript(ID=147451L,Language='DE')/MembersCouncil"}},"Businesses":{"__deferred":{"uri":"https://ws.parlament.ch/OData.svc/Transcript(ID=147451L,Language='DE')/Businesses"}},"ID":"147451","Language":"DE","IdSubject":"25064","VoteId":null,"PersonNumber":488,"Type":1,"Text":"<pd_text><p>Sie m\u00fcssen unterscheiden: Es gibt Konventionen, und es gibt Staatsvertr\u00e4ge. Ein Staatsvertrag wird bilateral ausgehandelt, in einem Staatsvertrag regeln Staaten gegenseitig ein Problem. Das ist keine Konvention, Herr Nationalrat. Das ist zu unterscheiden, die v\u00f6lkerrechtliche Bedeutung ist eine ganz andere. In allen Staatsvertr\u00e4gen, die der Bundesrat Ihnen vorlegt, seien es Steuerabkommen, seien es Abkommen mit anderen Inhalten, geht es um ausgehandelte bilaterale Interessen.</p>\n</pd_text>","MeetingCouncilAbbreviation":"N","MeetingDate":"20120913","MeetingVerbalixOid":2222,"IdSession":"4905","SpeakerFirstName":"Doris","SpeakerLastName":"Leuthard","SpeakerFullName":"Leuthard Doris","SpeakerFunction":"BR-F","CouncilId":99,"CouncilName":"Bundesrat","CantonId":19,"CantonName":"Aargau","CantonAbbreviation":"AG","ParlGroupName":null,"ParlGroupAbbreviation":null,"SortOrder":12,"Start":"\/Date(1347531473941)\/","End":"\/Date(1347531512659)\/","Function":"BR-F","DisplaySpeaker":true,"LanguageOfText":"DE","Modified":"\/Date(1774877613642)\/","StartTimeWithTimezone":"\/Date(1347531473940+0120)\/","EndTimeWithTimezone":"\/Date(1347531512660+0120)\/","VoteBusinessNumber":null,"VoteBusinessShortNumber":null,"VoteBusinessTitle":null}]},"ID":"25064","Language":"DE","IdMeeting":"1629","VerbalixOid":387793,"SortOrder":6,"Modified":"\/Date(1774877613622)\/"}}