{"d":{"__metadata":{"id":"https://ws.parlament.ch/OData.svc/Subject(ID=25125L,Language='DE')","uri":"https://ws.parlament.ch/OData.svc/Subject(ID=25125L,Language='DE')","type":"itsystems.Pd.DataServices.DataModel.Subject"},"Meetings":{"__metadata":{"id":"https://ws.parlament.ch/OData.svc/Meeting(ID=1636L,Language='DE')","uri":"https://ws.parlament.ch/OData.svc/Meeting(ID=1636L,Language='DE')","type":"itsystems.Pd.DataServices.DataModel.Meeting"},"Sessions":{"__deferred":{"uri":"https://ws.parlament.ch/OData.svc/Meeting(ID=1636L,Language='DE')/Sessions"}},"Subjects":{"__deferred":{"uri":"https://ws.parlament.ch/OData.svc/Meeting(ID=1636L,Language='DE')/Subjects"}},"ID":"1636","Language":"DE","MeetingNumber":6,"IdSession":4818,"SessionNumber":18,"SessionName":"Sondersession April 2011","Council":1,"CouncilName":"Nationalrat","CouncilAbbreviation":"NR","Date":"\/Date(1302739200000)\/","Begin":"0800","Modified":"\/Date(1447070308660)\/","LegislativePeriodNumber":48,"PublicationStatus":"final","MeetingOrderText":"Sechste Sitzung","SortOrder":6,"Location":"N"},"SubjectsBusiness":{"results":[{"__metadata":{"id":"https://ws.parlament.ch/OData.svc/SubjectBusiness(BusinessNumber=20100064,IdSubject=25125L,Language='DE')","uri":"https://ws.parlament.ch/OData.svc/SubjectBusiness(BusinessNumber=20100064,IdSubject=25125L,Language='DE')","type":"itsystems.Pd.DataServices.DataModel.SubjectBusiness"},"Subjects":{"__deferred":{"uri":"https://ws.parlament.ch/OData.svc/SubjectBusiness(BusinessNumber=20100064,IdSubject=25125L,Language='DE')/Subjects"}},"Businesses":{"__deferred":{"uri":"https://ws.parlament.ch/OData.svc/SubjectBusiness(BusinessNumber=20100064,IdSubject=25125L,Language='DE')/Businesses"}},"IdSubject":"25125","BusinessNumber":20100064,"Language":"DE","BusinessShortNumber":"10.064","Title":"Finanzielle Mittel f\u00fcr die Landwirtschaft in den Jahren 2012 und 2013","SortOrder":1,"PublishedNotes":"Differenzen - Divergences\n","Modified":"\/Date(1447069447536)\/","TitleDE":"Finanzielle Mittel\nf\u00fcr die Landwirtschaft\nin den Jahren 2012/13","TitleFR":"Moyens financiers\ndestin\u00e9s \u00e0 l'agriculture\npour les ann\u00e9es 2012/13","TitleIT":null}]},"Transcripts":{"results":[{"__metadata":{"id":"https://ws.parlament.ch/OData.svc/Transcript(ID=148130L,Language='DE')","uri":"https://ws.parlament.ch/OData.svc/Transcript(ID=148130L,Language='DE')","type":"itsystems.Pd.DataServices.DataModel.Transcript"},"Subjects":{"__deferred":{"uri":"https://ws.parlament.ch/OData.svc/Transcript(ID=148130L,Language='DE')/Subjects"}},"MembersCouncil":{"__deferred":{"uri":"https://ws.parlament.ch/OData.svc/Transcript(ID=148130L,Language='DE')/MembersCouncil"}},"Businesses":{"__deferred":{"uri":"https://ws.parlament.ch/OData.svc/Transcript(ID=148130L,Language='DE')/Businesses"}},"ID":"148130","Language":"DE","IdSubject":"25125","VoteId":null,"PersonNumber":1117,"Type":1,"Text":"<pd_text><p><i>Angenommen - Adopt\u00e9</i></p>\n</pd_text>","MeetingCouncilAbbreviation":"N","MeetingDate":"20110414","MeetingVerbalixOid":2062,"IdSession":"4818","SpeakerFirstName":"Jean-Ren\u00e9","SpeakerLastName":"Germanier","SpeakerFullName":"Germanier Jean-Ren\u00e9","SpeakerFunction":"P-M","CouncilId":1,"CouncilName":"Nationalrat","CantonId":23,"CantonName":"Wallis","CantonAbbreviation":"VS","ParlGroupName":"Freisinnig-demokratische Fraktion","ParlGroupAbbreviation":"RL","SortOrder":5,"Start":"\/Date(1302769909733)\/","End":"\/Date(1302769980343)\/","Function":"P-M","DisplaySpeaker":false,"LanguageOfText":null,"Modified":"\/Date(1774877704818)\/","StartTimeWithTimezone":"\/Date(1302769909733+0120)\/","EndTimeWithTimezone":"\/Date(1302769980343+0120)\/","VoteBusinessNumber":null,"VoteBusinessShortNumber":null,"VoteBusinessTitle":null},{"__metadata":{"id":"https://ws.parlament.ch/OData.svc/Transcript(ID=148131L,Language='DE')","uri":"https://ws.parlament.ch/OData.svc/Transcript(ID=148131L,Language='DE')","type":"itsystems.Pd.DataServices.DataModel.Transcript"},"Subjects":{"__deferred":{"uri":"https://ws.parlament.ch/OData.svc/Transcript(ID=148131L,Language='DE')/Subjects"}},"MembersCouncil":{"__deferred":{"uri":"https://ws.parlament.ch/OData.svc/Transcript(ID=148131L,Language='DE')/MembersCouncil"}},"Businesses":{"__deferred":{"uri":"https://ws.parlament.ch/OData.svc/Transcript(ID=148131L,Language='DE')/Businesses"}},"ID":"148131","Language":"DE","IdSubject":"25125","VoteId":null,"PersonNumber":508,"Type":1,"Text":"<pd_text><p>Wir sind uns einig. Ich kann Ihnen meinerseits nur beliebt machen, sich dem St\u00e4nderat anzuschliessen und sich damit f\u00fcr eine gute L\u00f6sung zu entscheiden.</p>\n</pd_text>","MeetingCouncilAbbreviation":"N","MeetingDate":"20110414","MeetingVerbalixOid":2062,"IdSession":"4818","SpeakerFirstName":"Johann N.","SpeakerLastName":"Schneider-Ammann","SpeakerFullName":"Schneider-Ammann Johann N.","SpeakerFunction":"BR-M","CouncilId":99,"CouncilName":"Bundesrat","CantonId":2,"CantonName":"Bern","CantonAbbreviation":"BE","ParlGroupName":null,"ParlGroupAbbreviation":null,"SortOrder":4,"Start":"\/Date(1302769886451)\/","End":"\/Date(1302769909733)\/","Function":"BR-M","DisplaySpeaker":true,"LanguageOfText":"DE","Modified":"\/Date(1774877704815)\/","StartTimeWithTimezone":"\/Date(1302769886450+0120)\/","EndTimeWithTimezone":"\/Date(1302769909733+0120)\/","VoteBusinessNumber":null,"VoteBusinessShortNumber":null,"VoteBusinessTitle":null},{"__metadata":{"id":"https://ws.parlament.ch/OData.svc/Transcript(ID=148132L,Language='DE')","uri":"https://ws.parlament.ch/OData.svc/Transcript(ID=148132L,Language='DE')","type":"itsystems.Pd.DataServices.DataModel.Transcript"},"Subjects":{"__deferred":{"uri":"https://ws.parlament.ch/OData.svc/Transcript(ID=148132L,Language='DE')/Subjects"}},"MembersCouncil":{"__deferred":{"uri":"https://ws.parlament.ch/OData.svc/Transcript(ID=148132L,Language='DE')/MembersCouncil"}},"Businesses":{"__deferred":{"uri":"https://ws.parlament.ch/OData.svc/Transcript(ID=148132L,Language='DE')/Businesses"}},"ID":"148132","Language":"DE","IdSubject":"25125","VoteId":null,"PersonNumber":1119,"Type":1,"Text":"<pd_text><p>Nous sommes au stade des divergences sur les moyens financiers destin\u00e9s \u00e0 l'agriculture pour les ann\u00e9es 2012/13. Le rapporteur de langue allemande vous a donn\u00e9 les chiffres dans le d\u00e9tail. Il s'agit en fait d'une petite diff\u00e9rence de 8 millions de francs entre le montant adopt\u00e9 par le Conseil des Etats et celui que nous avions adopt\u00e9 dans ce conseil.</p>\n<p>Nous vous proposons, \u00e0 l'unanimit\u00e9, de nous rallier \u00e0 la d\u00e9cision du Conseil des Etats. L'enveloppe globale repr\u00e9sentera 6,85 milliards de francs.</p>\n<p>Je vous demande donc d'adopter la proposition de la commission.</p>\n</pd_text>","MeetingCouncilAbbreviation":"N","MeetingDate":"20110414","MeetingVerbalixOid":2062,"IdSession":"4818","SpeakerFirstName":"Jean-Fran\u00e7ois","SpeakerLastName":"Rime","SpeakerFullName":"Rime Jean-Fran\u00e7ois","SpeakerFunction":"Mit-M","CouncilId":1,"CouncilName":"Nationalrat","CantonId":10,"CantonName":"Freiburg","CantonAbbreviation":"FR","ParlGroupName":"Fraktion der Schweizerischen Volkspartei","ParlGroupAbbreviation":"V","SortOrder":3,"Start":"\/Date(1302769834480)\/","End":"\/Date(1302769886451)\/","Function":"*","DisplaySpeaker":true,"LanguageOfText":"FR","Modified":"\/Date(1774877704814)\/","StartTimeWithTimezone":"\/Date(1302769834480+0120)\/","EndTimeWithTimezone":"\/Date(1302769886450+0120)\/","VoteBusinessNumber":null,"VoteBusinessShortNumber":null,"VoteBusinessTitle":null},{"__metadata":{"id":"https://ws.parlament.ch/OData.svc/Transcript(ID=148133L,Language='DE')","uri":"https://ws.parlament.ch/OData.svc/Transcript(ID=148133L,Language='DE')","type":"itsystems.Pd.DataServices.DataModel.Transcript"},"Subjects":{"__deferred":{"uri":"https://ws.parlament.ch/OData.svc/Transcript(ID=148133L,Language='DE')/Subjects"}},"MembersCouncil":{"__deferred":{"uri":"https://ws.parlament.ch/OData.svc/Transcript(ID=148133L,Language='DE')/MembersCouncil"}},"Businesses":{"__deferred":{"uri":"https://ws.parlament.ch/OData.svc/Transcript(ID=148133L,Language='DE')/Businesses"}},"ID":"148133","Language":"DE","IdSubject":"25125","VoteId":null,"PersonNumber":1336,"Type":1,"Text":"<pd_text><p>Es geht um den Zahlungsrahmen f\u00fcr die Landwirtschaft f\u00fcr die Jahre 2012 und 2013. Wir sind hier in der Differenzbereinigung.</p>\n<p>Unser Rat hat als Erstrat den Zahlungsrahmen f\u00fcr die Landwirtschaft f\u00fcr die beiden Jahre 2012 und 2013 auf insgesamt 6,858 Milliarden Franken festgelegt. Er hat den Betrag gegen\u00fcber der Botschaft des Bundesrates um jenen aus dem inzwischen sistierten Konsolidierungsprogramm erh\u00f6ht, n\u00e4mlich um 130 Millionen Franken; Sie haben diesem Antrag damals zugestimmt. Der St\u00e4nderat als Zweitrat hat den [PAGE 740] Gesamtbetrag nun um 8 Millionen Franken gek\u00fcrzt. Der Grund f\u00fcr diese K\u00fcrzung um 8 Millionen - ich erinnere noch einmal: von einem Gesamtbetrag von 6,858 Milliarden - liegt darin, dass wir im Nationalrat vom Budget 2010 ausgegangen sind, w\u00e4hrend der St\u00e4nderat vom Konsolidierungsprogramm ausgegangen ist und den gesamten Betrag, der dort als K\u00fcrzung vorgesehen war, wieder dazugeschlagen hat. Dadurch ist eine beinahe schon hom\u00f6opathische Differenz von 8 Millionen Franken entstanden.</p>\n<p>Die WAK-NR beantragt Ihnen einstimmig, diese Differenz zu bereinigen, d. h., dem St\u00e4nderat zu folgen. Das w\u00fcrde Folgendes bedeuten: Der Gesamtbetrag f\u00fcr den Zahlungsrahmen f\u00fcr zwei Jahre w\u00fcrde sich auf 6,850 Milliarden Franken belaufen, also auf 8 Millionen weniger. Die Aufteilung w\u00e4re dann: 388 Millionen f\u00fcr Grundlagenverbesserung und Sozialmassnahmen, 837 Millionen f\u00fcr Produktion und Absatz und 5,625 Milliarden Franken f\u00fcr Direktzahlungen.</p>\n<p>Wir beantragen Ihnen einstimmig, dem St\u00e4nderat zu folgen.</p>\n</pd_text>","MeetingCouncilAbbreviation":"N","MeetingDate":"20110414","MeetingVerbalixOid":2062,"IdSession":"4818","SpeakerFirstName":"Markus","SpeakerLastName":"Zemp","SpeakerFullName":"Zemp Markus","SpeakerFunction":"Mit-M","CouncilId":1,"CouncilName":"Nationalrat","CantonId":19,"CantonName":"Aargau","CantonAbbreviation":"AG","ParlGroupName":"Fraktion CVP/EVP/glp","ParlGroupAbbreviation":"M-E","SortOrder":2,"Start":"\/Date(1302769691845)\/","End":"\/Date(1302769834480)\/","Function":"*","DisplaySpeaker":true,"LanguageOfText":"DE","Modified":"\/Date(1774877704812)\/","StartTimeWithTimezone":"\/Date(1302769691847+0120)\/","EndTimeWithTimezone":"\/Date(1302769834480+0120)\/","VoteBusinessNumber":null,"VoteBusinessShortNumber":null,"VoteBusinessTitle":null},{"__metadata":{"id":"https://ws.parlament.ch/OData.svc/Transcript(ID=148134L,Language='DE')","uri":"https://ws.parlament.ch/OData.svc/Transcript(ID=148134L,Language='DE')","type":"itsystems.Pd.DataServices.DataModel.Transcript"},"Subjects":{"__deferred":{"uri":"https://ws.parlament.ch/OData.svc/Transcript(ID=148134L,Language='DE')/Subjects"}},"MembersCouncil":{"__deferred":{"uri":"https://ws.parlament.ch/OData.svc/Transcript(ID=148134L,Language='DE')/MembersCouncil"}},"Businesses":{"__deferred":{"uri":"https://ws.parlament.ch/OData.svc/Transcript(ID=148134L,Language='DE')/Businesses"}},"ID":"148134","Language":"DE","IdSubject":"25125","VoteId":null,"PersonNumber":1117,"Type":1,"Text":"<pd_text><p><b>Bundesbeschluss \u00fcber die finanziellen Mittel f\u00fcr die Landwirtschaft in den Jahren 2012/13 </b></p>\n<p><b>Arr\u00eat\u00e9 f\u00e9d\u00e9ral sur les moyens financiers destin\u00e9s \u00e0 l'agriculture pour les ann\u00e9es 2012/13 </b></p>\n<p>[VS]</p>\n<p><b>Art. 1 Bst. b, c</b></p>\n<p><i>Antrag der Kommission</i></p>\n<p>Zustimmung zum Beschluss des St\u00e4nderates</p>\n<p>[VS]</p>\n<p><b>Art. 1 let. b, c</b></p>\n<p><i>Proposition de la commission</i></p>\n<p>Adh\u00e9rer \u00e0 la d\u00e9cision du Conseil des Etats</p>\n</pd_text>","MeetingCouncilAbbreviation":"N","MeetingDate":"20110414","MeetingVerbalixOid":2062,"IdSession":"4818","SpeakerFirstName":"Jean-Ren\u00e9","SpeakerLastName":"Germanier","SpeakerFullName":"Germanier Jean-Ren\u00e9","SpeakerFunction":"P-M","CouncilId":1,"CouncilName":"Nationalrat","CantonId":23,"CantonName":"Wallis","CantonAbbreviation":"VS","ParlGroupName":"Freisinnig-demokratische Fraktion","ParlGroupAbbreviation":"RL","SortOrder":1,"Start":"\/Date(1302769680557)\/","End":"\/Date(1302769691845)\/","Function":"P-M","DisplaySpeaker":false,"LanguageOfText":null,"Modified":"\/Date(1774877704811)\/","StartTimeWithTimezone":"\/Date(1302769680557+0120)\/","EndTimeWithTimezone":"\/Date(1302769691847+0120)\/","VoteBusinessNumber":null,"VoteBusinessShortNumber":null,"VoteBusinessTitle":null}]},"ID":"25125","Language":"DE","IdMeeting":"1636","VerbalixOid":352991,"SortOrder":3,"Modified":"\/Date(1774877704809)\/"}}