{"d":{"__metadata":{"id":"https://ws.parlament.ch/OData.svc/Subject(ID=25241L,Language='DE')","uri":"https://ws.parlament.ch/OData.svc/Subject(ID=25241L,Language='DE')","type":"itsystems.Pd.DataServices.DataModel.Subject"},"Meetings":{"__metadata":{"id":"https://ws.parlament.ch/OData.svc/Meeting(ID=1642L,Language='DE')","uri":"https://ws.parlament.ch/OData.svc/Meeting(ID=1642L,Language='DE')","type":"itsystems.Pd.DataServices.DataModel.Meeting"},"Sessions":{"__deferred":{"uri":"https://ws.parlament.ch/OData.svc/Meeting(ID=1642L,Language='DE')/Sessions"}},"Subjects":{"__deferred":{"uri":"https://ws.parlament.ch/OData.svc/Meeting(ID=1642L,Language='DE')/Subjects"}},"ID":"1642","Language":"DE","MeetingNumber":15,"IdSession":4904,"SessionNumber":4,"SessionName":"Sommersession 2012","Council":2,"CouncilName":"St\u00e4nderat","CouncilAbbreviation":"SR","Date":"\/Date(1339718400000)\/","Begin":"0820","Modified":"\/Date(1447070310693)\/","LegislativePeriodNumber":49,"PublicationStatus":"final","MeetingOrderText":"F\u00fcnfzehnte Sitzung","SortOrder":15,"Location":"S"},"SubjectsBusiness":{"results":[{"__metadata":{"id":"https://ws.parlament.ch/OData.svc/SubjectBusiness(BusinessNumber=20100018,IdSubject=25241L,Language='DE')","uri":"https://ws.parlament.ch/OData.svc/SubjectBusiness(BusinessNumber=20100018,IdSubject=25241L,Language='DE')","type":"itsystems.Pd.DataServices.DataModel.SubjectBusiness"},"Subjects":{"__deferred":{"uri":"https://ws.parlament.ch/OData.svc/SubjectBusiness(BusinessNumber=20100018,IdSubject=25241L,Language='DE')/Subjects"}},"Businesses":{"__deferred":{"uri":"https://ws.parlament.ch/OData.svc/SubjectBusiness(BusinessNumber=20100018,IdSubject=25241L,Language='DE')/Businesses"}},"IdSubject":"25241","BusinessNumber":20100018,"Language":"DE","BusinessShortNumber":"10.018","Title":"Raum f\u00fcr Mensch und Natur (Landschaftsinitiative). Volksinitiative","SortOrder":1,"PublishedNotes":"Schlussabstimmung - Vote final\n","Modified":"\/Date(1447069446276)\/","TitleDE":"Raum f\u00fcr Mensch und Natur\n(Landschafts-Initiative).\nVolksinitiative","TitleFR":"De l'espace pour l'homme et la nature\n(Initiative pour le paysage).\nInitiative populaire","TitleIT":null}]},"Transcripts":{"results":[{"__metadata":{"id":"https://ws.parlament.ch/OData.svc/Transcript(ID=148677L,Language='DE')","uri":"https://ws.parlament.ch/OData.svc/Transcript(ID=148677L,Language='DE')","type":"itsystems.Pd.DataServices.DataModel.Transcript"},"Subjects":{"__deferred":{"uri":"https://ws.parlament.ch/OData.svc/Transcript(ID=148677L,Language='DE')/Subjects"}},"MembersCouncil":{"__deferred":{"uri":"https://ws.parlament.ch/OData.svc/Transcript(ID=148677L,Language='DE')/MembersCouncil"}},"Businesses":{"__deferred":{"uri":"https://ws.parlament.ch/OData.svc/Transcript(ID=148677L,Language='DE')/Businesses"}},"ID":"148677","Language":"DE","IdSubject":"25241","VoteId":null,"PersonNumber":1256,"Type":1,"Text":"<pd_text><p><b>Bundesbeschluss \u00fcber die Volksinitiative \"Raum f\u00fcr Mensch und Natur (Landschafts-Initiative)\" </b></p>\n<p><b>Arr\u00eat\u00e9 f\u00e9d\u00e9ral relatif \u00e0 l'initiative populaire \"De l'espace pour l'homme et la nature (Initiative pour le paysage)\" </b></p>\n<p>[VS]</p>\n<p><i>Abstimmung - Vote</i></p>\n<p>F\u00fcr Annahme des Entwurfes ... 21 Stimmen </p>\n<p>Dagegen ... 16 Stimmen </p>\n<p>(3 Enthaltungen)</p>\n</pd_text>","MeetingCouncilAbbreviation":"S","MeetingDate":"20120615","MeetingVerbalixOid":2216,"IdSession":"4904","SpeakerFirstName":"Hans","SpeakerLastName":"Altherr","SpeakerFullName":"Altherr Hans","SpeakerFunction":"P-M","CouncilId":2,"CouncilName":"St\u00e4nderat","CantonId":15,"CantonName":"Appenzell A.-Rh.","CantonAbbreviation":"AR","ParlGroupName":"FDP-Liberale Fraktion","ParlGroupAbbreviation":"RL","SortOrder":1,"Start":"\/Date(1339750107197)\/","End":"\/Date(1339750157327)\/","Function":"P-M","DisplaySpeaker":false,"LanguageOfText":null,"Modified":"\/Date(1638456071253)\/","StartTimeWithTimezone":"\/Date(1339750107197+0120)\/","EndTimeWithTimezone":"\/Date(1339750157327+0120)\/","VoteBusinessNumber":null,"VoteBusinessShortNumber":null,"VoteBusinessTitle":null}]},"ID":"25241","Language":"DE","IdMeeting":"1642","VerbalixOid":385658,"SortOrder":6,"Modified":"\/Date(1638456071253)\/"}}