{"d":{"__metadata":{"id":"https://ws.parlament.ch/OData.svc/Subject(ID=25246L,Language='DE')","uri":"https://ws.parlament.ch/OData.svc/Subject(ID=25246L,Language='DE')","type":"itsystems.Pd.DataServices.DataModel.Subject"},"Meetings":{"__metadata":{"id":"https://ws.parlament.ch/OData.svc/Meeting(ID=1642L,Language='DE')","uri":"https://ws.parlament.ch/OData.svc/Meeting(ID=1642L,Language='DE')","type":"itsystems.Pd.DataServices.DataModel.Meeting"},"Sessions":{"__deferred":{"uri":"https://ws.parlament.ch/OData.svc/Meeting(ID=1642L,Language='DE')/Sessions"}},"Subjects":{"__deferred":{"uri":"https://ws.parlament.ch/OData.svc/Meeting(ID=1642L,Language='DE')/Subjects"}},"ID":"1642","Language":"DE","MeetingNumber":15,"IdSession":4904,"SessionNumber":4,"SessionName":"Sommersession 2012","Council":2,"CouncilName":"St\u00e4nderat","CouncilAbbreviation":"SR","Date":"\/Date(1339718400000)\/","Begin":"0820","Modified":"\/Date(1447070310693)\/","LegislativePeriodNumber":49,"PublicationStatus":"final","MeetingOrderText":"F\u00fcnfzehnte Sitzung","SortOrder":15,"Location":"S"},"SubjectsBusiness":{"results":[{"__metadata":{"id":"https://ws.parlament.ch/OData.svc/SubjectBusiness(BusinessNumber=20110072,IdSubject=25246L,Language='DE')","uri":"https://ws.parlament.ch/OData.svc/SubjectBusiness(BusinessNumber=20110072,IdSubject=25246L,Language='DE')","type":"itsystems.Pd.DataServices.DataModel.SubjectBusiness"},"Subjects":{"__deferred":{"uri":"https://ws.parlament.ch/OData.svc/SubjectBusiness(BusinessNumber=20110072,IdSubject=25246L,Language='DE')/Subjects"}},"Businesses":{"__deferred":{"uri":"https://ws.parlament.ch/OData.svc/SubjectBusiness(BusinessNumber=20110072,IdSubject=25246L,Language='DE')/Businesses"}},"IdSubject":"25246","BusinessNumber":20110072,"Language":"DE","BusinessShortNumber":"11.072","Title":"Doppelbesteuerung. Abkommen mit Spanien","SortOrder":1,"PublishedNotes":"Schlussabstimmung - Vote final\n","Modified":"\/Date(1447069492716)\/","TitleDE":"Doppelbesteuerung.\nAbkommen mit Spanien","TitleFR":"Double imposition.\nConvention avec l'Espagne","TitleIT":null}]},"Transcripts":{"results":[{"__metadata":{"id":"https://ws.parlament.ch/OData.svc/Transcript(ID=148682L,Language='DE')","uri":"https://ws.parlament.ch/OData.svc/Transcript(ID=148682L,Language='DE')","type":"itsystems.Pd.DataServices.DataModel.Transcript"},"Subjects":{"__deferred":{"uri":"https://ws.parlament.ch/OData.svc/Transcript(ID=148682L,Language='DE')/Subjects"}},"MembersCouncil":{"__deferred":{"uri":"https://ws.parlament.ch/OData.svc/Transcript(ID=148682L,Language='DE')/MembersCouncil"}},"Businesses":{"__deferred":{"uri":"https://ws.parlament.ch/OData.svc/Transcript(ID=148682L,Language='DE')/Businesses"}},"ID":"148682","Language":"DE","IdSubject":"25246","VoteId":null,"PersonNumber":1256,"Type":1,"Text":"<pd_text><p><b>Bundesbeschluss \u00fcber die Genehmigung eines Protokolls zur \u00c4nderung des Doppelbesteuerungsabkommens zwischen der Schweiz und Spanien </b></p>\n<p><b>Arr\u00eat\u00e9 f\u00e9d\u00e9ral portant approbation d'un protocole modifiant la convention entre la Suisse et l'Espagne contre les doubles impositions </b></p>\n<p>[VS]</p>\n<p><i>Abstimmung - Vote</i></p>\n<p>F\u00fcr Annahme des Entwurfes ... 40 Stimmen</p>\n<p>(Einstimmigkeit)</p>\n<p>(1 Enthaltung)</p>\n</pd_text>","MeetingCouncilAbbreviation":"S","MeetingDate":"20120615","MeetingVerbalixOid":2216,"IdSession":"4904","SpeakerFirstName":"Hans","SpeakerLastName":"Altherr","SpeakerFullName":"Altherr Hans","SpeakerFunction":"P-M","CouncilId":2,"CouncilName":"St\u00e4nderat","CantonId":15,"CantonName":"Appenzell A.-Rh.","CantonAbbreviation":"AR","ParlGroupName":"FDP-Liberale Fraktion","ParlGroupAbbreviation":"RL","SortOrder":1,"Start":"\/Date(1339750502397)\/","End":"\/Date(1339750535520)\/","Function":"P-M","DisplaySpeaker":false,"LanguageOfText":null,"Modified":"\/Date(1638456071270)\/","StartTimeWithTimezone":"\/Date(1339750502397+0120)\/","EndTimeWithTimezone":"\/Date(1339750535520+0120)\/","VoteBusinessNumber":null,"VoteBusinessShortNumber":null,"VoteBusinessTitle":null}]},"ID":"25246","Language":"DE","IdMeeting":"1642","VerbalixOid":385723,"SortOrder":15,"Modified":"\/Date(1638456071270)\/"}}