{"d":{"__metadata":{"id":"https://ws.parlament.ch/OData.svc/Subject(ID=25250L,Language='DE')","uri":"https://ws.parlament.ch/OData.svc/Subject(ID=25250L,Language='DE')","type":"itsystems.Pd.DataServices.DataModel.Subject"},"Meetings":{"__metadata":{"id":"https://ws.parlament.ch/OData.svc/Meeting(ID=1642L,Language='DE')","uri":"https://ws.parlament.ch/OData.svc/Meeting(ID=1642L,Language='DE')","type":"itsystems.Pd.DataServices.DataModel.Meeting"},"Sessions":{"__deferred":{"uri":"https://ws.parlament.ch/OData.svc/Meeting(ID=1642L,Language='DE')/Sessions"}},"Subjects":{"__deferred":{"uri":"https://ws.parlament.ch/OData.svc/Meeting(ID=1642L,Language='DE')/Subjects"}},"ID":"1642","Language":"DE","MeetingNumber":15,"IdSession":4904,"SessionNumber":4,"SessionName":"Sommersession 2012","Council":2,"CouncilName":"St\u00e4nderat","CouncilAbbreviation":"SR","Date":"\/Date(1339718400000)\/","Begin":"0820","Modified":"\/Date(1447070310693)\/","LegislativePeriodNumber":49,"PublicationStatus":"final","MeetingOrderText":"F\u00fcnfzehnte Sitzung","SortOrder":15,"Location":"S"},"SubjectsBusiness":{"results":[{"__metadata":{"id":"https://ws.parlament.ch/OData.svc/SubjectBusiness(BusinessNumber=20120051,IdSubject=25250L,Language='DE')","uri":"https://ws.parlament.ch/OData.svc/SubjectBusiness(BusinessNumber=20120051,IdSubject=25250L,Language='DE')","type":"itsystems.Pd.DataServices.DataModel.SubjectBusiness"},"Subjects":{"__deferred":{"uri":"https://ws.parlament.ch/OData.svc/SubjectBusiness(BusinessNumber=20120051,IdSubject=25250L,Language='DE')/Subjects"}},"Businesses":{"__deferred":{"uri":"https://ws.parlament.ch/OData.svc/SubjectBusiness(BusinessNumber=20120051,IdSubject=25250L,Language='DE')/Businesses"}},"IdSubject":"25250","BusinessNumber":20120051,"Language":"DE","BusinessShortNumber":"12.051","Title":"Zusammenarbeit im Steuer- und Finanzmarktbereich. Abkommen mit \u00d6sterreich","SortOrder":1,"PublishedNotes":"Schlussabstimmung - Vote final\n","Modified":"\/Date(1447069534030)\/","TitleDE":"Zusammenarbeit\nim Steuer- und\nFinanzmarktbereich.\nAbkommen mit \u00d6sterreich","TitleFR":"Coop\u00e9ration\nen mati\u00e8re de fiscalit\u00e9\net de march\u00e9s financiers.\nAccord avec l'Autriche","TitleIT":null}]},"Transcripts":{"results":[{"__metadata":{"id":"https://ws.parlament.ch/OData.svc/Transcript(ID=148686L,Language='DE')","uri":"https://ws.parlament.ch/OData.svc/Transcript(ID=148686L,Language='DE')","type":"itsystems.Pd.DataServices.DataModel.Transcript"},"Subjects":{"__deferred":{"uri":"https://ws.parlament.ch/OData.svc/Transcript(ID=148686L,Language='DE')/Subjects"}},"MembersCouncil":{"__deferred":{"uri":"https://ws.parlament.ch/OData.svc/Transcript(ID=148686L,Language='DE')/MembersCouncil"}},"Businesses":{"__deferred":{"uri":"https://ws.parlament.ch/OData.svc/Transcript(ID=148686L,Language='DE')/Businesses"}},"ID":"148686","Language":"DE","IdSubject":"25250","VoteId":null,"PersonNumber":null,"Type":3,"Text":"<pd_text><p>[VS]</p>\n<p>[VS]</p>\n<p>[VS]</p>\n<p>[VS]</p>\n<p>[VS]</p>\n<p>[VS]</p>\n<p>[VS]</p>\n<p>[VS]</p>\n<p>[VS]</p>\n<p>[VS]</p>\n<p>[VS]</p>\n<p><b>Anfragen</b></p>\n<p>[VS]</p>\n<p><i>Anfragen nach Artikel 125 Absatz 5 des Parlamentsgesetzes werden im Rat nicht behandelt; sie sind mit der schriftlichen Antwort des Bundesrates erledigt. </i></p>\n<p>[VS]</p>\n<p>[VS]</p>\n<p><b>Questions</b></p>\n<p>[VS]</p>\n<p><i>Les questions au sens de l'article 125 alin\u00e9a 5 de la loi sur le Parlement ne sont pas trait\u00e9es au conseil; elles sont r\u00e9put\u00e9es liquid\u00e9es lorsque le Conseil f\u00e9d\u00e9ral y a r\u00e9pondu par \u00e9crit. </i></p>\n</pd_text>","MeetingCouncilAbbreviation":"S","MeetingDate":"20120615","MeetingVerbalixOid":2216,"IdSession":"4904","SpeakerFirstName":null,"SpeakerLastName":null,"SpeakerFullName":"","SpeakerFunction":null,"CouncilId":null,"CouncilName":null,"CantonId":null,"CantonName":null,"CantonAbbreviation":null,"ParlGroupName":null,"ParlGroupAbbreviation":null,"SortOrder":2,"Start":"\/Date(1339750840113)\/","End":"\/Date(1339751140113)\/","Function":null,"DisplaySpeaker":null,"LanguageOfText":"DE","Modified":"\/Date(1638456071283)\/","StartTimeWithTimezone":"\/Date(1339750840113+0120)\/","EndTimeWithTimezone":"\/Date(1339751140113+0120)\/","VoteBusinessNumber":null,"VoteBusinessShortNumber":null,"VoteBusinessTitle":null},{"__metadata":{"id":"https://ws.parlament.ch/OData.svc/Transcript(ID=148687L,Language='DE')","uri":"https://ws.parlament.ch/OData.svc/Transcript(ID=148687L,Language='DE')","type":"itsystems.Pd.DataServices.DataModel.Transcript"},"Subjects":{"__deferred":{"uri":"https://ws.parlament.ch/OData.svc/Transcript(ID=148687L,Language='DE')/Subjects"}},"MembersCouncil":{"__deferred":{"uri":"https://ws.parlament.ch/OData.svc/Transcript(ID=148687L,Language='DE')/MembersCouncil"}},"Businesses":{"__deferred":{"uri":"https://ws.parlament.ch/OData.svc/Transcript(ID=148687L,Language='DE')/Businesses"}},"ID":"148687","Language":"DE","IdSubject":"25250","VoteId":null,"PersonNumber":1256,"Type":1,"Text":"<pd_text><p><b>Bundesbeschluss \u00fcber die Genehmigung des Abkommens zwischen der Schweiz und \u00d6sterreich \u00fcber die Zusammenarbeit in den Bereichen Steuern und Finanzmarkt </b></p>\n<p><b>Arr\u00eat\u00e9 f\u00e9d\u00e9ral portant approbation de l'accord entre la Suisse et l'Autriche concernant la coop\u00e9ration en mati\u00e8re de fiscalit\u00e9 et de march\u00e9s financiers </b></p>\n<p>[VS]</p>\n<p><i>Abstimmung - Vote</i></p>\n<p>F\u00fcr Annahme des Entwurfes ... 37 Stimmen </p>\n<p>Dagegen ... 3 Stimmen </p>\n<p>(0 Enthaltungen)</p>\n<p>[VS]</p>\n<p>[VS]</p>\n<p><b>Pr\u00e4sident </b>(Altherr Hans, Pr\u00e4sident): Damit schliesse ich die Sitzung und die Session und w\u00fcnsche Ihnen eine gute Heimkehr und einen sch\u00f6nen Sommer! </p>\n<p>[VS]</p>\n<p>[VS]</p>\n<p>[VS]</p>\n<p><i>Schluss der Sitzung und der Session um 09.00 Uhr</i></p>\n<p><i>Fin de la s\u00e9ance et de la session \u00e0 09 h 00</i></p>\n<p>[VS]</p>\n<p>[VS]</p>\n<p>[PAGE 644] </p>\n</pd_text>","MeetingCouncilAbbreviation":"S","MeetingDate":"20120615","MeetingVerbalixOid":2216,"IdSession":"4904","SpeakerFirstName":"Hans","SpeakerLastName":"Altherr","SpeakerFullName":"Altherr Hans","SpeakerFunction":"P-M","CouncilId":2,"CouncilName":"St\u00e4nderat","CantonId":15,"CantonName":"Appenzell A.-Rh.","CantonAbbreviation":"AR","ParlGroupName":"FDP-Liberale Fraktion","ParlGroupAbbreviation":"RL","SortOrder":1,"Start":"\/Date(1339750802547)\/","End":"\/Date(1339750840113)\/","Function":"P-M","DisplaySpeaker":false,"LanguageOfText":null,"Modified":"\/Date(1638456071283)\/","StartTimeWithTimezone":"\/Date(1339750802547+0120)\/","EndTimeWithTimezone":"\/Date(1339750840113+0120)\/","VoteBusinessNumber":null,"VoteBusinessShortNumber":null,"VoteBusinessTitle":null}]},"ID":"25250","Language":"DE","IdMeeting":"1642","VerbalixOid":385762,"SortOrder":22,"Modified":"\/Date(1638456071283)\/"}}