{"d":{"__metadata":{"id":"https://ws.parlament.ch/OData.svc/Subject(ID=25257L,Language='DE')","uri":"https://ws.parlament.ch/OData.svc/Subject(ID=25257L,Language='DE')","type":"itsystems.Pd.DataServices.DataModel.Subject"},"Meetings":{"__metadata":{"id":"https://ws.parlament.ch/OData.svc/Meeting(ID=1642L,Language='DE')","uri":"https://ws.parlament.ch/OData.svc/Meeting(ID=1642L,Language='DE')","type":"itsystems.Pd.DataServices.DataModel.Meeting"},"Sessions":{"__deferred":{"uri":"https://ws.parlament.ch/OData.svc/Meeting(ID=1642L,Language='DE')/Sessions"}},"Subjects":{"__deferred":{"uri":"https://ws.parlament.ch/OData.svc/Meeting(ID=1642L,Language='DE')/Subjects"}},"ID":"1642","Language":"DE","MeetingNumber":15,"IdSession":4904,"SessionNumber":4,"SessionName":"Sommersession 2012","Council":2,"CouncilName":"St\u00e4nderat","CouncilAbbreviation":"SR","Date":"\/Date(1339718400000)\/","Begin":"0820","Modified":"\/Date(1447070310693)\/","LegislativePeriodNumber":49,"PublicationStatus":"final","MeetingOrderText":"F\u00fcnfzehnte Sitzung","SortOrder":15,"Location":"S"},"SubjectsBusiness":{"results":[{"__metadata":{"id":"https://ws.parlament.ch/OData.svc/SubjectBusiness(BusinessNumber=20120008,IdSubject=25257L,Language='DE')","uri":"https://ws.parlament.ch/OData.svc/SubjectBusiness(BusinessNumber=20120008,IdSubject=25257L,Language='DE')","type":"itsystems.Pd.DataServices.DataModel.SubjectBusiness"},"Subjects":{"__deferred":{"uri":"https://ws.parlament.ch/OData.svc/SubjectBusiness(BusinessNumber=20120008,IdSubject=25257L,Language='DE')/Subjects"}},"Businesses":{"__deferred":{"uri":"https://ws.parlament.ch/OData.svc/SubjectBusiness(BusinessNumber=20120008,IdSubject=25257L,Language='DE')/Businesses"}},"IdSubject":"25257","BusinessNumber":20120008,"Language":"DE","BusinessShortNumber":"12.008","Title":"Legislaturplanung 2011 - 2015","SortOrder":1,"PublishedNotes":"Differenzen - Divergences\n","Modified":"\/Date(1447069532740)\/","TitleDE":"Legislaturplanung 2011-2015","TitleFR":"Programme de la l\u00e9gislature 2011-2015","TitleIT":null}]},"Transcripts":{"results":[{"__metadata":{"id":"https://ws.parlament.ch/OData.svc/Transcript(ID=148695L,Language='DE')","uri":"https://ws.parlament.ch/OData.svc/Transcript(ID=148695L,Language='DE')","type":"itsystems.Pd.DataServices.DataModel.Transcript"},"Subjects":{"__deferred":{"uri":"https://ws.parlament.ch/OData.svc/Transcript(ID=148695L,Language='DE')/Subjects"}},"MembersCouncil":{"__deferred":{"uri":"https://ws.parlament.ch/OData.svc/Transcript(ID=148695L,Language='DE')/MembersCouncil"}},"Businesses":{"__deferred":{"uri":"https://ws.parlament.ch/OData.svc/Transcript(ID=148695L,Language='DE')/Businesses"}},"ID":"148695","Language":"DE","IdSubject":"25257","VoteId":null,"PersonNumber":1256,"Type":1,"Text":"<pd_text><p><i>Abstimmung - Vote</i></p>\n<p>F\u00fcr den Antrag des Bundesrates ... 26 Stimmen </p>\n<p>F\u00fcr den Antrag der Einigungskonferenz ... 14 Stimmen </p>\n<p>[VS]</p>\n<p><i>\u00dcbrige Bestimmungen angenommen</i></p>\n<p><i>Les autres dispositions sont adopt\u00e9es</i></p>\n<p>[VS]</p>\n<p><b>Art. 27 Ziff. 89bis </b></p>\n<p><i>Antrag der Einigungskonferenz </i></p>\n<p>Zustimmung zum Beschluss des St\u00e4nderates </p>\n<p>[VS]</p>\n<p><b>Art. 27 ch. 89bis </b></p>\n<p><i>Proposition de la Conf\u00e9rence de conciliation </i></p>\n<p>Adh\u00e9rer \u00e0 la d\u00e9cision du Conseil des Etats </p>\n<p>[VS]</p>\n<p><i>Angenommen - Adopt\u00e9</i></p>\n</pd_text>","MeetingCouncilAbbreviation":"S","MeetingDate":"20120615","MeetingVerbalixOid":2216,"IdSession":"4904","SpeakerFirstName":"Hans","SpeakerLastName":"Altherr","SpeakerFullName":"Altherr Hans","SpeakerFunction":"P-M","CouncilId":2,"CouncilName":"St\u00e4nderat","CantonId":15,"CantonName":"Appenzell A.-Rh.","CantonAbbreviation":"AR","ParlGroupName":"FDP-Liberale Fraktion","ParlGroupAbbreviation":"RL","SortOrder":20,"Start":"\/Date(1339749546930)\/","End":"\/Date(1339749626063)\/","Function":"P-M","DisplaySpeaker":false,"LanguageOfText":null,"Modified":"\/Date(1638456071237)\/","StartTimeWithTimezone":"\/Date(1339749546930+0120)\/","EndTimeWithTimezone":"\/Date(1339749626063+0120)\/","VoteBusinessNumber":null,"VoteBusinessShortNumber":null,"VoteBusinessTitle":null},{"__metadata":{"id":"https://ws.parlament.ch/OData.svc/Transcript(ID=148696L,Language='DE')","uri":"https://ws.parlament.ch/OData.svc/Transcript(ID=148696L,Language='DE')","type":"itsystems.Pd.DataServices.DataModel.Transcript"},"Subjects":{"__deferred":{"uri":"https://ws.parlament.ch/OData.svc/Transcript(ID=148696L,Language='DE')/Subjects"}},"MembersCouncil":{"__deferred":{"uri":"https://ws.parlament.ch/OData.svc/Transcript(ID=148696L,Language='DE')/MembersCouncil"}},"Businesses":{"__deferred":{"uri":"https://ws.parlament.ch/OData.svc/Transcript(ID=148696L,Language='DE')/Businesses"}},"ID":"148696","Language":"DE","IdSubject":"25257","VoteId":null,"PersonNumber":1267,"Type":1,"Text":"<pd_text><p>Ich kann nur auf meine Aussagen zum vorherigen Artikel verweisen. </p>\n</pd_text>","MeetingCouncilAbbreviation":"S","MeetingDate":"20120615","MeetingVerbalixOid":2216,"IdSession":"4904","SpeakerFirstName":"Hans","SpeakerLastName":"St\u00f6ckli","SpeakerFullName":"St\u00f6ckli Hans","SpeakerFunction":"Mit-M","CouncilId":2,"CouncilName":"St\u00e4nderat","CantonId":2,"CantonName":"Bern","CantonAbbreviation":"BE","ParlGroupName":"Sozialdemokratische Fraktion","ParlGroupAbbreviation":"S","SortOrder":19,"Start":"\/Date(1339749537243)\/","End":"\/Date(1339749546930)\/","Function":"*","DisplaySpeaker":true,"LanguageOfText":"DE","Modified":"\/Date(1638456071237)\/","StartTimeWithTimezone":"\/Date(1339749537243+0120)\/","EndTimeWithTimezone":"\/Date(1339749546930+0120)\/","VoteBusinessNumber":null,"VoteBusinessShortNumber":null,"VoteBusinessTitle":null},{"__metadata":{"id":"https://ws.parlament.ch/OData.svc/Transcript(ID=148697L,Language='DE')","uri":"https://ws.parlament.ch/OData.svc/Transcript(ID=148697L,Language='DE')","type":"itsystems.Pd.DataServices.DataModel.Transcript"},"Subjects":{"__deferred":{"uri":"https://ws.parlament.ch/OData.svc/Transcript(ID=148697L,Language='DE')/Subjects"}},"MembersCouncil":{"__deferred":{"uri":"https://ws.parlament.ch/OData.svc/Transcript(ID=148697L,Language='DE')/MembersCouncil"}},"Businesses":{"__deferred":{"uri":"https://ws.parlament.ch/OData.svc/Transcript(ID=148697L,Language='DE')/Businesses"}},"ID":"148697","Language":"DE","IdSubject":"25257","VoteId":null,"PersonNumber":1256,"Type":1,"Text":"<pd_text><p><i>Abstimmung - Vote</i></p>\n<p>F\u00fcr den Antrag des Bundesrates ... 25 Stimmen </p>\n<p>F\u00fcr den Antrag der Einigungskonferenz ... 15 Stimmen </p>\n<p>[VS]</p>\n<p><i>\u00dcbrige Bestimmungen angenommen</i></p>\n<p><i>Les autres dispositions sont adopt\u00e9es</i></p>\n<p>[VS]</p>\n<p><b>Art. 20 Ziff. 65bis; Art. 20a </b></p>\n<p><i>Antrag der Einigungskonferenz </i></p>\n<p>Zustimmung zum Beschluss des St\u00e4nderates </p>\n<p>[VS]</p>\n<p><b>Art. 20 ch. 65bis; art. 20a </b></p>\n<p><i>Proposition de la Conf\u00e9rence de conciliation </i></p>\n<p>Adh\u00e9rer \u00e0 la d\u00e9cision du Conseil des Etats </p>\n<p>[VS]</p>\n<p><i>Angenommen - Adopt\u00e9</i></p>\n<p>[VS]</p>\n<p><b>Art. 26 </b></p>\n<p><i>Antrag der Einigungskonferenz </i></p>\n<p><i>Ziff. 88bis </i></p>\n<p>Zustimmung zum Beschluss des Nationalrates </p>\n<p><i>Ziff. 88ter, 88quater </i></p>\n<p>Zustimmung zum Beschluss des St\u00e4nderates </p>\n<p>[VS]</p>\n<p><b>Art. 26 </b></p>\n<p><i>Proposition de la Conf\u00e9rence de conciliation </i></p>\n<p><i>Ch. 88bis </i></p>\n<p>Adh\u00e9rer \u00e0 la d\u00e9cision du Conseil national </p>\n<p><i>Ch. 88ter, 88quater </i></p>\n<p>Adh\u00e9rer \u00e0 la d\u00e9cision du Conseil des Etats </p>\n<p>[VS]</p>\n<p><i>Ziff. 88bis - Ch. 88bis</i></p>\n<p>[VS]</p>\n<p><b>Pr\u00e4sident </b>(Altherr Hans, Pr\u00e4sident): Der Bundesrat lehnt den Antrag der Einigungskonferenz zu Artikel 26 Ziffer 88bis ab.</p>\n</pd_text>","MeetingCouncilAbbreviation":"S","MeetingDate":"20120615","MeetingVerbalixOid":2216,"IdSession":"4904","SpeakerFirstName":"Hans","SpeakerLastName":"Altherr","SpeakerFullName":"Altherr Hans","SpeakerFunction":"P-M","CouncilId":2,"CouncilName":"St\u00e4nderat","CantonId":15,"CantonName":"Appenzell A.-Rh.","CantonAbbreviation":"AR","ParlGroupName":"FDP-Liberale Fraktion","ParlGroupAbbreviation":"RL","SortOrder":18,"Start":"\/Date(1339749463897)\/","End":"\/Date(1339749537243)\/","Function":"P-M","DisplaySpeaker":false,"LanguageOfText":null,"Modified":"\/Date(1638456071237)\/","StartTimeWithTimezone":"\/Date(1339749463897+0120)\/","EndTimeWithTimezone":"\/Date(1339749537243+0120)\/","VoteBusinessNumber":null,"VoteBusinessShortNumber":null,"VoteBusinessTitle":null},{"__metadata":{"id":"https://ws.parlament.ch/OData.svc/Transcript(ID=148698L,Language='DE')","uri":"https://ws.parlament.ch/OData.svc/Transcript(ID=148698L,Language='DE')","type":"itsystems.Pd.DataServices.DataModel.Transcript"},"Subjects":{"__deferred":{"uri":"https://ws.parlament.ch/OData.svc/Transcript(ID=148698L,Language='DE')/Subjects"}},"MembersCouncil":{"__deferred":{"uri":"https://ws.parlament.ch/OData.svc/Transcript(ID=148698L,Language='DE')/MembersCouncil"}},"Businesses":{"__deferred":{"uri":"https://ws.parlament.ch/OData.svc/Transcript(ID=148698L,Language='DE')/Businesses"}},"ID":"148698","Language":"DE","IdSubject":"25257","VoteId":null,"PersonNumber":3934,"Type":1,"Text":"<pd_text><p>Der Bundesrat ist sowohl bei Artikel 19 Ziffer 53bis als auch bei Artikel 26 Ziffer 88bis mit den Antr\u00e4gen der Einigungskonferenz nicht einverstanden; ich werde mich zu Artikel 26 Ziffer 88bis dann nicht mehr \u00e4ussern. </p>\n<p>Die Argumente sind grunds\u00e4tzlicher Natur: Es geht hier um kantonale Kompetenzen. Es ist wichtig und richtig, dass man sich daran h\u00e4lt. Wir haben in unserem f\u00f6deralistischen Aufbau klare Zuordnungen. </p>\n<p>Wir m\u00f6chten darum beim Entwurf des Bundesrates bleiben.</p>\n</pd_text>","MeetingCouncilAbbreviation":"S","MeetingDate":"20120615","MeetingVerbalixOid":2216,"IdSession":"4904","SpeakerFirstName":"Eveline","SpeakerLastName":"Widmer-Schlumpf","SpeakerFullName":"Widmer-Schlumpf Eveline","SpeakerFunction":"BPR-F","CouncilId":99,"CouncilName":"Bundesrat","CantonId":18,"CantonName":"Graub\u00fcnden","CantonAbbreviation":"GR","ParlGroupName":null,"ParlGroupAbbreviation":null,"SortOrder":17,"Start":"\/Date(1339749425137)\/","End":"\/Date(1339749463897)\/","Function":"BPR-F","DisplaySpeaker":true,"LanguageOfText":"DE","Modified":"\/Date(1638456071223)\/","StartTimeWithTimezone":"\/Date(1339749425137+0120)\/","EndTimeWithTimezone":"\/Date(1339749463897+0120)\/","VoteBusinessNumber":null,"VoteBusinessShortNumber":null,"VoteBusinessTitle":null},{"__metadata":{"id":"https://ws.parlament.ch/OData.svc/Transcript(ID=148699L,Language='DE')","uri":"https://ws.parlament.ch/OData.svc/Transcript(ID=148699L,Language='DE')","type":"itsystems.Pd.DataServices.DataModel.Transcript"},"Subjects":{"__deferred":{"uri":"https://ws.parlament.ch/OData.svc/Transcript(ID=148699L,Language='DE')/Subjects"}},"MembersCouncil":{"__deferred":{"uri":"https://ws.parlament.ch/OData.svc/Transcript(ID=148699L,Language='DE')/MembersCouncil"}},"Businesses":{"__deferred":{"uri":"https://ws.parlament.ch/OData.svc/Transcript(ID=148699L,Language='DE')/Businesses"}},"ID":"148699","Language":"DE","IdSubject":"25257","VoteId":null,"PersonNumber":1267,"Type":1,"Text":"<pd_text><p>Hier geht es um eine Massnahme zur F\u00f6rderung der Mint-F\u00e4cher. Im St\u00e4nderat wurde \u00fcber diese Streichung gar nicht abgestimmt, da die vorberatende Kommission einstimmig, mit 9 zu 0 Stimmen, f\u00fcr die Streichung war. Mit 11 zu 11 Stimmen mit Stichentscheid der Pr\u00e4sidentin folgt die Einigungskonferenz dem Nationalrat. Es wurde kein Minderheitsantrag gestellt, aber der Bundesrat, wie wir geh\u00f6rt haben, wendet sich gegen den Antrag der Einigungskonferenz. Im Nationalrat hingegen wurde diese Massnahme mit 168 zu 7 Stimmen best\u00e4tigt.</p>\n</pd_text>","MeetingCouncilAbbreviation":"S","MeetingDate":"20120615","MeetingVerbalixOid":2216,"IdSession":"4904","SpeakerFirstName":"Hans","SpeakerLastName":"St\u00f6ckli","SpeakerFullName":"St\u00f6ckli Hans","SpeakerFunction":"Mit-M","CouncilId":2,"CouncilName":"St\u00e4nderat","CantonId":2,"CantonName":"Bern","CantonAbbreviation":"BE","ParlGroupName":"Sozialdemokratische Fraktion","ParlGroupAbbreviation":"S","SortOrder":16,"Start":"\/Date(1339749381813)\/","End":"\/Date(1339749425137)\/","Function":"*","DisplaySpeaker":true,"LanguageOfText":"DE","Modified":"\/Date(1638456071223)\/","StartTimeWithTimezone":"\/Date(1339749381813+0120)\/","EndTimeWithTimezone":"\/Date(1339749425137+0120)\/","VoteBusinessNumber":null,"VoteBusinessShortNumber":null,"VoteBusinessTitle":null},{"__metadata":{"id":"https://ws.parlament.ch/OData.svc/Transcript(ID=148700L,Language='DE')","uri":"https://ws.parlament.ch/OData.svc/Transcript(ID=148700L,Language='DE')","type":"itsystems.Pd.DataServices.DataModel.Transcript"},"Subjects":{"__deferred":{"uri":"https://ws.parlament.ch/OData.svc/Transcript(ID=148700L,Language='DE')/Subjects"}},"MembersCouncil":{"__deferred":{"uri":"https://ws.parlament.ch/OData.svc/Transcript(ID=148700L,Language='DE')/MembersCouncil"}},"Businesses":{"__deferred":{"uri":"https://ws.parlament.ch/OData.svc/Transcript(ID=148700L,Language='DE')/Businesses"}},"ID":"148700","Language":"DE","IdSubject":"25257","VoteId":null,"PersonNumber":3934,"Type":1,"Text":"<pd_text><p>Der Bundesrat schliesst sich nicht an. </p>\n</pd_text>","MeetingCouncilAbbreviation":"S","MeetingDate":"20120615","MeetingVerbalixOid":2216,"IdSession":"4904","SpeakerFirstName":"Eveline","SpeakerLastName":"Widmer-Schlumpf","SpeakerFullName":"Widmer-Schlumpf Eveline","SpeakerFunction":"BPR-F","CouncilId":99,"CouncilName":"Bundesrat","CantonId":18,"CantonName":"Graub\u00fcnden","CantonAbbreviation":"GR","ParlGroupName":null,"ParlGroupAbbreviation":null,"SortOrder":15,"Start":"\/Date(1339749370350)\/","End":"\/Date(1339749381813)\/","Function":"BPR-F","DisplaySpeaker":true,"LanguageOfText":"DE","Modified":"\/Date(1638456071223)\/","StartTimeWithTimezone":"\/Date(1339749370350+0120)\/","EndTimeWithTimezone":"\/Date(1339749381813+0120)\/","VoteBusinessNumber":null,"VoteBusinessShortNumber":null,"VoteBusinessTitle":null},{"__metadata":{"id":"https://ws.parlament.ch/OData.svc/Transcript(ID=148701L,Language='DE')","uri":"https://ws.parlament.ch/OData.svc/Transcript(ID=148701L,Language='DE')","type":"itsystems.Pd.DataServices.DataModel.Transcript"},"Subjects":{"__deferred":{"uri":"https://ws.parlament.ch/OData.svc/Transcript(ID=148701L,Language='DE')/Subjects"}},"MembersCouncil":{"__deferred":{"uri":"https://ws.parlament.ch/OData.svc/Transcript(ID=148701L,Language='DE')/MembersCouncil"}},"Businesses":{"__deferred":{"uri":"https://ws.parlament.ch/OData.svc/Transcript(ID=148701L,Language='DE')/Businesses"}},"ID":"148701","Language":"DE","IdSubject":"25257","VoteId":null,"PersonNumber":1256,"Type":1,"Text":"<pd_text><p><i>Ziff. 30bis - Ch. 30bis</i></p>\n<p>[VS]</p>\n<p><i>Abstimmung - Vote</i></p>\n<p>F\u00fcr den Antrag der Minderheit ... 24 Stimmen</p>\n<p>F\u00fcr den Antrag der Mehrheit ... 16 Stimmen</p>\n<p>[VS]</p>\n<p><i>Ziff. 30ter  - Ch. 30ter</i></p>\n<p>[VS]</p>\n<p><i>Abstimmung - Vote</i></p>\n<p>F\u00fcr den Antrag der Minderheit ... 23 Stimmen</p>\n<p>F\u00fcr den Antrag der Mehrheit ... 16 Stimmen</p>\n<p>[VS]</p>\n<p><b>Art. 12 Ziff. 32bis; 13 Ziff. 35bis; 14 Ziff. 40; 16 Ziff. 46bis</b></p>\n<p><i>Antrag der Einigungskonferenz </i></p>\n<p>Zustimmung zum Beschluss des St\u00e4nderates </p>\n<p>[VS]</p>\n<p><b>Art. 12 ch. 32bis; 13 ch. 35bis; 14 ch. 40; 16 ch. 46bis </b></p>\n<p><i>Proposition de la Conf\u00e9rence de conciliation </i></p>\n<p>Adh\u00e9rer \u00e0 la d\u00e9cision du Conseil des Etats </p>\n<p>[VS]</p>\n<p><i>Angenommen - Adopt\u00e9</i></p>\n<p>[VS]</p>\n<p><b>Art. 19 </b></p>\n<p><i>Antrag der Einigungskonferenz </i></p>\n<p><i>Ziff. 53bis </i></p>\n<p>Zustimmung zum Beschluss des Nationalrates [PAGE 636] </p>\n<p><i>Ziff. 54bis, 61ter </i></p>\n<p>Zustimmung zum Beschluss des St\u00e4nderates </p>\n<p>[VS]</p>\n<p><b>Art. 19 </b></p>\n<p><i>Proposition de la Conf\u00e9rence de conciliation </i></p>\n<p><i>Ch. 53bis </i></p>\n<p>Adh\u00e9rer \u00e0 la d\u00e9cision du Conseil national </p>\n<p><i>Ch. 54bis, 61ter </i></p>\n<p>Adh\u00e9rer \u00e0 la d\u00e9cision du Conseil des Etats </p>\n<p>[VS]</p>\n<p><i>Ziff. 53bis - Ch. 53bis</i></p>\n<p>[VS]</p>\n<p><b>Pr\u00e4sident </b>(Altherr Hans, Pr\u00e4sident): Schliesst sich der Bundesrat dem Antrag der Einigungskonferenz zu Artikel 19 Ziffer 53bis an?</p>\n</pd_text>","MeetingCouncilAbbreviation":"S","MeetingDate":"20120615","MeetingVerbalixOid":2216,"IdSession":"4904","SpeakerFirstName":"Hans","SpeakerLastName":"Altherr","SpeakerFullName":"Altherr Hans","SpeakerFunction":"P-M","CouncilId":2,"CouncilName":"St\u00e4nderat","CantonId":15,"CantonName":"Appenzell A.-Rh.","CantonAbbreviation":"AR","ParlGroupName":"FDP-Liberale Fraktion","ParlGroupAbbreviation":"RL","SortOrder":14,"Start":"\/Date(1339749233190)\/","End":"\/Date(1339749370350)\/","Function":"P-M","DisplaySpeaker":false,"LanguageOfText":null,"Modified":"\/Date(1638456071223)\/","StartTimeWithTimezone":"\/Date(1339749233190+0120)\/","EndTimeWithTimezone":"\/Date(1339749370350+0120)\/","VoteBusinessNumber":null,"VoteBusinessShortNumber":null,"VoteBusinessTitle":null},{"__metadata":{"id":"https://ws.parlament.ch/OData.svc/Transcript(ID=148702L,Language='DE')","uri":"https://ws.parlament.ch/OData.svc/Transcript(ID=148702L,Language='DE')","type":"itsystems.Pd.DataServices.DataModel.Transcript"},"Subjects":{"__deferred":{"uri":"https://ws.parlament.ch/OData.svc/Transcript(ID=148702L,Language='DE')/Subjects"}},"MembersCouncil":{"__deferred":{"uri":"https://ws.parlament.ch/OData.svc/Transcript(ID=148702L,Language='DE')/MembersCouncil"}},"Businesses":{"__deferred":{"uri":"https://ws.parlament.ch/OData.svc/Transcript(ID=148702L,Language='DE')/Businesses"}},"ID":"148702","Language":"DE","IdSubject":"25257","VoteId":null,"PersonNumber":3934,"Type":1,"Text":"<pd_text><p>Der Bundesrat schliesst sich bei Artikel 11 Ziffern 30bis und 30ter den \u00dcberlegungen und Argumenten der Minderheit Eder an.</p>\n</pd_text>","MeetingCouncilAbbreviation":"S","MeetingDate":"20120615","MeetingVerbalixOid":2216,"IdSession":"4904","SpeakerFirstName":"Eveline","SpeakerLastName":"Widmer-Schlumpf","SpeakerFullName":"Widmer-Schlumpf Eveline","SpeakerFunction":"BPR-F","CouncilId":99,"CouncilName":"Bundesrat","CantonId":18,"CantonName":"Graub\u00fcnden","CantonAbbreviation":"GR","ParlGroupName":null,"ParlGroupAbbreviation":null,"SortOrder":13,"Start":"\/Date(1339749213207)\/","End":"\/Date(1339749233190)\/","Function":"BPR-F","DisplaySpeaker":true,"LanguageOfText":"DE","Modified":"\/Date(1638456071223)\/","StartTimeWithTimezone":"\/Date(1339749213207+0120)\/","EndTimeWithTimezone":"\/Date(1339749233190+0120)\/","VoteBusinessNumber":null,"VoteBusinessShortNumber":null,"VoteBusinessTitle":null},{"__metadata":{"id":"https://ws.parlament.ch/OData.svc/Transcript(ID=148703L,Language='DE')","uri":"https://ws.parlament.ch/OData.svc/Transcript(ID=148703L,Language='DE')","type":"itsystems.Pd.DataServices.DataModel.Transcript"},"Subjects":{"__deferred":{"uri":"https://ws.parlament.ch/OData.svc/Transcript(ID=148703L,Language='DE')/Subjects"}},"MembersCouncil":{"__deferred":{"uri":"https://ws.parlament.ch/OData.svc/Transcript(ID=148703L,Language='DE')/MembersCouncil"}},"Businesses":{"__deferred":{"uri":"https://ws.parlament.ch/OData.svc/Transcript(ID=148703L,Language='DE')/Businesses"}},"ID":"148703","Language":"DE","IdSubject":"25257","VoteId":null,"PersonNumber":1256,"Type":1,"Text":"<pd_text><p><b>Bundesbeschluss \u00fcber die Legislaturplanung 2011-2015 </b></p>\n<p><b>Arr\u00eat\u00e9 f\u00e9d\u00e9ral sur le programme de la l\u00e9gislature 2011-2015 </b></p>\n<p>[VS]</p>\n<p><b>Pr\u00e4sident </b>(Altherr Hans, Pr\u00e4sident): Ich mache Sie einleitend darauf aufmerksam, dass wir bei deisem Gesch\u00e4ft ein spezielles Differenzbereinigungsverfahren haben: Wenn nach der ersten Beratung in jedem Rat Differenzen bestehen, wird bereits eine Einigungskonferenz eingesetzt. Die Einigungskonferenz stellt zu jeder Differenz einen Einigungsantrag. \u00dcber jeden Antrag wird gesondert entschieden. Wird ein Antrag in einem Rat abgelehnt, so gilt die betreffende Bestimmung als gestrichen.</p>\n</pd_text>","MeetingCouncilAbbreviation":"S","MeetingDate":"20120615","MeetingVerbalixOid":2216,"IdSession":"4904","SpeakerFirstName":"Hans","SpeakerLastName":"Altherr","SpeakerFullName":"Altherr Hans","SpeakerFunction":"P-M","CouncilId":2,"CouncilName":"St\u00e4nderat","CantonId":15,"CantonName":"Appenzell A.-Rh.","CantonAbbreviation":"AR","ParlGroupName":"FDP-Liberale Fraktion","ParlGroupAbbreviation":"RL","SortOrder":1,"Start":"\/Date(1339748504970)\/","End":"\/Date(1339748552323)\/","Function":"P-M","DisplaySpeaker":false,"LanguageOfText":null,"Modified":"\/Date(1638456071207)\/","StartTimeWithTimezone":"\/Date(1339748504970+0120)\/","EndTimeWithTimezone":"\/Date(1339748552323+0120)\/","VoteBusinessNumber":null,"VoteBusinessShortNumber":null,"VoteBusinessTitle":null},{"__metadata":{"id":"https://ws.parlament.ch/OData.svc/Transcript(ID=148704L,Language='DE')","uri":"https://ws.parlament.ch/OData.svc/Transcript(ID=148704L,Language='DE')","type":"itsystems.Pd.DataServices.DataModel.Transcript"},"Subjects":{"__deferred":{"uri":"https://ws.parlament.ch/OData.svc/Transcript(ID=148704L,Language='DE')/Subjects"}},"MembersCouncil":{"__deferred":{"uri":"https://ws.parlament.ch/OData.svc/Transcript(ID=148704L,Language='DE')/MembersCouncil"}},"Businesses":{"__deferred":{"uri":"https://ws.parlament.ch/OData.svc/Transcript(ID=148704L,Language='DE')/Businesses"}},"ID":"148704","Language":"DE","IdSubject":"25257","VoteId":null,"PersonNumber":1267,"Type":1,"Text":"<pd_text><p>Wir befinden uns sehr kurz vor dem Ziel der langen Beratung zur Legislaturplanung 2011-2015. Die Einigungskonferenz hatte insgesamt 25 Differenzen zwischen den beiden R\u00e4ten zu bereinigen. Zu jeder einzelnen Differenz wurde ein Antrag gestellt, \u00fcber den jetzt getrennt abzustimmen ist. Der Nationalrat hat das gestern getan. </p>\n<p>Die Antr\u00e4ge gestalten sich so, dass sich neunzehnmal der St\u00e4nderat und sechsmal der Nationalrat durchgesetzt hat. Vierzehnmal verlangte man eine R\u00fcckkehr zum Entwurf des Bundesrates. Der gr\u00f6sste Teil der bundesr\u00e4tlichen Vorschl\u00e4ge wurde auch in der Einigungskonferenz unterst\u00fctzt. Elfmal wurde dem Entwurf des Bundesrates eine zus\u00e4tzliche Ziffer beigef\u00fcgt. So weit die Statistik der Einigungskonferenz. </p>\n<p>Es sind noch vier Minderheitsantr\u00e4ge eingereicht worden, das entnehmen Sie der Fahne. Diese werden vielleicht noch erg\u00e4nzt durch Antr\u00e4ge der Frau Bundespr\u00e4sidentin; wir werden das h\u00f6ren. </p>\n<p>Gestern hat der Nationalrat getagt. Er hat s\u00e4mtliche Antr\u00e4ge der Einigungskonferenz angenommen und s\u00e4mtliche Vorschl\u00e4ge des Bundesrates doch recht eindeutig abgelehnt. </p>\n<p>Wir m\u00fcssen \u00fcber jeden Antrag einzeln abstimmen. Ich werde mich je nach Bedarf kurz \u00e4ussern. </p>\n</pd_text>","MeetingCouncilAbbreviation":"S","MeetingDate":"20120615","MeetingVerbalixOid":2216,"IdSession":"4904","SpeakerFirstName":"Hans","SpeakerLastName":"St\u00f6ckli","SpeakerFullName":"St\u00f6ckli Hans","SpeakerFunction":"Mit-M","CouncilId":2,"CouncilName":"St\u00e4nderat","CantonId":2,"CantonName":"Bern","CantonAbbreviation":"BE","ParlGroupName":"Sozialdemokratische Fraktion","ParlGroupAbbreviation":"S","SortOrder":2,"Start":"\/Date(1339748552323)\/","End":"\/Date(1339748648127)\/","Function":"*","DisplaySpeaker":true,"LanguageOfText":"DE","Modified":"\/Date(1638456071207)\/","StartTimeWithTimezone":"\/Date(1339748552323+0120)\/","EndTimeWithTimezone":"\/Date(1339748648127+0120)\/","VoteBusinessNumber":null,"VoteBusinessShortNumber":null,"VoteBusinessTitle":null},{"__metadata":{"id":"https://ws.parlament.ch/OData.svc/Transcript(ID=148705L,Language='DE')","uri":"https://ws.parlament.ch/OData.svc/Transcript(ID=148705L,Language='DE')","type":"itsystems.Pd.DataServices.DataModel.Transcript"},"Subjects":{"__deferred":{"uri":"https://ws.parlament.ch/OData.svc/Transcript(ID=148705L,Language='DE')/Subjects"}},"MembersCouncil":{"__deferred":{"uri":"https://ws.parlament.ch/OData.svc/Transcript(ID=148705L,Language='DE')/MembersCouncil"}},"Businesses":{"__deferred":{"uri":"https://ws.parlament.ch/OData.svc/Transcript(ID=148705L,Language='DE')/Businesses"}},"ID":"148705","Language":"DE","IdSubject":"25257","VoteId":null,"PersonNumber":1256,"Type":1,"Text":"<pd_text><p><b>Art. 3 Ziff. 4ter</b></p>\n<p><i>Antrag der Einigungskonferenz</i></p>\n<p>Zustimmung zum Beschluss des St\u00e4nderates</p>\n<p>[VS]</p>\n<p><b>Art. 3 ch. 4ter </b></p>\n<p><i>Proposition de la Conf\u00e9rence de conciliation</i></p>\n<p>Adh\u00e9rer \u00e0 la d\u00e9cision du Conseil des Etats</p>\n<p>[VS]</p>\n<p><b>Pr\u00e4sident </b>(Altherr Hans, Pr\u00e4sident): Der Bundesrat lehnt den Antrag der Einigungskonferenz ab.</p>\n</pd_text>","MeetingCouncilAbbreviation":"S","MeetingDate":"20120615","MeetingVerbalixOid":2216,"IdSession":"4904","SpeakerFirstName":"Hans","SpeakerLastName":"Altherr","SpeakerFullName":"Altherr Hans","SpeakerFunction":"P-M","CouncilId":2,"CouncilName":"St\u00e4nderat","CantonId":15,"CantonName":"Appenzell A.-Rh.","CantonAbbreviation":"AR","ParlGroupName":"FDP-Liberale Fraktion","ParlGroupAbbreviation":"RL","SortOrder":3,"Start":"\/Date(1339748648127)\/","End":"\/Date(1339748661377)\/","Function":"P-M","DisplaySpeaker":false,"LanguageOfText":null,"Modified":"\/Date(1638456071207)\/","StartTimeWithTimezone":"\/Date(1339748648127+0120)\/","EndTimeWithTimezone":"\/Date(1339748661377+0120)\/","VoteBusinessNumber":null,"VoteBusinessShortNumber":null,"VoteBusinessTitle":null},{"__metadata":{"id":"https://ws.parlament.ch/OData.svc/Transcript(ID=148706L,Language='DE')","uri":"https://ws.parlament.ch/OData.svc/Transcript(ID=148706L,Language='DE')","type":"itsystems.Pd.DataServices.DataModel.Transcript"},"Subjects":{"__deferred":{"uri":"https://ws.parlament.ch/OData.svc/Transcript(ID=148706L,Language='DE')/Subjects"}},"MembersCouncil":{"__deferred":{"uri":"https://ws.parlament.ch/OData.svc/Transcript(ID=148706L,Language='DE')/MembersCouncil"}},"Businesses":{"__deferred":{"uri":"https://ws.parlament.ch/OData.svc/Transcript(ID=148706L,Language='DE')/Businesses"}},"ID":"148706","Language":"DE","IdSubject":"25257","VoteId":null,"PersonNumber":1267,"Type":1,"Text":"<pd_text><p>Diese Bestimmung wurde vom Bundesrat noch bek\u00e4mpft. Es geht hier um die Industriepolitik und die Tourismusf\u00f6rderung; das ist die Version unseres Rates - wir hatten sie mit 28 zu 2 Stimmen angenommen.</p>\n<p>Ich darf festhalten, dass die Einigungskonferenz den Text unseres Rates einstimmig, mit 23 Stimmen, angenommen hat. Dementsprechend hat auch der Nationalrat diese Bestimmung mit 173 zu 0 Stimmen bei 1 Enthaltung angenommen. </p>\n<p>Ich bitte Sie also, dem Antrag der Einigungskonferenz zuzustimmen.</p>\n</pd_text>","MeetingCouncilAbbreviation":"S","MeetingDate":"20120615","MeetingVerbalixOid":2216,"IdSession":"4904","SpeakerFirstName":"Hans","SpeakerLastName":"St\u00f6ckli","SpeakerFullName":"St\u00f6ckli Hans","SpeakerFunction":"Mit-M","CouncilId":2,"CouncilName":"St\u00e4nderat","CantonId":2,"CantonName":"Bern","CantonAbbreviation":"BE","ParlGroupName":"Sozialdemokratische Fraktion","ParlGroupAbbreviation":"S","SortOrder":4,"Start":"\/Date(1339748661377)\/","End":"\/Date(1339748703960)\/","Function":"*","DisplaySpeaker":true,"LanguageOfText":"DE","Modified":"\/Date(1638456071207)\/","StartTimeWithTimezone":"\/Date(1339748661377+0120)\/","EndTimeWithTimezone":"\/Date(1339748703960+0120)\/","VoteBusinessNumber":null,"VoteBusinessShortNumber":null,"VoteBusinessTitle":null},{"__metadata":{"id":"https://ws.parlament.ch/OData.svc/Transcript(ID=148707L,Language='DE')","uri":"https://ws.parlament.ch/OData.svc/Transcript(ID=148707L,Language='DE')","type":"itsystems.Pd.DataServices.DataModel.Transcript"},"Subjects":{"__deferred":{"uri":"https://ws.parlament.ch/OData.svc/Transcript(ID=148707L,Language='DE')/Subjects"}},"MembersCouncil":{"__deferred":{"uri":"https://ws.parlament.ch/OData.svc/Transcript(ID=148707L,Language='DE')/MembersCouncil"}},"Businesses":{"__deferred":{"uri":"https://ws.parlament.ch/OData.svc/Transcript(ID=148707L,Language='DE')/Businesses"}},"ID":"148707","Language":"DE","IdSubject":"25257","VoteId":null,"PersonNumber":1256,"Type":1,"Text":"<pd_text><p><i>Abstimmung - Vote</i></p>\n<p>F\u00fcr den Antrag der Einigungskonferenz ... 41 Stimmen</p>\n<p>F\u00fcr den Antrag des Bundesrates ... 0 Stimmen</p>\n<p>[VS]</p>\n<p><b>Art. 4 Ziff. 7bis</b></p>\n<p><i>Antrag der Einigungskonferenz </i></p>\n<p>Zustimmung zum Beschluss des St\u00e4nderates</p>\n<p>[VS]</p>\n<p><b>Art. 4 ch. 7bis </b></p>\n<p><i>Proposition de la Conf\u00e9rence de conciliation</i></p>\n<p>Adh\u00e9rer \u00e0 la d\u00e9cision du Conseil des Etats</p>\n<p>[VS]</p>\n<p><i>Angenommen - Adopt\u00e9</i></p>\n<p>[VS]</p>\n<p><b>Art. 6 </b></p>\n<p><i>Antrag der Mehrheit </i></p>\n<p><i>Titel, Ziff. 10bis, 11bis </i></p>\n<p>Zustimmung zum Beschluss des St\u00e4nderates </p>\n<p><i>Ziff. 11ter </i></p>\n<p>Zustimmung zum Beschluss des Nationalrates </p>\n<p>[VS]</p>\n<p><i>Antrag der Minderheit </i></p>\n<p>(Aeschi Thomas, Blocher, Fl\u00fcckiger Sylvia, M\u00fcri) </p>\n<p><i>Ziff. 11ter </i></p>\n<p>Ablehnung des Antrages der Einigungskonferenz </p>\n<p>[VS]</p>\n<p><b>Art. 6</b></p>\n<p><i>Proposition de la majorit\u00e9 </i></p>\n<p><i>Titre, ch. 10bis, 11bis</i></p>\n<p>Adh\u00e9rer \u00e0 la d\u00e9cision du Conseil des Etats </p>\n<p><i>Ch. 11ter </i></p>\n<p>Adh\u00e9rer \u00e0 la d\u00e9cision du Conseil national </p>\n<p>[VS]</p>\n<p><i>Proposition de la minorit\u00e9</i></p>\n<p>(Aeschi Thomas, Blocher, Fl\u00fcckiger Sylvia, M\u00fcri) </p>\n<p><i>Ch. 11ter </i></p>\n<p>Rejeter la proposition de la Conf\u00e9rence de conciliation </p>\n</pd_text>","MeetingCouncilAbbreviation":"S","MeetingDate":"20120615","MeetingVerbalixOid":2216,"IdSession":"4904","SpeakerFirstName":"Hans","SpeakerLastName":"Altherr","SpeakerFullName":"Altherr Hans","SpeakerFunction":"P-M","CouncilId":2,"CouncilName":"St\u00e4nderat","CantonId":15,"CantonName":"Appenzell A.-Rh.","CantonAbbreviation":"AR","ParlGroupName":"FDP-Liberale Fraktion","ParlGroupAbbreviation":"RL","SortOrder":5,"Start":"\/Date(1339748703960)\/","End":"\/Date(1339748764953)\/","Function":"P-M","DisplaySpeaker":false,"LanguageOfText":null,"Modified":"\/Date(1638456071207)\/","StartTimeWithTimezone":"\/Date(1339748703960+0120)\/","EndTimeWithTimezone":"\/Date(1339748764953+0120)\/","VoteBusinessNumber":null,"VoteBusinessShortNumber":null,"VoteBusinessTitle":null},{"__metadata":{"id":"https://ws.parlament.ch/OData.svc/Transcript(ID=148708L,Language='DE')","uri":"https://ws.parlament.ch/OData.svc/Transcript(ID=148708L,Language='DE')","type":"itsystems.Pd.DataServices.DataModel.Transcript"},"Subjects":{"__deferred":{"uri":"https://ws.parlament.ch/OData.svc/Transcript(ID=148708L,Language='DE')/Subjects"}},"MembersCouncil":{"__deferred":{"uri":"https://ws.parlament.ch/OData.svc/Transcript(ID=148708L,Language='DE')/MembersCouncil"}},"Businesses":{"__deferred":{"uri":"https://ws.parlament.ch/OData.svc/Transcript(ID=148708L,Language='DE')/Businesses"}},"ID":"148708","Language":"DE","IdSubject":"25257","VoteId":null,"PersonNumber":1267,"Type":1,"Text":"<pd_text><p>Hier gibt es eine Minderheit mit einem Antrag zu Ziffer 11ter. Die Minderheit verlangt, den Antrag der Einigungskonferenz abzulehnen. Es geht um die St\u00e4rkung des Standortes Schweiz und der Institutionen. Im St\u00e4nderat hatten wir diese Ziffer damals mit 17 zu 2 Stimmen gestrichen. In der Einigungskonferenz hat sich mit 11 zu 10 Stimmen bei 2 Enthaltungen der Beschluss des Nationalrates durchgesetzt. Im Nationalrat wurde diesem Antrag mit 123 zu 47 Stimmen zugestimmt. Wir m\u00fcssen entscheiden, ob wir an unserem Beschluss festhalten oder ob wir uns dem Antrag der Einigungskonferenz anschliessen wollen.</p>\n</pd_text>","MeetingCouncilAbbreviation":"S","MeetingDate":"20120615","MeetingVerbalixOid":2216,"IdSession":"4904","SpeakerFirstName":"Hans","SpeakerLastName":"St\u00f6ckli","SpeakerFullName":"St\u00f6ckli Hans","SpeakerFunction":"Mit-M","CouncilId":2,"CouncilName":"St\u00e4nderat","CantonId":2,"CantonName":"Bern","CantonAbbreviation":"BE","ParlGroupName":"Sozialdemokratische Fraktion","ParlGroupAbbreviation":"S","SortOrder":6,"Start":"\/Date(1339748764953)\/","End":"\/Date(1339748825227)\/","Function":"*","DisplaySpeaker":true,"LanguageOfText":"DE","Modified":"\/Date(1638456071223)\/","StartTimeWithTimezone":"\/Date(1339748764953+0120)\/","EndTimeWithTimezone":"\/Date(1339748825227+0120)\/","VoteBusinessNumber":null,"VoteBusinessShortNumber":null,"VoteBusinessTitle":null},{"__metadata":{"id":"https://ws.parlament.ch/OData.svc/Transcript(ID=148709L,Language='DE')","uri":"https://ws.parlament.ch/OData.svc/Transcript(ID=148709L,Language='DE')","type":"itsystems.Pd.DataServices.DataModel.Transcript"},"Subjects":{"__deferred":{"uri":"https://ws.parlament.ch/OData.svc/Transcript(ID=148709L,Language='DE')/Subjects"}},"MembersCouncil":{"__deferred":{"uri":"https://ws.parlament.ch/OData.svc/Transcript(ID=148709L,Language='DE')/MembersCouncil"}},"Businesses":{"__deferred":{"uri":"https://ws.parlament.ch/OData.svc/Transcript(ID=148709L,Language='DE')/Businesses"}},"ID":"148709","Language":"DE","IdSubject":"25257","VoteId":null,"PersonNumber":3934,"Type":1,"Text":"<pd_text><p>Ich m\u00f6chte Sie bitten, bei Ihrem urspr\u00fcnglichen Entscheid zu bleiben. Sie haben im Zusammenhang mit der Regierungsreform in Ihrem Rat ja bereits entschieden, dass vermehrt [PAGE 635] Staatssekret\u00e4re eingesetzt werden sollen und dass die Bundeskanzlei verst\u00e4rkt werden soll. Alles, was hier gefordert werden k\u00f6nnte, haben Sie bereits entschieden. Wir sind unterwegs. Weitere Vorschl\u00e4ge braucht es nicht, sie w\u00e4ren nicht zielf\u00fchrend.</p>\n<p>Ich bitte Sie daher, bei Ihrem ersten Entscheid zu bleiben.</p>\n</pd_text>","MeetingCouncilAbbreviation":"S","MeetingDate":"20120615","MeetingVerbalixOid":2216,"IdSession":"4904","SpeakerFirstName":"Eveline","SpeakerLastName":"Widmer-Schlumpf","SpeakerFullName":"Widmer-Schlumpf Eveline","SpeakerFunction":"BPR-F","CouncilId":99,"CouncilName":"Bundesrat","CantonId":18,"CantonName":"Graub\u00fcnden","CantonAbbreviation":"GR","ParlGroupName":null,"ParlGroupAbbreviation":null,"SortOrder":7,"Start":"\/Date(1339748860863)\/","End":"\/Date(1339748896823)\/","Function":"BPR-F","DisplaySpeaker":true,"LanguageOfText":"DE","Modified":"\/Date(1638456071223)\/","StartTimeWithTimezone":"\/Date(1339748860863+0120)\/","EndTimeWithTimezone":"\/Date(1339748896823+0120)\/","VoteBusinessNumber":null,"VoteBusinessShortNumber":null,"VoteBusinessTitle":null},{"__metadata":{"id":"https://ws.parlament.ch/OData.svc/Transcript(ID=148710L,Language='DE')","uri":"https://ws.parlament.ch/OData.svc/Transcript(ID=148710L,Language='DE')","type":"itsystems.Pd.DataServices.DataModel.Transcript"},"Subjects":{"__deferred":{"uri":"https://ws.parlament.ch/OData.svc/Transcript(ID=148710L,Language='DE')/Subjects"}},"MembersCouncil":{"__deferred":{"uri":"https://ws.parlament.ch/OData.svc/Transcript(ID=148710L,Language='DE')/MembersCouncil"}},"Businesses":{"__deferred":{"uri":"https://ws.parlament.ch/OData.svc/Transcript(ID=148710L,Language='DE')/Businesses"}},"ID":"148710","Language":"DE","IdSubject":"25257","VoteId":null,"PersonNumber":1256,"Type":1,"Text":"<pd_text><p><i>Abstimmung - Vote</i></p>\n<p>F\u00fcr den Antrag der Mehrheit ... 23 Stimmen</p>\n<p>F\u00fcr den Antrag der Minderheit ... 15 Stimmen</p>\n<p>[VS]</p>\n<p><b>Art. 7 Ziff. 13, 14bis </b></p>\n<p><i>Antrag der Einigungskonferenz </i></p>\n<p>Zustimmung zum Beschluss des St\u00e4nderates </p>\n<p>[VS]</p>\n<p><b>Art. 7 ch. 13, 14bis </b></p>\n<p><i>Proposition de la Conf\u00e9rence de conciliation </i></p>\n<p>Adh\u00e9rer \u00e0 la d\u00e9cision du Conseil des Etats </p>\n<p>[VS]</p>\n<p><i>Angenommen - Adopt\u00e9</i></p>\n<p>[VS]</p>\n<p><b>Art. 9 </b></p>\n<p><i>Antrag der Mehrheit </i></p>\n<p><i>Ziff. 23bis </i></p>\n<p>Zustimmung zum Beschluss des St\u00e4nderates </p>\n<p><i>Ziff. 23ter </i></p>\n<p>Zustimmung zum Beschluss des Nationalrates </p>\n<p>[VS]</p>\n<p><i>Antrag der Minderheit</i></p>\n<p>(Aeschi Thomas, Blocher, Fl\u00fcckiger Sylvia, M\u00fcri) </p>\n<p><i>Ziff. 23ter</i></p>\n<p>Ablehnung des Antrages der Einigungskonferenz </p>\n<p>[VS]</p>\n<p><b>Art. 9</b></p>\n<p><i>Proposition de la majorit\u00e9 </i></p>\n<p><i>Ch. 23bis </i></p>\n<p>Adh\u00e9rer \u00e0 la d\u00e9cision du Conseil des Etats </p>\n<p><i>Ch. 23ter </i></p>\n<p>Adh\u00e9rer \u00e0 la d\u00e9cision du Conseil national </p>\n<p>[VS]</p>\n<p><i>Proposition de la minorit\u00e9</i></p>\n<p>(Aeschi Thomas, Blocher, Fl\u00fcckiger Sylvia, M\u00fcri) </p>\n<p><i>Ch. 23ter </i></p>\n<p>Rejeter la proposition de la Conf\u00e9rence de conciliation</p>\n</pd_text>","MeetingCouncilAbbreviation":"S","MeetingDate":"20120615","MeetingVerbalixOid":2216,"IdSession":"4904","SpeakerFirstName":"Hans","SpeakerLastName":"Altherr","SpeakerFullName":"Altherr Hans","SpeakerFunction":"P-M","CouncilId":2,"CouncilName":"St\u00e4nderat","CantonId":15,"CantonName":"Appenzell A.-Rh.","CantonAbbreviation":"AR","ParlGroupName":"FDP-Liberale Fraktion","ParlGroupAbbreviation":"RL","SortOrder":8,"Start":"\/Date(1339748896823)\/","End":"\/Date(1339748972923)\/","Function":"P-M","DisplaySpeaker":false,"LanguageOfText":null,"Modified":"\/Date(1638456071223)\/","StartTimeWithTimezone":"\/Date(1339748896823+0120)\/","EndTimeWithTimezone":"\/Date(1339748972923+0120)\/","VoteBusinessNumber":null,"VoteBusinessShortNumber":null,"VoteBusinessTitle":null},{"__metadata":{"id":"https://ws.parlament.ch/OData.svc/Transcript(ID=148711L,Language='DE')","uri":"https://ws.parlament.ch/OData.svc/Transcript(ID=148711L,Language='DE')","type":"itsystems.Pd.DataServices.DataModel.Transcript"},"Subjects":{"__deferred":{"uri":"https://ws.parlament.ch/OData.svc/Transcript(ID=148711L,Language='DE')/Subjects"}},"MembersCouncil":{"__deferred":{"uri":"https://ws.parlament.ch/OData.svc/Transcript(ID=148711L,Language='DE')/MembersCouncil"}},"Businesses":{"__deferred":{"uri":"https://ws.parlament.ch/OData.svc/Transcript(ID=148711L,Language='DE')/Businesses"}},"ID":"148711","Language":"DE","IdSubject":"25257","VoteId":null,"PersonNumber":1267,"Type":1,"Text":"<pd_text><p>In Ziffer 23ter geht es um die Leitlinie 2, um die Position der Schweiz im internationalen Kontext. Diese Ziffer war vom Nationalrat neu aufgenommen worden, und wir hatten sie im St\u00e4nderat mit 22 zu 11 Stimmen wieder gestrichen. In der Einigungskonferenz ist man nun mit 11 zu 10 Stimmen dem Nationalrat gefolgt. Damit soll die \"strategische Personalpolitik zur St\u00e4rkung der Schweiz in internationalen Organisationen\" als Massnahme aufgenommen werden. Der Nationalrat hat diese Massnahme gestern mit 127 zu 42 Stimmen best\u00e4tigt. Wir m\u00fcssen also entscheiden: Bleiben wir bei unserer Haltung, oder schliessen wir uns dem Nationalrat an?</p>\n</pd_text>","MeetingCouncilAbbreviation":"S","MeetingDate":"20120615","MeetingVerbalixOid":2216,"IdSession":"4904","SpeakerFirstName":"Hans","SpeakerLastName":"St\u00f6ckli","SpeakerFullName":"St\u00f6ckli Hans","SpeakerFunction":"Mit-M","CouncilId":2,"CouncilName":"St\u00e4nderat","CantonId":2,"CantonName":"Bern","CantonAbbreviation":"BE","ParlGroupName":"Sozialdemokratische Fraktion","ParlGroupAbbreviation":"S","SortOrder":9,"Start":"\/Date(1339748972923)\/","End":"\/Date(1339749016413)\/","Function":"*","DisplaySpeaker":true,"LanguageOfText":"DE","Modified":"\/Date(1638456071223)\/","StartTimeWithTimezone":"\/Date(1339748972923+0120)\/","EndTimeWithTimezone":"\/Date(1339749016413+0120)\/","VoteBusinessNumber":null,"VoteBusinessShortNumber":null,"VoteBusinessTitle":null},{"__metadata":{"id":"https://ws.parlament.ch/OData.svc/Transcript(ID=148712L,Language='DE')","uri":"https://ws.parlament.ch/OData.svc/Transcript(ID=148712L,Language='DE')","type":"itsystems.Pd.DataServices.DataModel.Transcript"},"Subjects":{"__deferred":{"uri":"https://ws.parlament.ch/OData.svc/Transcript(ID=148712L,Language='DE')/Subjects"}},"MembersCouncil":{"__deferred":{"uri":"https://ws.parlament.ch/OData.svc/Transcript(ID=148712L,Language='DE')/MembersCouncil"}},"Businesses":{"__deferred":{"uri":"https://ws.parlament.ch/OData.svc/Transcript(ID=148712L,Language='DE')/Businesses"}},"ID":"148712","Language":"DE","IdSubject":"25257","VoteId":null,"PersonNumber":1256,"Type":1,"Text":"<pd_text><p><i>Abstimmung - Vote</i></p>\n<p>F\u00fcr den Antrag der Minderheit ... 21 Stimmen</p>\n<p>F\u00fcr den Antrag der Mehrheit ... 17 Stimmen</p>\n<p>[VS]</p>\n<p><i>\u00dcbrige Bestimmungen angenommen</i></p>\n<p><i>Les autres dispositions sont adopt\u00e9es</i></p>\n<p>[VS]</p>\n<p><b>Art. 11 Ziff. 30bis, 30ter </b></p>\n<p><i>Antrag der Mehrheit </i></p>\n<p>Zustimmung zum Beschluss des Nationalrates </p>\n<p>[VS]</p>\n<p><i>Antrag der Minderheit</i></p>\n<p>(Eder, Aeschi Thomas, Bischofberger, Blocher, Fl\u00fcckiger Sylvia, Imoberdorf, M\u00fcri) </p>\n<p>Ablehnung des Antrages der Einigungskonferenz </p>\n<p>[VS]</p>\n<p><b>Art. 11 ch. 30bis, 30ter</b></p>\n<p><i>Proposition de la majorit\u00e9 </i></p>\n<p>Adh\u00e9rer \u00e0 la d\u00e9cision du Conseil national </p>\n<p>[VS]</p>\n<p><i>Proposition de la minorit\u00e9</i></p>\n<p>(Eder, Aeschi Thomas, Bischofberger, Blocher, Fl\u00fcckiger Sylvia, Imoberdorf, M\u00fcri)</p>\n<p>Rejeter la proposition de la Conf\u00e9rence de conciliation </p>\n</pd_text>","MeetingCouncilAbbreviation":"S","MeetingDate":"20120615","MeetingVerbalixOid":2216,"IdSession":"4904","SpeakerFirstName":"Hans","SpeakerLastName":"Altherr","SpeakerFullName":"Altherr Hans","SpeakerFunction":"P-M","CouncilId":2,"CouncilName":"St\u00e4nderat","CantonId":15,"CantonName":"Appenzell A.-Rh.","CantonAbbreviation":"AR","ParlGroupName":"FDP-Liberale Fraktion","ParlGroupAbbreviation":"RL","SortOrder":10,"Start":"\/Date(1339749016413)\/","End":"\/Date(1339749081713)\/","Function":"P-M","DisplaySpeaker":false,"LanguageOfText":null,"Modified":"\/Date(1638456071223)\/","StartTimeWithTimezone":"\/Date(1339749016413+0120)\/","EndTimeWithTimezone":"\/Date(1339749081713+0120)\/","VoteBusinessNumber":null,"VoteBusinessShortNumber":null,"VoteBusinessTitle":null},{"__metadata":{"id":"https://ws.parlament.ch/OData.svc/Transcript(ID=148713L,Language='DE')","uri":"https://ws.parlament.ch/OData.svc/Transcript(ID=148713L,Language='DE')","type":"itsystems.Pd.DataServices.DataModel.Transcript"},"Subjects":{"__deferred":{"uri":"https://ws.parlament.ch/OData.svc/Transcript(ID=148713L,Language='DE')/Subjects"}},"MembersCouncil":{"__deferred":{"uri":"https://ws.parlament.ch/OData.svc/Transcript(ID=148713L,Language='DE')/MembersCouncil"}},"Businesses":{"__deferred":{"uri":"https://ws.parlament.ch/OData.svc/Transcript(ID=148713L,Language='DE')/Businesses"}},"ID":"148713","Language":"DE","IdSubject":"25257","VoteId":null,"PersonNumber":1267,"Type":1,"Text":"<pd_text><p>Es geht hier um eine neue Massnahme des Nationalrates, welcher den Bundesrat verpflichten will, sich im Rahmen der WTO f\u00fcr entsprechende handelsrechtliche Regelungen im sozialen und \u00f6kologischen Bereich zu engagieren. Wir hatten damals mit 24 zu 13 Stimmen beschlossen, diese Massnahme zu streichen. Die Einigungskonferenz hat diese Bestimmung wieder aufgenommen und ihr mit 12 zu 10 Stimmen zugestimmt. Der Nationalrat hat dem Antrag der Einigungskonferenz mit 94 zu 77 zugestimmt. </p>\n<p>Bleibt nun zu entscheiden, ob wir bei der alten Fassung bleiben oder uns der Einigungskonferenz anschliessen wollen.</p>\n</pd_text>","MeetingCouncilAbbreviation":"S","MeetingDate":"20120615","MeetingVerbalixOid":2216,"IdSession":"4904","SpeakerFirstName":"Hans","SpeakerLastName":"St\u00f6ckli","SpeakerFullName":"St\u00f6ckli Hans","SpeakerFunction":"Mit-M","CouncilId":2,"CouncilName":"St\u00e4nderat","CantonId":2,"CantonName":"Bern","CantonAbbreviation":"BE","ParlGroupName":"Sozialdemokratische Fraktion","ParlGroupAbbreviation":"S","SortOrder":11,"Start":"\/Date(1339749081713)\/","End":"\/Date(1339749118513)\/","Function":"*","DisplaySpeaker":true,"LanguageOfText":"DE","Modified":"\/Date(1638456071223)\/","StartTimeWithTimezone":"\/Date(1339749081713+0120)\/","EndTimeWithTimezone":"\/Date(1339749118513+0120)\/","VoteBusinessNumber":null,"VoteBusinessShortNumber":null,"VoteBusinessTitle":null},{"__metadata":{"id":"https://ws.parlament.ch/OData.svc/Transcript(ID=148714L,Language='DE')","uri":"https://ws.parlament.ch/OData.svc/Transcript(ID=148714L,Language='DE')","type":"itsystems.Pd.DataServices.DataModel.Transcript"},"Subjects":{"__deferred":{"uri":"https://ws.parlament.ch/OData.svc/Transcript(ID=148714L,Language='DE')/Subjects"}},"MembersCouncil":{"__deferred":{"uri":"https://ws.parlament.ch/OData.svc/Transcript(ID=148714L,Language='DE')/MembersCouncil"}},"Businesses":{"__deferred":{"uri":"https://ws.parlament.ch/OData.svc/Transcript(ID=148714L,Language='DE')/Businesses"}},"ID":"148714","Language":"DE","IdSubject":"25257","VoteId":null,"PersonNumber":4064,"Type":1,"Text":"<pd_text><p>Die beiden zur Diskussion stehenden Ziffern 30bis und 30ter von Artikel 11, bei denen ich zusammen mit den Kollegen Ivo Bischofberger und Ren\u00e9 Imoberdorf einen Minderheitsantrag stelle, erhielten in der Einigungskonferenz nur eine ganz knappe Mehrheit. Die Minderheit ist der \u00dcberzeugung, dass wir mit gutem Grund am seinerzeitigen Beschluss des St\u00e4nderates festhalten und diese Ziffern wieder streichen sollten. Beide Ziffern sind rein deklaratorischer Natur und enthalten zum Teil auch - Sie gestatten den Ausdruck - ein bisschen Moralin, und so etwas geh\u00f6rt nach Ansicht der Minderheit nicht in diese Vorlage.</p>\n<p>In Bezug auf Ziffer 30bis ist zu sagen, dass soziale Kriterien bereits im internationalen Arbeitsrecht abgedeckt sind. Zudem ist eine Vermischung von handels- und sozialpolitischen Zielen nicht ad\u00e4quat. Bundespr\u00e4sidentin Eveline Widmer-Schlumpf betonte in der Sitzung unserer Kommission, sie sehe gar nicht, wie dieses Ziel erreicht werden k\u00f6nne, abgesehen davon, dass solche Ziele in dieser Form in Verhandlungen nicht umsetzbar seien. </p>\n<p>Ich bitte Sie deshalb, dem Antrag der Minderheit zuzustimmen und damit auch am seinerzeitigen Streichungsbeschluss unseres eigenen Rates festzuhalten. </p>\n</pd_text>","MeetingCouncilAbbreviation":"S","MeetingDate":"20120615","MeetingVerbalixOid":2216,"IdSession":"4904","SpeakerFirstName":"Joachim","SpeakerLastName":"Eder","SpeakerFullName":"Eder Joachim","SpeakerFunction":"Mit-M","CouncilId":2,"CouncilName":"St\u00e4nderat","CantonId":9,"CantonName":"Zug","CantonAbbreviation":"ZG","ParlGroupName":"FDP-Liberale Fraktion","ParlGroupAbbreviation":"RL","SortOrder":12,"Start":"\/Date(1339749118513)\/","End":"\/Date(1339749213207)\/","Function":"Mit-M","DisplaySpeaker":true,"LanguageOfText":"DE","Modified":"\/Date(1638456071223)\/","StartTimeWithTimezone":"\/Date(1339749118513+0120)\/","EndTimeWithTimezone":"\/Date(1339749213207+0120)\/","VoteBusinessNumber":null,"VoteBusinessShortNumber":null,"VoteBusinessTitle":null}]},"ID":"25257","Language":"DE","IdMeeting":"1642","VerbalixOid":385578,"SortOrder":1,"Modified":"\/Date(1447070310743)\/"}}