{"d":{"__metadata":{"id":"https://ws.parlament.ch/OData.svc/Subject(ID=25258L,Language='DE')","uri":"https://ws.parlament.ch/OData.svc/Subject(ID=25258L,Language='DE')","type":"itsystems.Pd.DataServices.DataModel.Subject"},"Meetings":{"__metadata":{"id":"https://ws.parlament.ch/OData.svc/Meeting(ID=1642L,Language='DE')","uri":"https://ws.parlament.ch/OData.svc/Meeting(ID=1642L,Language='DE')","type":"itsystems.Pd.DataServices.DataModel.Meeting"},"Sessions":{"__deferred":{"uri":"https://ws.parlament.ch/OData.svc/Meeting(ID=1642L,Language='DE')/Sessions"}},"Subjects":{"__deferred":{"uri":"https://ws.parlament.ch/OData.svc/Meeting(ID=1642L,Language='DE')/Subjects"}},"ID":"1642","Language":"DE","MeetingNumber":15,"IdSession":4904,"SessionNumber":4,"SessionName":"Sommersession 2012","Council":2,"CouncilName":"St\u00e4nderat","CouncilAbbreviation":"SR","Date":"\/Date(1339718400000)\/","Begin":"0820","Modified":"\/Date(1447070310693)\/","LegislativePeriodNumber":49,"PublicationStatus":"final","MeetingOrderText":"F\u00fcnfzehnte Sitzung","SortOrder":15,"Location":"S"},"SubjectsBusiness":{"results":[{"__metadata":{"id":"https://ws.parlament.ch/OData.svc/SubjectBusiness(BusinessNumber=20110468,IdSubject=25258L,Language='DE')","uri":"https://ws.parlament.ch/OData.svc/SubjectBusiness(BusinessNumber=20110468,IdSubject=25258L,Language='DE')","type":"itsystems.Pd.DataServices.DataModel.SubjectBusiness"},"Subjects":{"__deferred":{"uri":"https://ws.parlament.ch/OData.svc/SubjectBusiness(BusinessNumber=20110468,IdSubject=25258L,Language='DE')/Subjects"}},"Businesses":{"__deferred":{"uri":"https://ws.parlament.ch/OData.svc/SubjectBusiness(BusinessNumber=20110468,IdSubject=25258L,Language='DE')/Businesses"}},"IdSubject":"25258","BusinessNumber":20110468,"Language":"DE","BusinessShortNumber":"11.468","Title":"Teuerungsausgleich f\u00fcr die Einkommen und Vorsorge der Ratsmitglieder","SortOrder":1,"PublishedNotes":"Schlussabstimmung - Vote final\n","Modified":"\/Date(1447069495243)\/","TitleDE":"Parlamentarische Initiative\nB\u00fcro-SR.\nTeuerungsausgleich\nf\u00fcr die\nEinkommen\nund Vorsorge\nder Ratsmitglieder","TitleFR":"Initiative parlementaire\nBureau-CE.\nCompensation du rench\u00e9rissement\npour les indemnit\u00e9s\nallou\u00e9es aux parlementaires\net pour la pr\u00e9voyance professionnelle\ndes parlementaires","TitleIT":null}]},"Transcripts":{"results":[{"__metadata":{"id":"https://ws.parlament.ch/OData.svc/Transcript(ID=148715L,Language='DE')","uri":"https://ws.parlament.ch/OData.svc/Transcript(ID=148715L,Language='DE')","type":"itsystems.Pd.DataServices.DataModel.Transcript"},"Subjects":{"__deferred":{"uri":"https://ws.parlament.ch/OData.svc/Transcript(ID=148715L,Language='DE')/Subjects"}},"MembersCouncil":{"__deferred":{"uri":"https://ws.parlament.ch/OData.svc/Transcript(ID=148715L,Language='DE')/MembersCouncil"}},"Businesses":{"__deferred":{"uri":"https://ws.parlament.ch/OData.svc/Transcript(ID=148715L,Language='DE')/Businesses"}},"ID":"148715","Language":"DE","IdSubject":"25258","VoteId":null,"PersonNumber":1256,"Type":1,"Text":"<pd_text><p><b>1. Verordnung der Bundesversammlung \u00fcber den Teuerungsausgleich f\u00fcr die Einkommen und Entsch\u00e4digungen der Ratsmitglieder </b></p>\n<p><b>1. Ordonnance de l'Assembl\u00e9e f\u00e9d\u00e9rale sur la compensation du rench\u00e9rissement pour les indemnit\u00e9s et les d\u00e9fraiements allou\u00e9s aux parlementaires </b></p>\n<p>[VS]</p>\n<p><i>Abstimmung - Vote</i></p>\n<p>F\u00fcr Annahme des Entwurfes ... 36 Stimmen </p>\n<p>Dagegen ... 2 Stimmen</p>\n<p> (3 Enthaltungen)</p>\n</pd_text>","MeetingCouncilAbbreviation":"S","MeetingDate":"20120615","MeetingVerbalixOid":2216,"IdSession":"4904","SpeakerFirstName":"Hans","SpeakerLastName":"Altherr","SpeakerFullName":"Altherr Hans","SpeakerFunction":"P-M","CouncilId":2,"CouncilName":"St\u00e4nderat","CantonId":15,"CantonName":"Appenzell A.-Rh.","CantonAbbreviation":"AR","ParlGroupName":"FDP-Liberale Fraktion","ParlGroupAbbreviation":"RL","SortOrder":1,"Start":"\/Date(1339750614490)\/","End":"\/Date(1339750659597)\/","Function":"P-M","DisplaySpeaker":false,"LanguageOfText":null,"Modified":"\/Date(1638456071283)\/","StartTimeWithTimezone":"\/Date(1339750614490+0120)\/","EndTimeWithTimezone":"\/Date(1339750659597+0120)\/","VoteBusinessNumber":null,"VoteBusinessShortNumber":null,"VoteBusinessTitle":null}]},"ID":"25258","Language":"DE","IdMeeting":"1642","VerbalixOid":385736,"SortOrder":19,"Modified":"\/Date(1638456071270)\/"}}